{"id":253016,"date":"2025-11-24T11:00:12","date_gmt":"2025-11-24T11:00:12","guid":{"rendered":"https:\/\/www.europesays.com\/es\/253016\/"},"modified":"2025-11-24T11:00:12","modified_gmt":"2025-11-24T11:00:12","slug":"el-madrid-volvio-a-centrar-los-focos-de-la-polemica-con-el-discutido-empate-de-bellingham","status":"publish","type":"post","link":"https:\/\/www.europesays.com\/es\/253016\/","title":{"rendered":"El Madrid volvi\u00f3 a centrar los focos de la pol\u00e9mica con el discutido empate de Bellingham"},"content":{"rendered":"<p style=\"\">Una jornada m\u00e1s la pol\u00e9mica del fin de semana se centra en el partido del Real Madrid, que opac\u00f3 las controvertidas del resto de encuentros. La jugada m\u00e1s determinante en el choque de los de Xabi Alonso en Elche es la del 2-2. <\/p>\n<p style=\"\">Decir  &#8230; si es falta o no de Vin\u00edcius a I\u00f1aki Pe\u00f1a es la clave. El contacto es evidente porque hay sangre. Esto y que el impacto se produce en la cabeza y al portero, para m\u00ed son circunstancias suficientes como para no dar validez al gol. Sea o no de forma accidental, en cualquier momento que se produzca se debe detener el juego. Es verdad que no da tiempo, por la inmediatez del tanto, pero el VAR tuvo tiempo de valorar lo acontecido y avisar al compa\u00f1ero de campo. <\/p>\n<p class=\"voc-p\" style=\"\">Espero que esta jugada sea elegida por el Comit\u00e9 T\u00e9cnico de \u00c1rbitros y nos den una explicaci\u00f3n.<\/p>\n<p>\nAlav\u00e9s &#8211; Celta\n<\/p>\n<p class=\"voc-p\" style=\"\"><strong>Minuto 53:<\/strong> Pase filtrado sobre Iago Aspas dentro del \u00e1rea del Alav\u00e9s. Sale el portero y al intentar quitarle el bal\u00f3n con las manos derriba al delantero gallego con el cuerpo. El colegiado no duda y sanciona el penalti de forma acertada.<\/p>\n<p>\nBarcelona &#8211; Athletic Club\n<\/p>\n<p class=\"voc-p\" style=\"\"><strong>Minuto 52:<\/strong> Patada de Sancet a Ferm\u00edn. S\u00e1nchez Mart\u00ednez le amonesta al considerar que es una zancadilla temeraria y se equivoca. Pero el VAR le llama y cambia su decisi\u00f3n, mostrando al jugador del conjunto vasco la roja. Es juego brusco-grave ya que golpea por detr\u00e1s al rival propin\u00e1ndole una patada. Aunque el bal\u00f3n est\u00e1 en disputa en realidad no hace por jugarlo.<\/p>\n<p>\nOsasuna &#8211; Real Sociedad\n<\/p>\n<p class=\"voc-p\" style=\"\"><strong>Minuto 87:<\/strong> Roja directa a Arguibide por entrada sobre Sergio Gomez. Error, porque la entrada es fuerte y temeraria pero no va con los tacos por delante. Llega tarde e impacta con la rodilla. Creo que debi\u00f3 intervenir el VAR para ayudar al \u00e1rbitro principal.<\/p>\n<p>\nVillarreal &#8211; Mallorca\n<\/p>\n<p class=\"voc-p\" style=\"\"><strong>Minuto 75:<\/strong> Se se\u00f1ala penal a favor del Villarreal por derribo de Raillo a Gueye. Falla el colegiado. Raillo se tira al suelo, da al bal\u00f3n y luego el jugador del Villarreal, que llega con mucha velocidad, cae. As\u00ed lo ven en la sala VOR, avisan al colegiado, que revisa la acci\u00f3n, y anula el penalti.<\/p>\n<p>\nOviedo &#8211; Rayo Vallecano\n<\/p>\n<p class=\"voc-p\" style=\"\"><strong>Minuto 52:<\/strong> Roja directa a Chaira por entrada dura sobre Isi. Correcto. El jugador local va demasiado fuerte con los tacos al tobillo, llega tarde y tambi\u00e9n golpea al franjirrojo con la otra pierna haciendo una especie de tijera.<\/p>\n<p class=\"voc-p\" style=\"\"><strong>Minuto 65:<\/strong> Penalti sancionado por derribo de Agudin sobre De Frutos. Acierta el colegiado pues el jugador del Oviedo derriba al visitante por detr\u00e1s. No hay ninguna duda. Se lanza la pena m\u00e1xima, la para el portero y se revisa por entrada indebida. El jugador del Oviedo que despeja el bal\u00f3n tras la parada del portero entra en el \u00e1rea antes del lanzamiento, pero lo hace por empuj\u00f3n de un adversario. Por eso no se repite y se sanciona falta a favor del cuadro local.<\/p>\n<p class=\"voc-p\" style=\"\"><strong>Minuto 90:<\/strong> Expulsi\u00f3n de Pathe Ciss por golpear con el codo en el cuello de un adversario. Es verdad que le pone el brazo en esa zona y le empuja, pero no hay golpe. Exageraci\u00f3n del adversario, como casi siempre, que lleva al error al \u00e1rbitro.<\/p>\n<p>\nElche &#8211; Real Madrid\n<\/p>\n<p class=\"voc-p\" style=\"\"><strong>Minuto 78:<\/strong> Remate de cabeza de Bellingham y el bal\u00f3n le da posteriormente en su brazo antes de caerle a Huijsen, que remata y marca. Gol. decisi\u00f3n correcta pues no es una mano sancionable, ya que no es voluntaria y marca otro compa\u00f1ero.<\/p>\n<p class=\"voc-p\" style=\"\"><strong>Minuto 87:<\/strong> Gol del Real Madrid que es el empate 2-2. Previo a este el portero local recibe un golpe de Vin\u00edcius en la cara al disputar el bal\u00f3n que impide que el meta pueda incorporarse para intentar evitar el gol. No se sanciona y es un error. Debi\u00f3 anularse el tanto porque el golpe es evidente ya que tiene sangre en la nariz.<\/p>\n<p>\nBetis &#8211; Girona\n<\/p>\n<p class=\"voc-p\" style=\"\"><strong>Minuto 90:<\/strong> Antony intenta disputar un bal\u00f3n con el pie a la altura de la cabeza del rival impactando con su bota. El \u00e1rbitro, de forma err\u00f3nea, le muestra amarilla, pero le avisan del VAR, que ve que peligra la integridad f\u00edsica del rival. El colegiado cambia su decisi\u00f3n y expulsa al brasile\u00f1o. Es juego brusco grave, aunque sea de forma involuntaria.<\/p>\n","protected":false},"excerpt":{"rendered":"Una jornada m\u00e1s la pol\u00e9mica del fin de semana se centra en el partido del Real Madrid, que&hellip;\n","protected":false},"author":2,"featured_media":253017,"comment_status":"","ping_status":"","sticky":false,"template":"","format":"standard","meta":{"footnotes":""},"categories":[93],"tags":[50902,63921,168,63922,5192,25,24,20582,205,1526,23,167,24632],"class_list":{"0":"post-253016","1":"post","2":"type-post","3":"status-publish","4":"format-standard","5":"has-post-thumbnail","7":"category-deportes","8":"tag-bellingham","9":"tag-centrar","10":"tag-deportes","11":"tag-discutido","12":"tag-empate","13":"tag-es","14":"tag-espana","15":"tag-focos","16":"tag-madrid","17":"tag-polemica","18":"tag-spain","19":"tag-sports","20":"tag-volvio"},"share_on_mastodon":{"url":"https:\/\/pubeurope.com\/@es\/115604332683057201","error":""},"_links":{"self":[{"href":"https:\/\/www.europesays.com\/es\/wp-json\/wp\/v2\/posts\/253016","targetHints":{"allow":["GET"]}}],"collection":[{"href":"https:\/\/www.europesays.com\/es\/wp-json\/wp\/v2\/posts"}],"about":[{"href":"https:\/\/www.europesays.com\/es\/wp-json\/wp\/v2\/types\/post"}],"author":[{"embeddable":true,"href":"https:\/\/www.europesays.com\/es\/wp-json\/wp\/v2\/users\/2"}],"replies":[{"embeddable":true,"href":"https:\/\/www.europesays.com\/es\/wp-json\/wp\/v2\/comments?post=253016"}],"version-history":[{"count":0,"href":"https:\/\/www.europesays.com\/es\/wp-json\/wp\/v2\/posts\/253016\/revisions"}],"wp:featuredmedia":[{"embeddable":true,"href":"https:\/\/www.europesays.com\/es\/wp-json\/wp\/v2\/media\/253017"}],"wp:attachment":[{"href":"https:\/\/www.europesays.com\/es\/wp-json\/wp\/v2\/media?parent=253016"}],"wp:term":[{"taxonomy":"category","embeddable":true,"href":"https:\/\/www.europesays.com\/es\/wp-json\/wp\/v2\/categories?post=253016"},{"taxonomy":"post_tag","embeddable":true,"href":"https:\/\/www.europesays.com\/es\/wp-json\/wp\/v2\/tags?post=253016"}],"curies":[{"name":"wp","href":"https:\/\/api.w.org\/{rel}","templated":true}]}}