{"id":253018,"date":"2025-11-24T11:01:26","date_gmt":"2025-11-24T11:01:26","guid":{"rendered":"https:\/\/www.europesays.com\/es\/253018\/"},"modified":"2025-11-24T11:01:26","modified_gmt":"2025-11-24T11:01:26","slug":"transmitir-el-impacto-real-de-la-gripe-para-impulsar-la-vacunacion","status":"publish","type":"post","link":"https:\/\/www.europesays.com\/es\/253018\/","title":{"rendered":"transmitir el impacto real de la gripe para impulsar la vacunaci\u00f3n"},"content":{"rendered":"<p>            <a href=\"https:\/\/gacetamedica.com\/wp-content\/uploads\/2025\/11\/Gripexpert-1294438458-scaled-e1763554576566.jpg\" data-caption=\"\" rel=\"nofollow noopener\" target=\"_blank\"><img loading=\"lazy\" decoding=\"async\" width=\"696\" height=\"427\" class=\"entry-thumb td-modal-image\" src=\"https:\/\/www.europesays.com\/es\/wp-content\/uploads\/2025\/11\/Gripexpert-1294438458-scaled-e1763554576566-696x427.jpg\"   alt=\"gripe\" title=\"\"\/><\/a><\/p>\n<p>La gripe se percibe cada invierno como un fen\u00f3meno familiar, casi rutinario, sin embargo, est\u00e1 muy alejada de ser inofensiva. Con miles de hospitalizaciones y un impacto sanitario y econ\u00f3mico que se repite a\u00f1o tras a\u00f1o, este virus contin\u00faa poniendo en jaque a los sistemas de salud. <\/p>\n<p>De hecho, en esta temporada la gripe ha llegado antes de tiempo y con m\u00e1s fuerza. El Centro Europeo para la Prevenci\u00f3n y el Control de Enfermedades (ECDC) ha emitido un aviso ante el adelanto inusual de la temporada gripal en Europa y la r\u00e1pida expansi\u00f3n del subclado K del virus A(H3N2), una variante que se est\u00e1 imponiendo en pa\u00edses como Reino Unido, Estados Unidos y Jap\u00f3n. Se trata de una variante que acumula<strong>\u00a0siete mutaciones clave en la prote\u00edna hemaglutinina (HA)<\/strong>, ha modificado su\u00a0<strong>antigenicidad\u00a0<\/strong>y ha adquirido un\u00a0<strong>mayor potencial de transmisi\u00f3n<\/strong>. <\/p>\n<p>Cabe destacar que el ECDC considera que el riesgo para la poblaci\u00f3n general europea es \u00abmoderado\u00bb, pero lo eleva a \u00abalto\u00bb para <strong>mayores<\/strong>, personas con\u00a0<strong>enfermedades cr\u00f3nicas<\/strong>,\u00a0<strong>inmunodeprimidos<\/strong>,\u00a0<strong>embarazadas\u00a0<\/strong>y\u00a0<strong>residentes en centros de larga estancia<\/strong>.<\/p>\n<p>En esta l\u00ednea, los expertos del grupo <strong>GRIPEXPERT <\/strong>en el \u00faltimo encuentro, centraron la reuni\u00f3n en el papel de las vacunas de inmunogenicidad aumentada en la protecci\u00f3n de las<a href=\"https:\/\/gacetamedica.com\/politica\/europa-reto-inmunosenescencia-apostar-vacunas-mejoradas-mayores\/\" data-type=\"link\" data-id=\"https:\/\/gacetamedica.com\/politica\/europa-reto-inmunosenescencia-apostar-vacunas-mejoradas-mayores\/\" target=\"_blank\" rel=\"noreferrer noopener nofollow\"> personas mayores<\/a>, el grupo m\u00e1s vulnerable.<\/p>\n<p>Durante el encuentro, moderado por Santiago de Quiroga, presidente de Fundamed; los especialistas <strong>Jos\u00e9 Antonio Navarro Alonso<\/strong>, consultor honorario del \u00c1rea de Vacunas del Ministerio de Sanidad; <strong>\u00c1ngel Gil de Miguel<\/strong>, catedr\u00e1tico de Medicina Preventiva y Salud P\u00fablica en la Universidad Rey Juan Carlos; <strong>Jos\u00e9 Antonio Lluch<\/strong>, ex responsable de los programas de vacunaci\u00f3n de la Conseller\u00eda de Sanitat de la Generalitat Valenciana; <strong>Javier Castrodeza<\/strong>, catedr\u00e1tico en la Universidad de Valladolid y jefe de Medicina Preventiva del Hospital Cl\u00ednico Universitario de Valladolid; <strong>Jos\u00e9 Mart\u00ednez Olmos<\/strong>, profesor de la Escuela Andaluza de Salud P\u00fablica; y <strong><a href=\"https:\/\/gacetamedica.com\/investigacion\/por-que-suben-los-casos-de-covid-19-pero-bajan-ingresos-y-muertes-convivimos-en-mejor-equilibrio\/\" data-type=\"link\" data-id=\"https:\/\/gacetamedica.com\/investigacion\/por-que-suben-los-casos-de-covid-19-pero-bajan-ingresos-y-muertes-convivimos-en-mejor-equilibrio\/\" target=\"_blank\" rel=\"noreferrer noopener nofollow\">Toni Trilla<\/a><\/strong>, catedr\u00e1tico y jefe de Medicina Preventiva y Epidemiolog\u00eda en el Hospital Cl\u00ednic de Barcelona, coincidieron en un mensaje: <strong>la gripe no es una simple molestia de invierno y<\/strong> <strong>las vacunas \u00abmejoradas\u00bb deben consolidarse como la herramienta de referencia para proteger a los mayores en todas las comunidades aut\u00f3nomas<\/strong>.<\/p>\n<p>Jos\u00e9 J. Castrodeza present\u00f3 en el encuentro los <strong>\u00faltimos datos del estudio GAD3<\/strong>, \u00abV Encuesta de opini\u00f3n y percepci\u00f3n de la sociedad espa\u00f1ola de la enfermedad de la gripe\u00bb, correspondientes a septiembre de 2025, que permiten tomar el pulso a la percepci\u00f3n social sobre la gripe y la vacunaci\u00f3n en Espa\u00f1a. El informe actualiza las tendencias detectadas en a\u00f1os anteriores y ofrece una fotograf\u00eda precisa de c\u00f3mo han evolucionado la confianza, la preocupaci\u00f3n por la enfermedad y la disposici\u00f3n a vacunarse en los distintos grupos de poblaci\u00f3n, informaci\u00f3n clave para orientar las estrategias de recomendaci\u00f3n.<\/p>\n<p><strong>Impacto de la gripe <\/strong><\/p>\n<p>En la reuni\u00f3n se subray\u00f3 que la percepci\u00f3n p\u00fablica de la gripe como algo por lo que hay que pasar todos los inviernos ha contribuido a que <strong>la poblaci\u00f3n minimice su importancia<\/strong>. Los expertos recalcaron que cuando se analiza la mortalidad atribuible, la carga sobre el sistema sanitario y las complicaciones que provoca en los mayores, queda claro que \u00abno estamos ante una simple molestia de invierno\u00bb.<\/p>\n<p>\u00c1ngel Gil advirti\u00f3 de la complacencia generada por a\u00f1os sin sustos epid\u00e9micos ni pand\u00e9micos respecto a la gripe: \u00abLa ciudadan\u00eda no es consciente de la magnitud del impacto. Incluso en temporadas consideradas moderadas, la gripe tiene consecuencias severas, especialmente en mayores y personas con patolog\u00edas cr\u00f3nicas\u00bb. Los especialistas insistieron en que el mensaje p\u00fablico debe partir del <strong>impacto cl\u00ednico<\/strong> y situar despu\u00e9s, en segundo plano, la dimensi\u00f3n econ\u00f3mica.<\/p>\n<p><img fetchpriority=\"high\" decoding=\"async\" width=\"399\" height=\"259\" src=\"https:\/\/www.europesays.com\/es\/wp-content\/uploads\/2025\/11\/image-5.png\" alt=\"\" class=\"wp-image-221894\" style=\"width:211px;height:auto\"  \/><strong>\u00c1ngel Gil de Miguel.<\/strong><\/p>\n<p>Adem\u00e1s, incidieron en que uno de los mensajes m\u00e1s eficaces \u2014tanto para los cl\u00ednicos como para la poblaci\u00f3n general\u2014 es el impacto de la vacunaci\u00f3n en la reducci\u00f3n de complicaciones, principalmente cardiovasculares. Trilla destac\u00f3 las complicaciones que puede acarrear la gripe. \u00abHay dos aspectos clave. El primero, que cada vez est\u00e1 m\u00e1s respaldado, son las <strong>complicaciones, especialmente las cardiovasculares<\/strong>. La poblaci\u00f3n entiende lo que es un infarto, un ictus u otras enfermedades cardiovasculares graves. Explicar que, a determinadas edades, la vacuna antigripal tiene un efecto protector frente a estas complicaciones ayuda a que se comprenda que la gripe no es banal y que la vacuna tiene beneficios reales\u00bb.<\/p>\n<blockquote class=\"wp-block-quote has-text-align-center is-layout-flow wp-block-quote-is-layout-flow\">\n<p class=\"has-text-align-center has-vivid-cyan-blue-color has-text-color has-link-color wp-elements-f0bb6d21653252122644dc2f059b8d75\"><strong>\u00abLa poblaci\u00f3n entiende lo que es un infarto, un ictus u otras enfermedades cardiovasculares graves. Explicar que, a determinadas edades, la vacuna antigripal tiene un efecto protector frente a estas complicaciones ayuda a que se comprenda que la gripe no es banal y que la vacuna tiene beneficios reales\u00bb<\/strong><\/p>\n<p><strong>Toni Trilla<\/strong>, catedr\u00e1tico y jefe de Medicina Preventiva y Epidemiolog\u00eda en el Hospital Cl\u00ednic<\/p><\/blockquote>\n<p>\u00abLa poblaci\u00f3n puede no recordar qu\u00e9 subtipo de virus circul\u00f3 la temporada pasada, pero s\u00ed entiende lo que significa evitar un infarto o un ictus\u00bb, resumi\u00f3 Trilla. Este enfoque, seg\u00fan coinciden, deber\u00eda ocupar un lugar central en la comunicaci\u00f3n p\u00fablica y profesional. Adem\u00e1s, aclar\u00f3 que otro aspecto est\u00e1 relacionado con que la <strong>confianza de los ciudadanos depende en gran medida de que los profesionales sanitarios est\u00e9n vacunados y transmitan seguridad<\/strong>.<\/p>\n<p><img loading=\"lazy\" decoding=\"async\" width=\"450\" height=\"200\" src=\"https:\/\/www.europesays.com\/es\/wp-content\/uploads\/2025\/11\/1763982078_928_image-3.png\" alt=\"\" class=\"wp-image-221890\" style=\"width:279px;height:auto\"  \/><strong>Toni Trilla.<\/strong><\/p>\n<p>Aunque en los \u00faltimos a\u00f1os ha aumentado la visibilidad de la enfermer\u00eda en vacunaci\u00f3n, en la reuni\u00f3n qued\u00f3 patente que la recomendaci\u00f3n decisiva para los adultos contin\u00faa siendo la del <strong>m\u00e9dico de familia<\/strong>. <\/p>\n<p>\u00abParece que el m\u00e9dico sigue siendo la figura con mayor credibilidad al explicar estos temas directamente al paciente. Por ello, la recomendaci\u00f3n es reforzar la comunicaci\u00f3n con mensajes <strong>simples y claros<\/strong>: no hace falta que todos los profesionales se especialicen en vacunas, sino que tengan a mano datos clave sobre complicaciones, seguridad y eficacia. Una infograf\u00eda o un dec\u00e1logo sencillo, avalado por referencias cient\u00edficas, puede facilitar que el mensaje se transmita de forma efectiva\u00bb, a\u00f1adi\u00f3 Trilla.<\/p>\n<p>Por su parte, <strong>Mart\u00ednez Olmos<\/strong> recalc\u00f3 que \u00ablos beneficios de la vacunaci\u00f3n deber\u00edan centrarse primero en las complicaciones que evita. Cuando hablamos de retorno de la inversi\u00f3n o ahorro de costes, aunque existan datos que muestren que cada euro invertido genera un beneficio econ\u00f3mico, los gestores sanitarios saben que los recursos son limitados. En mi opini\u00f3n, resulta m\u00e1s eficaz presentar el argumento en t\u00e9rminos de <strong>eficiencia y optimizaci\u00f3n de recursos<\/strong>: evitar complicaciones permite destinar recursos a otras prioridades dentro de un hospital o centro sanitario\u00bb.<\/p>\n<p>Siguiendo esta l\u00ednea, las complicaciones que la gripe puede ocasionar se ha colocado como argumento comprensible para la poblaci\u00f3n. Jos\u00e9 Antonio Navarro destac\u00f3 una infograf\u00eda de la Uni\u00f3n Europea que explica esta evidencia: \u00abLa vacuna de gripe reduce un 34% de eventos cardiovasculares. Tras la vacuna antigripal, el riesgo de ictus isqu\u00e9mico se reduce entre un 12 y un 16%\u00bb. Los expertos recalcaron esta idea como un <strong>mensaje potente<\/strong>: la poblaci\u00f3n entiende qu\u00e9 es un infarto o un ictus, y explicar que la vacunaci\u00f3n disminuye esos riesgos ayuda a sacar a la gripe de la categor\u00eda de \u00abmolestia\u00bb.<\/p>\n<blockquote class=\"wp-block-quote has-text-align-center is-layout-flow wp-block-quote-is-layout-flow\">\n<p class=\"has-text-align-center has-vivid-cyan-blue-color has-text-color has-link-color wp-elements-044a4208a43836840b2f06207e107a42\"><strong>\u00abLa vacuna de gripe reduce un 34% de eventos cardiovasculares. Tras la vacuna antigripal, el riesgo de ictus isqu\u00e9mico se reduce entre un 12 y un 16%\u00bb<\/strong><\/p>\n<p><strong>Jos\u00e9 Antonio Navarro Alonso<\/strong>, consultor honorario del \u00c1rea de Vacunas del Ministerio de Sanidad<\/p><\/blockquote>\n<p><img loading=\"lazy\" decoding=\"async\" width=\"428\" height=\"215\" src=\"https:\/\/www.europesays.com\/es\/wp-content\/uploads\/2025\/11\/image-4.png\" alt=\"\" class=\"wp-image-221891\" style=\"width:253px;height:auto\"  \/><strong>Jos\u00e9 Antonio Navarro.<\/strong><\/p>\n<p>Adem\u00e1s, remarcaron que ese enfoque <strong>facilita el trabajo de recomendaci\u00f3n<\/strong> por parte de los cl\u00ednicos: \u00abDecirle a un paciente mayor que la vacuna le protege frente a complicaciones que \u00e9l conoce \u2014infarto, ictus\u2014 puede ser determinante\u00bb.<\/p>\n<p><strong>La importancia de las vacunas de inmunogenicidad aumentada<\/strong><\/p>\n<p>Durante el encuentro los especialistas tambi\u00e9n coincidieron en que la incorporaci\u00f3n de vacunas de inmunogenicidad aumentada supone un avance cualitativo en la protecci\u00f3n de los mayores de 60 a\u00f1os. Estas formulaciones, que <strong>refuerzan la respuesta inmunitaria <\/strong>frente a las limitaciones del sistema inmune asociado a la edad, han demostrado una mayor capacidad para prevenir hospitalizaciones, cuadros graves y fallecimientos.<\/p>\n<p>Otra cuesti\u00f3n que se abord\u00f3 fue <strong>la accesibilidad a la vacunaci\u00f3n<\/strong>. Navarro explic\u00f3 que no es viable que en algunos centros de salud la <a href=\"https:\/\/vacunas.org\/el-mejor-plan-para-este-invierno\/\" data-type=\"link\" data-id=\"https:\/\/vacunas.org\/el-mejor-plan-para-este-invierno\/\" target=\"_blank\" rel=\"noreferrer noopener nofollow\">vacunaci\u00f3n <\/a>tenga un horario limitado y que se deber\u00edan aplicar estrategias que den facilidades a la poblaci\u00f3n para fomentar la vacunaci\u00f3n.<\/p>\n<p><img loading=\"lazy\" decoding=\"async\" width=\"358\" height=\"255\" src=\"https:\/\/www.europesays.com\/es\/wp-content\/uploads\/2025\/11\/1763982082_761_image-6.png\" alt=\"\" class=\"wp-image-221896\" style=\"width:208px;height:auto\"  \/><strong>Jos\u00e9 Antonio Lluch.<\/strong><\/p>\n<p>En esta l\u00ednea, Lluch destac\u00f3 que \u00abalgunas estrategias para acercar la vacunaci\u00f3n a la poblaci\u00f3n son bastante sencillas. Un ejemplo claro es la vacunaci\u00f3n en centros escolares, que demuestra que no se requiere una inversi\u00f3n elevada para obtener un gran beneficio. Es cierto que la vacunaci\u00f3n compite con otras muchas tareas que los profesionales sanitarios deben asumir, pero quiz\u00e1 debamos ser m\u00e1s imaginativos a la hora de organizar y facilitar estos procesos\u00bb.<\/p>\n<blockquote class=\"wp-block-quote has-text-align-center is-layout-flow wp-block-quote-is-layout-flow\">\n<p class=\"has-text-align-center has-vivid-cyan-blue-color has-text-color has-link-color wp-elements-b7951af03b43d7221105f8d88fb565fe\"><strong>\u00abAlgunas estrategias para acercar la vacunaci\u00f3n a la poblaci\u00f3n son bastante sencillas. Un ejemplo claro es la vacunaci\u00f3n en centros escolares, que demuestra que no se requiere una inversi\u00f3n elevada para obtener un gran beneficio\u00bb<\/strong><\/p>\n<p><strong>Jos\u00e9 Antonio Lluch<\/strong>, ex responsable de los programas de vacunaci\u00f3n de la Conseller\u00eda de Sanitat de la Generalitat Valenciana<\/p><\/blockquote>\n<p><img loading=\"lazy\" decoding=\"async\" width=\"394\" height=\"368\" src=\"https:\/\/www.europesays.com\/es\/wp-content\/uploads\/2025\/11\/1763982084_275_image-8.png\" alt=\"\" class=\"wp-image-221899\" style=\"width:185px;height:auto\"  \/><strong>J. Javier Castrodeza.<\/strong><\/p>\n<p>Por otro lado, Castrodeza se\u00f1al\u00f3 que \u00abestamos analizando hasta qu\u00e9 punto los centros hospitalarios \u2014que est\u00e1n abiertos 365 d\u00edas al a\u00f1o, las 24 horas\u2014 podr\u00edan funcionar como \u2018vacunodromos\u2019. Tienen profesionales de enfermer\u00eda, m\u00e9dicos\u2026 Es decir, cuentan con los recursos necesarios\u00bb. Tal y como explic\u00f3, la idea ser\u00eda que, durante la temporada de vacunaci\u00f3n de la gripe, igual que una persona acude a urgencias por un dolor de cabeza o por una patolog\u00eda m\u00e1s grave, pudiera existir <strong>un espacio anexo destinado exclusivamente a la vacunaci\u00f3n<\/strong>. \u00abUn punto donde cualquier ciudadano pudiera acudir en un horario amplio y estable, aprovechando que hay personal de guardia disponible tanto de enfermer\u00eda como m\u00e9dico\u00bb.<\/p>\n<p>\u00abSi realmente buscamos mejorar la accesibilidad a la vacunaci\u00f3n, estoy convencido de que esta ser\u00eda una medida sencilla, barata y muy eficaz\u00bb, subray\u00f3 el especialista. <\/p>\n<blockquote class=\"wp-block-quote has-text-align-center is-layout-flow wp-block-quote-is-layout-flow\">\n<p class=\"has-text-align-center has-vivid-cyan-blue-color has-text-color has-link-color wp-elements-7242161739c2b46d34911d5394cf9c03\"><strong>\u00abEstamos analizando hasta qu\u00e9 punto los centros hospitalarios \u2014que est\u00e1n abiertos 365 d\u00edas al a\u00f1o, las 24 horas\u2014 podr\u00edan funcionar como \u2018vacunodromos\u2019. Tienen profesionales de enfermer\u00eda, m\u00e9dicos\u2026 Es decir, cuentan con los recursos necesarios\u00bb<\/strong><\/p>\n<p><strong>Javier Castrodeza<\/strong>, catedr\u00e1tico en la Universidad de Valladolid y jefe de Medicina Preventiva del Hospital Cl\u00ednico Universitario de Valladolid<\/p><\/blockquote>\n<p>En este sentido, Navarro mencion\u00f3 un paper publicado el a\u00f1o pasado en <a href=\"https:\/\/evidence.nejm.org\/\" data-type=\"link\" data-id=\"https:\/\/evidence.nejm.org\/\" target=\"_blank\" rel=\"noreferrer noopener nofollow\">New England Journal of Medicine Evidence<\/a> que analiza la <strong>promoci\u00f3n de la vacunaci\u00f3n antigripal en urgencias<\/strong>, principalmente mediante carteler\u00eda e insistencia del m\u00e9dico durante la atenci\u00f3n, complementado con infograf\u00edas dirigidas al adulto. \u00abEl hospital est\u00e1 poco aprovechado. Muchas personas acuden a visitar o acompa\u00f1ar a pacientes y permanecen all\u00ed varias horas; este tiempo podr\u00eda aprovecharse para ofrecerles la vacunaci\u00f3n, aunque no sean pacientes. Es una oportunidad sencilla de mejorar la cobertura vacunal que rara vez se explota\u00bb.<\/p>\n<p>\u00c1ngel Gil a\u00f1adi\u00f3 que se deber\u00edan destacar las informaciones que comparten sociedades cient\u00edficas como la <strong>Sociedad Europea de Cardiolog\u00eda<\/strong>, tambi\u00e9n la <strong>Sociedad Espa\u00f1ola de Cardiolog\u00eda<\/strong> y la <strong>Sociedad Espa\u00f1ola de Patolog\u00eda del Aparato Respiratorio<\/strong>, que refuerzan estas recomendaciones. <\/p>\n<p>En este punto, Lluch tambi\u00e9n insisti\u00f3 en la importancia del <strong>papel de otras sociedades cient\u00edficas<\/strong>. \u00abA t\u00edtulo personal, mi percepci\u00f3n es que, por ejemplo, un endocrino que atiende a un paciente diab\u00e9tico se centra en la glicosuria y reconoce que la vacunaci\u00f3n antigripal beneficiar\u00eda a sus pacientes, pero a menudo no recuerda hacerlo en la consulta ni hace la recomendaci\u00f3n\u00bb, explic\u00f3 Lluch.<\/p>\n<p><strong>Entender los \u00abporqu\u00e9\u00bb<\/strong><\/p>\n<p>Los especialistas coincidieron en que <strong>para determinadas poblaciones ser\u00eda recomendable el uso de vacunas de inmunogenicidad aumentada<\/strong>, especialmente en mayores y personas con enfermedades cr\u00f3nicas. Esta recomendaci\u00f3n se considera pr\u00e1cticamente obvia, dado el riesgo de complicaciones en estos grupos.<\/p>\n<p><img loading=\"lazy\" decoding=\"async\" width=\"252\" height=\"260\" src=\"https:\/\/www.europesays.com\/es\/wp-content\/uploads\/2025\/11\/1763982086_448_image-9.png\" alt=\"\" class=\"wp-image-221901\" style=\"width:165px;height:auto\"\/><strong>Jos\u00e9 Mart\u00ednez Olmos.<\/strong><\/p>\n<p>Sin embargo, surge un desaf\u00edo importante: <strong>c\u00f3mo trasladar esta informaci\u00f3n a los m\u00e9dicos de familia<\/strong>, que son quienes deben prescribir la vacuna a los pacientes de riesgo. Contamos con datos s\u00f3lidos de sociedades cient\u00edficas como la <strong>Sociedad Europea de Cardiolog\u00eda, la Sociedad Espa\u00f1ola de Cardiolog\u00eda y SEPAR<\/strong>, pero muchas veces estos mensajes no llegan de manera efectiva a los prescriptores. La cuesti\u00f3n central es c\u00f3mo \u00abmeter en la cabeza\u00bb de estos profesionales la importancia de la vacunaci\u00f3n para sus pacientes.<\/p>\n<p>Mart\u00ednez Olmos se\u00f1al\u00f3 que, tras cinco a\u00f1os de an\u00e1lisis, <strong>falta una aproximaci\u00f3n cualitativa<\/strong> que permita entender por qu\u00e9 los profesionales recomiendan o no recomiendan la vacunaci\u00f3n, y por qu\u00e9 los ciudadanos aceptan o no vacunarse. \u00abConocer estos \u2018porqu\u00e9s\u2019 facilitar\u00eda la segmentaci\u00f3n de estrategias de comunicaci\u00f3n y formaci\u00f3n. Esto incluye no solo la formaci\u00f3n t\u00e9cnica sobre vacunas, sino tambi\u00e9n informaci\u00f3n sobre <strong>el proceso de validaci\u00f3n y seguridad de las vacunas<\/strong>, que puede generar confusi\u00f3n debido a experiencias pasadas, como la gripe A o la COVID-19, en las que los plazos se acortaron por situaciones de emergencia\u00bb, indic\u00f3 el experto.<\/p>\n<blockquote class=\"wp-block-quote has-text-align-center is-layout-flow wp-block-quote-is-layout-flow\">\n<p class=\"has-text-align-center has-vivid-cyan-blue-color has-text-color has-link-color wp-elements-4089d677544a22f4fd293aa2c5faf332\"><strong>\u00abConocer los \u2018porqu\u00e9s\u2019 facilitar\u00eda la segmentaci\u00f3n de estrategias de comunicaci\u00f3n y formaci\u00f3n. Esto incluye no solo la formaci\u00f3n t\u00e9cnica sobre vacunas, sino tambi\u00e9n informaci\u00f3n sobre el proceso de validaci\u00f3n y seguridad de las vacunas, que puede generar confusi\u00f3n debido a experiencias pasadas, como la gripe A o la COVID-19, en las que los plazos se acortaron por situaciones de emergencia\u00bb<\/strong><\/p>\n<p><strong>Jos\u00e9 Mart\u00ednez Olmos<\/strong>, profesor de la Escuela Andaluza de Salud P\u00fablica<\/p><\/blockquote>\n<p>Los expertos propusieron incluir <strong>evaluaciones anuales de efectividad y seguimiento de resultados<\/strong> de la vacunaci\u00f3n, m\u00e1s all\u00e1 de la simple medici\u00f3n de coberturas. Actualmente, la estrategia se limita a comprobar si las coberturas suben o bajan, sin un an\u00e1lisis postvacunal que traduzca la efectividad en <strong>impacto cl\u00ednico, hospitalario y econ\u00f3mico<\/strong>. Contar con estos datos permitir\u00eda, por ejemplo, argumentar ante responsables o consejeros que un aumento de cobertura podr\u00eda haber evitado hospitalizaciones y ahorrado recursos.<\/p>\n<p>Jos\u00e9 Antonio Navarro a\u00f1adi\u00f3 que existen datos nacionales e internacionales, como los publicados anualmente por algunas comunidades o los recogidos en consorcios europeos, estratificados por edad, poblaci\u00f3n y pa\u00eds. Sin embargo, lo que realmente interesa a los decisores no es solo la efectividad de la vacuna, sino <strong>el impacto real en salud y en la gesti\u00f3n de recursos<\/strong>, es decir, cu\u00e1ntas hospitalizaciones se han evitado o cu\u00e1nto dinero se ha ahorrado. <\/p>\n<blockquote class=\"wp-block-quote has-text-align-center is-layout-flow wp-block-quote-is-layout-flow\">\n<p class=\"has-text-align-center has-vivid-cyan-blue-color has-text-color has-link-color wp-elements-51cf0b1299317697153e1b01436d3b91\"><strong>\u00abHospitalizaciones evitadas, ingresos en UCI reducidos, complicaciones prevenidas y ahorro de recursos asistenciales son argumentos m\u00e1s directos y comprensibles para los gestores sanitarios y para la poblaci\u00f3n que las cifras de cobertura por s\u00ed solas\u00bb<\/strong><\/p>\n<p><strong>\u00c1ngel Gil de Miguel<\/strong>, catedr\u00e1tico de Medicina Preventiva y Salud P\u00fablica en la Universidad Rey Juan Carlos<\/p><\/blockquote>\n<p>Por ello, Gil de Miguel propuso que \u00abnos dej\u00e1semos de centrar \u00fanicamente en las coberturas\u00bb y destaquemos el <strong>impacto real de la vacunaci\u00f3n<\/strong>. \u00abHospitalizaciones evitadas, ingresos en UCI reducidos, complicaciones prevenidas y ahorro de recursos asistenciales son argumentos m\u00e1s directos y comprensibles para los gestores sanitarios y para la poblaci\u00f3n que las cifras de cobertura por s\u00ed solas\u00bb, recalc\u00f3 Gil de Miguel.<\/p>\n<p>En definitiva, los especialistas coincidieron en que mejorar la vacunaci\u00f3n antigripal en los mayores exige actuar en m\u00faltiples frentes: reforzar la comunicaci\u00f3n con mensajes simples y basados en el impacto real, ampliar la accesibilidad con estrategias imaginativas que incluyan la participaci\u00f3n de hospitales y centros sanitarios, incorporar de forma decidida las vacunas de inmunogenicidad aumentada y sumar a sociedades cient\u00edficas y asociaciones de pacientes como aliados estrat\u00e9gicos.<\/p>\n<p><strong>Tambi\u00e9n te puede interesar\u2026<\/strong><\/p>\n","protected":false},"excerpt":{"rendered":"La gripe se percibe cada invierno como un fen\u00f3meno familiar, casi rutinario, sin embargo, est\u00e1 muy alejada de&hellip;\n","protected":false},"author":2,"featured_media":253019,"comment_status":"","ping_status":"","sticky":false,"template":"","format":"standard","meta":{"footnotes":""},"categories":[92],"tags":[25,24,165,166,23],"class_list":{"0":"post-253018","1":"post","2":"type-post","3":"status-publish","4":"format-standard","5":"has-post-thumbnail","7":"category-salud","8":"tag-es","9":"tag-espana","10":"tag-health","11":"tag-salud","12":"tag-spain"},"share_on_mastodon":{"url":"https:\/\/pubeurope.com\/@es\/115604336942930364","error":""},"_links":{"self":[{"href":"https:\/\/www.europesays.com\/es\/wp-json\/wp\/v2\/posts\/253018","targetHints":{"allow":["GET"]}}],"collection":[{"href":"https:\/\/www.europesays.com\/es\/wp-json\/wp\/v2\/posts"}],"about":[{"href":"https:\/\/www.europesays.com\/es\/wp-json\/wp\/v2\/types\/post"}],"author":[{"embeddable":true,"href":"https:\/\/www.europesays.com\/es\/wp-json\/wp\/v2\/users\/2"}],"replies":[{"embeddable":true,"href":"https:\/\/www.europesays.com\/es\/wp-json\/wp\/v2\/comments?post=253018"}],"version-history":[{"count":0,"href":"https:\/\/www.europesays.com\/es\/wp-json\/wp\/v2\/posts\/253018\/revisions"}],"wp:featuredmedia":[{"embeddable":true,"href":"https:\/\/www.europesays.com\/es\/wp-json\/wp\/v2\/media\/253019"}],"wp:attachment":[{"href":"https:\/\/www.europesays.com\/es\/wp-json\/wp\/v2\/media?parent=253018"}],"wp:term":[{"taxonomy":"category","embeddable":true,"href":"https:\/\/www.europesays.com\/es\/wp-json\/wp\/v2\/categories?post=253018"},{"taxonomy":"post_tag","embeddable":true,"href":"https:\/\/www.europesays.com\/es\/wp-json\/wp\/v2\/tags?post=253018"}],"curies":[{"name":"wp","href":"https:\/\/api.w.org\/{rel}","templated":true}]}}