{"id":253026,"date":"2025-11-24T11:05:16","date_gmt":"2025-11-24T11:05:16","guid":{"rendered":"https:\/\/www.europesays.com\/es\/253026\/"},"modified":"2025-11-24T11:05:16","modified_gmt":"2025-11-24T11:05:16","slug":"las-autoridades-en-dinamarca-nos-quitaron-a-nuestros-bebes-tras-una-prueba-de-aptitud-parental-y-ahora-luchamos-para-recuperarlos","status":"publish","type":"post","link":"https:\/\/www.europesays.com\/es\/253026\/","title":{"rendered":"Las autoridades en Dinamarca nos quitaron a nuestros beb\u00e9s tras una prueba de aptitud parental y ahora luchamos para recuperarlos"},"content":{"rendered":"<p><img fetchpriority=\"high\" decoding=\"async\" src=\"https:\/\/www.europesays.com\/es\/wp-content\/uploads\/2025\/11\/22404380-c55e-11f0-88c6-23e769b55dc3.jpg.webp.webp\"   alt=\"Keira, que lleva el pelo largo y oscuro recogido en una coleta y viste un abrigo con cuello de piel, mira a lo lejos. Detr\u00e1s de ella se extiende una masa de agua, probablemente el mar.\" loading=\"eager\" width=\"3999\" height=\"2250\" style=\"aspect-ratio:3999 \/ 2250\" class=\"css-4ejld5\"\/>Pie de foto, Keira recuerda que llor\u00f3 desconsoladamente cuando le quitaron a su beb\u00e9.<strong id=\"article-byline\" aria-hidden=\"true\" class=\"css-m04vo2\">Informaci\u00f3n del art\u00edculo<\/strong><\/p>\n<ul class=\"css-1rvtlej\">\n<li class=\"css-oe8da4\">\n<ul role=\"list\" class=\"css-1rnycnn\">\n<li>Autor, Sofia Bettiza <\/li>\n<li>T\u00edtulo del autor,  BBC Global Health <\/li>\n<\/ul>\n<ul role=\"list\" class=\"css-1rnycnn\">\n<li>Autor, Woody Morris<\/li>\n<li>T\u00edtulo del autor,  BBC World Service<\/li>\n<li>Informa desde  Denmark<\/li>\n<\/ul>\n<\/li>\n<li class=\"css-1clfxfc\">\n<p>7 horas<\/p>\n<\/li>\n<li class=\"css-1clfxfc\"\/><\/ul>\n<p dir=\"ltr\" class=\"css-1qucyee e17g058b0\"><b>Cuando la hija de Keira naci\u00f3 en noviembre del a\u00f1o pasado, le permitieron pasar dos horas con ella antes de que la beb\u00e9 fuera puesta bajo custodia.<\/b><\/p>\n<p dir=\"ltr\" class=\"css-1qucyee e17g058b0\">\u00abEn cuanto naci\u00f3, empec\u00e9 a contar los minutos\u00bb, recuerda Keira, de 39 a\u00f1os.<\/p>\n<p dir=\"ltr\" class=\"css-1qucyee e17g058b0\">Y agrega: \u00abNo dejaba de mirar el reloj para ver cu\u00e1nto tiempo nos quedaba\u00bb.<\/p>\n<p dir=\"ltr\" class=\"css-1qucyee e17g058b0\">Cuando lleg\u00f3 el momento de quitarle a Zammi de los brazos, Keira relata que solloz\u00f3 desconsoladamente, susurr\u00e1ndole a su beb\u00e9 \u00ablo siento\u00bb.<\/p>\n<p dir=\"ltr\" class=\"css-1qucyee e17g058b0\">\u00abSent\u00ed como si una parte de mi alma muriera\u00bb.<\/p>\n<p dir=\"ltr\" class=\"css-1qucyee e17g058b0\">Keira es hoy una de las muchas groenlandesas que viven en Dinamarca continental y luchan por recuperar a sus hijos despu\u00e9s de que los servicios sociales se los llevaran.<\/p>\n<p dir=\"ltr\" class=\"css-1qucyee e17g058b0\">En estos casos, los beb\u00e9s y los ni\u00f1os eran separados de sus familias tras pruebas de aptitud parental -conocidas en Dinamarca como FKU- que evaluaban si eran aptos para ser padres.<\/p>\n<p dir=\"ltr\" class=\"css-1qucyee e17g058b0\">En mayo de este a\u00f1o, el gobierno dan\u00e9s prohibi\u00f3 el uso de estas pruebas en familias groenlandesas tras d\u00e9cadas de cr\u00edticas.<\/p>\n<p dir=\"ltr\" class=\"css-1qucyee e17g058b0\">Sin embargo, se siguen utilizando en familias danesas.<\/p>\n<p dir=\"ltr\" class=\"css-1qucyee e17g058b0\">Las evaluaciones, que suelen llevar meses, se utilizan en casos complejos de bienestar infantil donde las autoridades creen que los ni\u00f1os corren riesgo de negligencia o maltrato.<\/p>\n<p><img decoding=\"async\" src=\"https:\/\/www.europesays.com\/es\/wp-content\/uploads\/2025\/11\/7f91e4e0-c562-11f0-ac47-e3b40c46275e.jpg.webp.webp\"   alt=\"Keira est\u00e1 acostada, acunando contra su pecho a su beb\u00e9 reci\u00e9n nacida, Zammi, que est\u00e1 cubierta con una manta.\" loading=\"lazy\" width=\"3442\" height=\"1936\" style=\"aspect-ratio:3442 \/ 1936\" class=\"css-4ejld5\"\/>Pie de foto, Keira explica que estuvo \u00abcontando los minutos\u00bb desde el momento en que naci\u00f3 Zammi, sabiendo que solo ten\u00eda dos horas con su hija.<\/p>\n<p dir=\"ltr\" class=\"css-1qucyee e17g058b0\">Las pruebas incluyen entrevistas con padres e hijos, una serie de tareas cognitivas, como recordar una secuencia de n\u00fameros al rev\u00e9s, cuestionarios de cultura general y pruebas de personalidad y emocionales.<\/p>\n<p dir=\"ltr\" class=\"css-1qucyee e17g058b0\">Quienes defienden estas pruebas afirman que ofrecen un m\u00e9todo de evaluaci\u00f3n m\u00e1s objetivo que la evidencia potencialmente anecd\u00f3tica y subjetiva de los trabajadores sociales y otros expertos.<\/p>\n<p dir=\"ltr\" class=\"css-1qucyee e17g058b0\">Sin embargo, los cr\u00edticos sostienen que no pueden predecir con certeza si alguien ser\u00e1 un buen padre o madre.<\/p>\n<p dir=\"ltr\" class=\"css-1qucyee e17g058b0\">Los detractores tambi\u00e9n han argumentado durante mucho tiempo que est\u00e1n dise\u00f1adas en torno a las normas culturales danesas y se\u00f1alan que se administran en dan\u00e9s en lugar de en kalaallisut, la lengua materna de la mayor\u00eda de los groenlandeses.<\/p>\n<p dir=\"ltr\" class=\"css-1qucyee e17g058b0\">Esto puede dar lugar a malentendidos, afirman.<\/p>\n<p dir=\"ltr\" class=\"css-1qucyee e17g058b0\">Seg\u00fan el Centro Dan\u00e9s de Investigaci\u00f3n Social, un instituto de investigaci\u00f3n financiado por el gobierno, los padres groenlandeses en Dinamarca tienen entre 5 y 6 veces m\u00e1s probabilidades de que sus hijos sean puestos bajo tutela que los padres daneses.<\/p>\n<p dir=\"ltr\" class=\"css-1qucyee e17g058b0\">En mayo, el gobierno anunci\u00f3 que esperaba revisar unos 300 casos -incluido el de Keira- en los que ni\u00f1os groenlandeses fueron separados a la fuerza de sus familias tras someterse a pruebas.<\/p>\n<p dir=\"ltr\" class=\"css-1qucyee e17g058b0\">Sin embargo, en octubre la BBC descubri\u00f3 que el gobierno solo hab\u00eda revisado 10 casos en los que se utilizaron pruebas de aptitud parental y ning\u00fan ni\u00f1o groenland\u00e9s hab\u00eda regresado con su familia.<\/p>\n<p dir=\"ltr\" class=\"css-1qucyee e17g058b0\">La evaluaci\u00f3n de Keira en 2024, realizada durante su embarazo, concluy\u00f3 que no pose\u00eda las \u00abcompetencias parentales suficientes para cuidar al reci\u00e9n nacido de forma independiente\u00bb.<\/p>\n<p dir=\"ltr\" class=\"css-1qucyee e17g058b0\">Keira afirma que, entre las preguntas que le hicieron, figuraban: \u00ab\u00bfQui\u00e9n es la Madre Teresa?\u00bb y \u00ab\u00bfCu\u00e1nto tardan los rayos del sol en llegar a la Tierra?\u00bb.<\/p>\n<p><img decoding=\"async\" src=\"https:\/\/www.europesays.com\/es\/wp-content\/uploads\/2025\/11\/4d947580-c561-11f0-88c6-23e769b55dc3.jpg.webp.webp\"   alt=\"En una habitaci\u00f3n del apartamento de Keira se ve una cuna. En el centro de la cuna hay ropa y mantas de beb\u00e9, y fotos de Zammi.\" loading=\"lazy\" width=\"3968\" height=\"2232\" style=\"aspect-ratio:3968 \/ 2232\" class=\"css-4ejld5\"\/>Pie de foto, Keira todav\u00eda guarda una cuna junto a su cama y otra en el sal\u00f3n de su apartamento, junto con ropa de beb\u00e9 y pa\u00f1ales.<\/p>\n<p dir=\"ltr\" class=\"css-1qucyee e17g058b0\">Los psic\u00f3logos que defienden las pruebas argumentan que este tipo de preguntas tienen como objetivo evaluar el conocimiento general de los padres y su comprensi\u00f3n de conceptos que podr\u00edan ser \u00fatiles en la sociedad.<\/p>\n<p dir=\"ltr\" class=\"css-1qucyee e17g058b0\">Keira a\u00f1ade: \u00abMe hicieron jugar con una mu\u00f1eca y me criticaron por no mirarla a los ojos lo suficiente\u00bb.<\/p>\n<p dir=\"ltr\" class=\"css-1qucyee e17g058b0\">Ella alega que, cuando pregunt\u00f3 por qu\u00e9 la estaban evaluando de esa manera, la psic\u00f3loga le respondi\u00f3: \u00abPara ver si eres lo suficientemente civilizada; si puedes comportarte como un ser humano\u00bb.<\/p>\n<p dir=\"ltr\" class=\"css-1qucyee e17g058b0\">La autoridad local en el caso de Keira declar\u00f3 que no pod\u00eda hacer comentarios sobre familias individuales, a\u00f1adiendo que las decisiones de internar a un menor se tomaban cuando exist\u00eda una seria preocupaci\u00f3n por la \u00absalud, el desarrollo y el bienestar del ni\u00f1o\u00bb.<\/p>\n<p dir=\"ltr\" class=\"css-1qucyee e17g058b0\">En 2014, los otros dos hijos de Keira -que entonces ten\u00edan 9 a\u00f1os y 8 meses respectivamente- fueron internados despu\u00e9s de que una evaluaci\u00f3n de menores concluyera que sus habilidades parentales no se estaban desarrollando lo suficientemente r\u00e1pido como para satisfacer sus necesidades.<\/p>\n<p dir=\"ltr\" class=\"css-1qucyee e17g058b0\">Su hija mayor, Zoe, que ahora tiene 21 a\u00f1os, regres\u00f3 a casa a los 18 y actualmente vive en su propio apartamento y ve a su madre con regularidad.<\/p>\n<p dir=\"ltr\" class=\"css-1qucyee e17g058b0\">Keira espera reunirse pronto con Zammi de forma permanente.<\/p>\n<p dir=\"ltr\" class=\"css-1qucyee e17g058b0\">El gobierno dan\u00e9s ha anunciado que en su revisi\u00f3n se examinar\u00e1 si se cometieron errores en la administraci\u00f3n de las evaluaciones de menores a personas de Groenlandia.<\/p>\n<p dir=\"ltr\" class=\"css-1qucyee e17g058b0\">Mientras tanto, Keira puede ver a Zammi, que est\u00e1 en acogida, una vez por semana durante una hora.<\/p>\n<p dir=\"ltr\" class=\"css-1qucyee e17g058b0\">Cada vez que la visita, le lleva flores y a veces comida groenlandesa, como sopa de corazones de pollo.<\/p>\n<p dir=\"ltr\" class=\"css-1qucyee e17g058b0\">\u00abSolo para que una peque\u00f1a parte de su cultura est\u00e9 con ella\u00bb, explica.<\/p>\n<p>\u00abSent\u00ed que se me romp\u00eda el coraz\u00f3n\u00bb<\/p>\n<p><img decoding=\"async\" src=\"https:\/\/www.europesays.com\/es\/wp-content\/uploads\/2025\/11\/606126b0-c55f-11f0-a954-fb8c05ee113c.jpg.webp.webp\"   alt=\"Ulrik y Johanne aparecen en la foto al aire libre. Al fondo se ven un par de edificios, vegetaci\u00f3n y un sendero que asciende. Ulrik lleva una chaqueta verde sobre una camiseta roja, mientras que Johanne luce un vestido estampado con escote abierto.\" loading=\"lazy\" width=\"3938\" height=\"2215\" style=\"aspect-ratio:3938 \/ 2215\" class=\"css-4ejld5\"\/>Pie de foto, Ulrik y Johanne esperan que el gobierno dan\u00e9s reconsidere la revisi\u00f3n de casos como el suyo, en los que un ni\u00f1o ha sido adoptado.<\/p>\n<p dir=\"ltr\" class=\"css-1qucyee e17g058b0\">Pero no todos los padres groenlandeses cuyos hijos fueron puestos bajo tutela estatal tras completar el programa FKU ver\u00e1n revisados sus casos.<\/p>\n<p dir=\"ltr\" class=\"css-1qucyee e17g058b0\">El hijo de Johanne y Ulrik fue adoptado en 2020, y el gobierno dan\u00e9s ha declarado que no revisar\u00e1 los casos de ni\u00f1os adoptados.<\/p>\n<p dir=\"ltr\" class=\"css-1qucyee e17g058b0\">Johanne, de 43 a\u00f1os, quien creci\u00f3 en un hogar marcado por el trauma y la negligencia, fue sometida a pruebas en 2019 durante su embarazo.<\/p>\n<p dir=\"ltr\" class=\"css-1qucyee e17g058b0\">Al igual que Zammi, su hijo deb\u00eda haber sido retirado de su hogar inmediatamente despu\u00e9s de nacer.<\/p>\n<p dir=\"ltr\" class=\"css-1qucyee e17g058b0\">Pero, como naci\u00f3 prematuramente el d\u00eda despu\u00e9s de Navidad y los trabajadores sociales estaban de vacaciones, ella y su esposo, Ulrik, pudieron tenerlo durante 17 d\u00edas.<\/p>\n<p dir=\"ltr\" class=\"css-1qucyee e17g058b0\">\u00abFue la \u00e9poca m\u00e1s feliz de mi vida como padre\u00bb, asegura Ulrik, de 57 a\u00f1os.<\/p>\n<p dir=\"ltr\" class=\"css-1qucyee e17g058b0\">\u00abEstar con mi hijo, abrazarlo, cambiarle el pa\u00f1al, asegurarme de que Johanne se extrajera leche antes de acostarse por la noche\u00bb, agrega.<\/p>\n<p dir=\"ltr\" class=\"css-1qucyee e17g058b0\">Un d\u00eda, dos trabajadores sociales y dos polic\u00edas llegaron a la casa de Johanne y Ulrik para llevarse a su hijo.<\/p>\n<p dir=\"ltr\" class=\"css-1qucyee e17g058b0\">La pareja afirma que les suplicaron que no se lo llevaran. Johanne pregunt\u00f3 si pod\u00eda amamantarlo una \u00faltima vez.<\/p>\n<p dir=\"ltr\" class=\"css-1qucyee e17g058b0\">\u00abMientras vest\u00eda a mi hijo para entregarlo a sus padres adoptivos, que ya ven\u00edan, sent\u00ed que se me romp\u00eda el coraz\u00f3n\u00bb, lamenta Ulrik.<\/p>\n<p dir=\"ltr\" class=\"css-1qucyee e17g058b0\">Es el tercer hijo que le quitan a Johanne tras obligarla a completar un Informe de Cuidado Familiar (FKU). Dos hijos de una relaci\u00f3n anterior, de 6 y 5 a\u00f1os, fueron puestos bajo tutela en 2010.<\/p>\n<p dir=\"ltr\" class=\"css-1qucyee e17g058b0\">Su evaluaci\u00f3n de 2019 la describe como \u00abnarcisista\u00bb y con \u00abretraso mental\u00bb, una categorizaci\u00f3n basada en las clasificaciones desarrolladas por la OMS que estaban en uso en ese momento.<\/p>\n<p dir=\"ltr\" class=\"css-1qucyee e17g058b0\">Ella rechaza ambas descripciones.<\/p>\n<p><img decoding=\"async\" src=\"https:\/\/www.europesays.com\/es\/wp-content\/uploads\/2025\/11\/cc604fe0-c568-11f0-ac47-e3b40c46275e.jpg.webp.webp\"   alt=\"En Nuuk, Groenlandia, manifestantes abrigados con gruesos abrigos de invierno portan pancartas con la nieve de fondo. La manifestante que aparece en primer plano tiene la boca tapada con cinta adhesiva.\" loading=\"lazy\" width=\"3875\" height=\"2179\" style=\"aspect-ratio:3875 \/ 2179\" class=\"css-4ejld5\"\/><\/p>\n<p class=\"css-by8ykd\" role=\"text\">Fuente de la imagen, Getty Images<\/p>\n<p>Pie de foto, Un manifestante porta una pancarta que dice: \u00ab\u00a1Nuestros hijos nos est\u00e1n viendo! \u00a1Los prejuicios son contagiosos!\u00bb, durante una manifestaci\u00f3n en Nuuk, la capital de Groenlandia, a principios de este a\u00f1o.<\/p>\n<p dir=\"ltr\" class=\"css-1qucyee e17g058b0\">En teor\u00eda no hay una calificaci\u00f3n de aprobado o suspenso para un FKU, y este es solo uno de los factores que las autoridades locales tienen en cuenta al decidir si un ni\u00f1o debe ser puesto bajo tutela.<\/p>\n<p dir=\"ltr\" class=\"css-1qucyee e17g058b0\">Pero el psic\u00f3logo Isak Nellemann, quien sol\u00eda administrar las pruebas, afirma que en la pr\u00e1ctica son \u00abmuy importantes, porque cuando las pruebas fallan, en aproximadamente el 90% de los casos pierden la custodia de sus hijos\u00bb.<\/p>\n<p dir=\"ltr\" class=\"css-1qucyee e17g058b0\">Nellemann argumenta que las pruebas carecen de validez cient\u00edfica y fueron desarrolladas para estudiar rasgos de personalidad, no para predecir la capacidad parental.<\/p>\n<p dir=\"ltr\" class=\"css-1qucyee e17g058b0\">Sin embargo, Turi Frederiksen, psic\u00f3loga s\u00e9nior cuyo equipo actualmente administra las pruebas, las defiende, afirmando que, si bien no son perfectas, \u00abson herramientas psicol\u00f3gicas valiosas y exhaustivas\u00bb.<\/p>\n<p dir=\"ltr\" class=\"css-1qucyee e17g058b0\">Tambi\u00e9n afirma que no cree que est\u00e9n sesgadas contra los groenlandeses.<\/p>\n<p dir=\"ltr\" class=\"css-1qucyee e17g058b0\">Cuando a Johanne le preguntaron en 2019 qu\u00e9 ve\u00eda durante una prueba de Rorschach -una prueba psicol\u00f3gica en la que se pide a las personas que interpreten im\u00e1genes de manchas de tinta- respondi\u00f3 que ve\u00eda a una mujer destripando una foca, una escena com\u00fan en la cultura de caza de Groenlandia.<\/p>\n<p dir=\"ltr\" class=\"css-1qucyee e17g058b0\">Johanne alega que, al escuchar esta respuesta, el psic\u00f3logo la llam\u00f3 \u00abb\u00e1rbara\u00bb.<\/p>\n<p dir=\"ltr\" class=\"css-1qucyee e17g058b0\">El gobierno local que realiz\u00f3 la evaluaci\u00f3n de la pareja en 2019 no abord\u00f3 directamente la reclamaci\u00f3n de Johanne.<\/p>\n<p dir=\"ltr\" class=\"css-1qucyee e17g058b0\">Afirmaron que su evaluaci\u00f3n \u00abindicaba una preocupaci\u00f3n significativa respecto a las capacidades parentales generales de los padres\u00bb, as\u00ed como \u00abpreocupaciones sobre su estilo de vida y su nivel de funcionamiento en la vida diaria\u00bb.<\/p>\n<p><img decoding=\"async\" src=\"https:\/\/www.europesays.com\/es\/wp-content\/uploads\/2025\/11\/9d9e9240-c561-11f0-9fb5-5f3a3703a365.jpg.webp.webp\"   alt=\"Tordis Jacobsen, una mujer de cabello rubio ondulado hasta los hombros, mira a la c\u00e1mara. Lleva un su\u00e9ter negro y est\u00e1 sentada junto a un escritorio con una computadora en una oficina.\" loading=\"lazy\" width=\"4032\" height=\"3024\" style=\"aspect-ratio:4032 \/ 3024\" class=\"css-4ejld5\"\/>Pie de foto, La trabajadora social Tordis Jacobsen afirma que la decisi\u00f3n de poner a un ni\u00f1o bajo tutela en Dinamarca nunca se toma a la ligera.<\/p>\n<p>\u00abNunca vi sus primeros pasos\u00bb<\/p>\n<p dir=\"ltr\" class=\"css-1qucyee e17g058b0\">Tras la acogida del hijo de Johanne y Ulrik, se les permiti\u00f3 tener contacto con \u00e9l durante breves visitas semanales hasta su adopci\u00f3n en 2020.<\/p>\n<p dir=\"ltr\" class=\"css-1qucyee e17g058b0\">Desde entonces, no lo han vuelto a ver.<\/p>\n<p dir=\"ltr\" class=\"css-1qucyee e17g058b0\">\u00abNunca vi sus primeros pasos, su primera palabra, su primer diente, su primer d\u00eda de colegio\u00bb, protesta Johanne.<\/p>\n<p dir=\"ltr\" class=\"css-1qucyee e17g058b0\">Sin embargo, pocos d\u00edas despu\u00e9s de su nacimiento lo bautizaron, creando un registro oficial con sus nombres y direcci\u00f3n.<\/p>\n<p dir=\"ltr\" class=\"css-1qucyee e17g058b0\">\u00abNecesit\u00e1bamos dejar constancia documental para que pudiera encontrar el camino de vuelta a casa\u00bb, explica Johanne.<\/p>\n<p dir=\"ltr\" class=\"css-1qucyee e17g058b0\">Su abogada, Jeanette Gj\u00f8rret, espera llevar su caso ante el Tribunal Europeo de Derechos Humanos.<\/p>\n<p dir=\"ltr\" class=\"css-1qucyee e17g058b0\">La ministra de Asuntos Sociales de Dinamarca, Sophie H\u00e6storp Andersen, declar\u00f3 a la BBC que el gobierno no reabrir\u00e1 los casos de adopci\u00f3n, ya que cada uno de estos ni\u00f1os se encuentra ahora con una familia cari\u00f1osa y dedicada.<\/p>\n<p dir=\"ltr\" class=\"css-1qucyee e17g058b0\">Al pregunt\u00e1rsele sobre el avance de la revisi\u00f3n, coment\u00f3: \u00abParece lento, pero ya hemos empezado\u00bb.<\/p>\n<p dir=\"ltr\" class=\"css-1qucyee e17g058b0\">A\u00f1adi\u00f3 que las decisiones de retirar a un ni\u00f1o de su hogar o darlo en adopci\u00f3n forman parte de un proceso muy exhaustivo en el que se analiza la capacidad de la familia para cuidar del menor no solo durante uno o dos a\u00f1os, sino durante un largo periodo de tiempo.<\/p>\n<p dir=\"ltr\" class=\"css-1qucyee e17g058b0\">Tordis Jacobsen, jefa de equipo de trabajo social en el municipio de Aalborg, en el norte de Dinamarca, se hizo eco de estas palabras y afirm\u00f3 que la retirada de un ni\u00f1o de su hogar nunca se toma a la ligera en el pa\u00eds n\u00f3rdico.<\/p>\n<p dir=\"ltr\" class=\"css-1qucyee e17g058b0\">Explic\u00f3 que las preocupaciones sobre la seguridad del menor suelen ser detectadas inicialmente por los centros educativos o los hospitales, y se\u00f1al\u00f3 que, en los casos de adopci\u00f3n permanente, la decisi\u00f3n de aprobarla la toma un juez.<\/p>\n<p><img decoding=\"async\" src=\"https:\/\/www.europesays.com\/es\/wp-content\/uploads\/2025\/11\/86d26b20-c55e-11f0-88c6-23e769b55dc3.jpg.webp.webp\"   alt=\"Pilinguaq, vestida con un jersey color crema y pendientes colgantes, sostiene a su hija, que lleva una camiseta de rayas rosas, moradas y azules. La ni\u00f1a abraza a su madre por los hombros, mientras que al fondo se ven \u00e1rboles y arbustos borrosos frente a una casa.\" loading=\"lazy\" width=\"3951\" height=\"2222\" style=\"aspect-ratio:3951 \/ 2222\" class=\"css-4ejld5\"\/>Pie de foto, La hija de Pilinguaq, de 6 a\u00f1os, le fue devuelta hace varios meses, m\u00e1s de cuatro a\u00f1os despu\u00e9s de haber sido puesta bajo custodia.<\/p>\n<p dir=\"ltr\" class=\"css-1qucyee e17g058b0\">Pilinguaq es un caso excepcional de una madre groenlandesa que se ha reunido con su hija.<\/p>\n<p dir=\"ltr\" class=\"css-1qucyee e17g058b0\">Ella y su hija, que fue puesta bajo tutela al a\u00f1o de edad, se reencontraron hace unos meses. Su hija ahora tiene 6 a\u00f1os.<\/p>\n<p dir=\"ltr\" class=\"css-1qucyee e17g058b0\">Pilinguaq, de 39 a\u00f1os, cuenta que recibi\u00f3 la inesperada noticia en una llamada telef\u00f3nica de los servicios sociales.<\/p>\n<p dir=\"ltr\" class=\"css-1qucyee e17g058b0\">\u00abEmpec\u00e9 a llorar y a re\u00edr al mismo tiempo. No me lo pod\u00eda creer. No dejaba de pensar: &#8216;\u00a1Dios m\u00edo, vuelve a casa!'\u00bb, afirma.<\/p>\n<p dir=\"ltr\" class=\"css-1qucyee e17g058b0\">Los tres hijos de Pilinguaq fueron puestos bajo tutela en 2021. Los otros dos ten\u00edan 6 y 9 a\u00f1os en ese momento.<\/p>\n<p dir=\"ltr\" class=\"css-1qucyee e17g058b0\">Ella afirma que acept\u00f3 que las autoridades locales pusieran a sus hijos bajo tutela temporal mientras encontraba un nuevo hogar adecuado para ellos.<\/p>\n<p dir=\"ltr\" class=\"css-1qucyee e17g058b0\">Pilinguaq cre\u00eda que sus hijos pronto regresar\u00edan con ella, pero no fue as\u00ed, y tuvo que someterse a una evaluaci\u00f3n de aptitud parental.<\/p>\n<p dir=\"ltr\" class=\"css-1qucyee e17g058b0\">Esta concluy\u00f3 que ten\u00eda un patr\u00f3n de relaciones disfuncionales y que no era apta para ser madre.<\/p>\n<p>\u00abPueden llev\u00e1rsela en una hora\u00bb<\/p>\n<p dir=\"ltr\" class=\"css-1qucyee e17g058b0\">Unos meses despu\u00e9s de que su hija de 6 a\u00f1os regresara a casa, las autoridades locales informaron a Pilinguaq de que sus otros dos hijos mayores volver\u00edan con ella en diciembre.<\/p>\n<p dir=\"ltr\" class=\"css-1qucyee e17g058b0\">La decisi\u00f3n de que los ni\u00f1os regresaran a la custodia de Pilinguaq fue tomada por las autoridades locales, no por recomendaci\u00f3n del informe gubernamental.<\/p>\n<p dir=\"ltr\" class=\"css-1qucyee e17g058b0\">Las autoridades locales se negaron a hacer comentarios sobre su caso.<\/p>\n<p dir=\"ltr\" class=\"css-1qucyee e17g058b0\">Pasar m\u00e1s de cuatro a\u00f1os separadas ha dificultado a Pilinguaq reconstruir su relaci\u00f3n con su hija.<\/p>\n<p dir=\"ltr\" class=\"css-1qucyee e17g058b0\">\u00abSi voy al ba\u00f1o y cierro la puerta, le da un ataque de p\u00e1nico y dice: &#8216;Mam\u00e1, no te encuentro'\u00bb, asegura Pilinguaq.<\/p>\n<p dir=\"ltr\" class=\"css-1qucyee e17g058b0\">Tambi\u00e9n confiesa que le aterra volver a perder a su hija: \u00abPueden llev\u00e1rsela en una hora. Pueden hacerlo otra vez\u00bb.<\/p>\n<p><img decoding=\"async\" src=\"https:\/\/www.europesays.com\/es\/wp-content\/uploads\/2025\/11\/b16b7ff0-c560-11f0-88c6-23e769b55dc3.jpg.webp.webp\"   alt=\"Keira, vestida con una camiseta roja y guantes protectores, est\u00e1 agachada detr\u00e1s del trineo de madera que ha estado construyendo. Al fondo se ven un par de sillas de jard\u00edn grises y una puerta abierta que da a una casa.\" loading=\"lazy\" width=\"2441\" height=\"1372\" style=\"aspect-ratio:2441 \/ 1372\" class=\"css-4ejld5\"\/>Pie de foto, Keira le ha fabricado a su hija Zammi un trineo de madera para su primer cumplea\u00f1os.<\/p>\n<p dir=\"ltr\" class=\"css-1qucyee e17g058b0\">Keira ahora se prepara para el primer cumplea\u00f1os de Zammi en su ausencia.<\/p>\n<p dir=\"ltr\" class=\"css-1qucyee e17g058b0\">Est\u00e1 construyendo a mano un trineo tradicional de Groenlandia con madera, con un oso polar dibujado en la parte delantera.<\/p>\n<p dir=\"ltr\" class=\"css-1qucyee e17g058b0\">A principios de este mes le comunicaron que su hija no volver\u00eda a casa, al menos por ahora, pero no ha perdido la esperanza.<\/p>\n<p dir=\"ltr\" class=\"css-1qucyee e17g058b0\">Keira a\u00fan conserva una cuna junto a su cama y otra en el sal\u00f3n, adem\u00e1s de fotos enmarcadas de Zammi en las paredes, junto con ropa de beb\u00e9 y pa\u00f1ales.<\/p>\n<p dir=\"ltr\" class=\"css-1qucyee e17g058b0\">\u00abNo dejar\u00e9 de luchar por mis hijos. Si no gano esta lucha, ser\u00e1 la lucha de mis hijos en el futuro\u00bb, sentencia.<\/p>\n<p><img decoding=\"async\" src=\"https:\/\/www.europesays.com\/es\/wp-content\/uploads\/2025\/11\/a131e6f0-c679-11f0-8c06-f5d460985095.png.webp.webp\"   alt=\"&quot;&quot;\" loading=\"lazy\" width=\"800\" height=\"100\" style=\"aspect-ratio:800 \/ 100\" class=\"css-4ejld5\"\/><\/p>\n<p dir=\"ltr\" class=\"css-1qucyee e17g058b0\"><a href=\"https:\/\/www.bbc.com\/mundo\/send\/u184973209\" class=\"focusIndicatorReducedWidth css-n8oauk e1p3sufg0\" rel=\"nofollow noopener\" target=\"_blank\">Suscr\u00edbete aqu\u00ed<\/a> a nuestro nuevo newsletter para recibir cada viernes una selecci\u00f3n de nuestro mejor contenido de la semana.<\/p>\n<p dir=\"ltr\" class=\"css-1qucyee e17g058b0\">Y recuerda que puedes recibir notificaciones en nuestra app. Descarga la \u00faltima versi\u00f3n y act\u00edvalas.<\/p>\n","protected":false},"excerpt":{"rendered":"Pie de foto, Keira recuerda que llor\u00f3 desconsoladamente cuando le quitaron a su beb\u00e9.Informaci\u00f3n del art\u00edculo Autor, Sofia&hellip;\n","protected":false},"author":2,"featured_media":253027,"comment_status":"","ping_status":"","sticky":false,"template":"","format":"standard","meta":{"footnotes":""},"categories":[42],"tags":[17,18,13,14,11,61,62,63,64,19,20,9,10,15,16,12,21,22,65,66,67],"class_list":{"0":"post-253026","1":"post","2":"type-post","3":"status-publish","4":"format-standard","5":"has-post-thumbnail","7":"category-internacional","8":"tag-breaking-news","9":"tag-breakingnews","10":"tag-featured-news","11":"tag-featurednews","12":"tag-headlines","13":"tag-internacional","14":"tag-international","15":"tag-international-news","16":"tag-internationalnews","17":"tag-latest-news","18":"tag-latestnews","19":"tag-news","20":"tag-noticias","21":"tag-noticias-destacadas","22":"tag-noticiasdestacadas","23":"tag-titulares","24":"tag-ultimas-noticias","25":"tag-ultimasnoticias","26":"tag-world","27":"tag-world-news","28":"tag-worldnews"},"share_on_mastodon":{"url":"https:\/\/pubeurope.com\/@es\/115604352715160755","error":""},"_links":{"self":[{"href":"https:\/\/www.europesays.com\/es\/wp-json\/wp\/v2\/posts\/253026","targetHints":{"allow":["GET"]}}],"collection":[{"href":"https:\/\/www.europesays.com\/es\/wp-json\/wp\/v2\/posts"}],"about":[{"href":"https:\/\/www.europesays.com\/es\/wp-json\/wp\/v2\/types\/post"}],"author":[{"embeddable":true,"href":"https:\/\/www.europesays.com\/es\/wp-json\/wp\/v2\/users\/2"}],"replies":[{"embeddable":true,"href":"https:\/\/www.europesays.com\/es\/wp-json\/wp\/v2\/comments?post=253026"}],"version-history":[{"count":0,"href":"https:\/\/www.europesays.com\/es\/wp-json\/wp\/v2\/posts\/253026\/revisions"}],"wp:featuredmedia":[{"embeddable":true,"href":"https:\/\/www.europesays.com\/es\/wp-json\/wp\/v2\/media\/253027"}],"wp:attachment":[{"href":"https:\/\/www.europesays.com\/es\/wp-json\/wp\/v2\/media?parent=253026"}],"wp:term":[{"taxonomy":"category","embeddable":true,"href":"https:\/\/www.europesays.com\/es\/wp-json\/wp\/v2\/categories?post=253026"},{"taxonomy":"post_tag","embeddable":true,"href":"https:\/\/www.europesays.com\/es\/wp-json\/wp\/v2\/tags?post=253026"}],"curies":[{"name":"wp","href":"https:\/\/api.w.org\/{rel}","templated":true}]}}