{"id":253038,"date":"2025-11-24T11:17:17","date_gmt":"2025-11-24T11:17:17","guid":{"rendered":"https:\/\/www.europesays.com\/es\/253038\/"},"modified":"2025-11-24T11:17:17","modified_gmt":"2025-11-24T11:17:17","slug":"juanjo-bona-y-el-vizcaino-martin-urrutia-suben-la-temperatura-en-el-euskalduna","status":"publish","type":"post","link":"https:\/\/www.europesays.com\/es\/253038\/","title":{"rendered":"Juanjo Bona y el vizca\u00edno Martin Urrutia suben la temperatura en el Euskalduna"},"content":{"rendered":"<p><img loading=\"lazy\" decoding=\"async\" class=\"v-a-img v-a-img--ph\" src=\"https:\/\/www.europesays.com\/es\/wp-content\/uploads\/2025\/11\/bona-dos-kOJH-U240332085346b8E-758x531@El Correo.PNG\" alt=\"Juanjo Bona y el vizca\u00edno Martin Urrutia suben la temperatura en el Euskalduna\" style=\"\" data-voc-video-player-container-img=\"\" width=\"758\" height=\"531\"\/><\/p>\n<p>Instagram      <\/p>\n<p>Los dos exconcursantes de Operaci\u00f3n Triunfo, que mantienen una relaci\u00f3n sentimental, lo dieron todo en el concierto del aragon\u00e9s en Bilbao<\/p>\n<p><a class=\"v-mdl-ath__fig-a\" href=\"https:\/\/www.elcorreo.com\/autor\/silvia-osorio-3311.html\" title=\"Silvia Osorio\" rel=\"nofollow noopener\" target=\"_blank\"><br \/>\n<img decoding=\"async\" class=\"v-mdl-ath__img\" src=\"https:\/\/www.europesays.com\/es\/wp-content\/uploads\/2025\/07\/autor-3311-foto-1.jpeg\" alt=\"Silvia Osorio\"\/><br \/>\n<\/a><\/p>\n<p class=\"v-mdl-ath__p v-mdl-ath__p--6\">\nLunes, 24 de noviembre 2025, 09:09<\/p>\n<p class=\"v-p\">Juanjo Bona ya lo hab\u00eda anunciado: su chico, el vizca\u00edno Martin Urrutia cantar\u00eda con \u00e9l en su concierto de este domingo en el Palacio Euskalduna, en Bilbao. \u00ab\u00a1Bueno, me gustar\u00eda guardar la exclusiva, pero para qu\u00e9 nos vamos a enga\u00f1ar! Todo el mundo lo espera y, actuando en su casa, ten\u00eda que estar \u00e9l conmigo en el escenario y los suyos entre el p\u00fablico\u00bb, desvel\u00f3 en una <a href=\"https:\/\/www.elcorreo.com\/culturas\/musica\/juanjo-bona-gustaria-guardar-exclusiva-vamos-enganar-20251122133731-nt.html\" target=\"_blank\" title=\"Juanjo Bona: \u00abMe gustar\u00eda guardar la exclusiva, pero para qu\u00e9 nos vamos a enga\u00f1ar, Martin cantar\u00e1 conmigo en el Euskalduna\u00bb\" data-voc-vtm-id=\"in-text-traffic\" data-mrf-link=\"www.elcorreo.com\" rel=\"nofollow noopener\">entrevista <\/a>en EL CORREO. As\u00ed fue. El cantante getxotarra salt\u00f3 al escenario y el p\u00fablico se vino arriba.<\/p>\n<p class=\"v-p\">Ambos se conocieron en la anterior edici\u00f3n de Operaci\u00f3n Triunfo y desde entonces mantienen una relaci\u00f3n sentimental. Los dos artistas comenzaron viviendo su romance de una forma discreta. Sin embargo, en los \u00faltimos meses se han soltado y no ocultan su amor. Prueba de ello, fue la aparici\u00f3n sorpresa, con <a href=\"https:\/\/www.elcorreo.com\/gente-estilo\/declaracion-amor-juanjo-bona-vizcaino-martin-urrutia-20251111133140-nt.html\" target=\"_blank\" title=\"La declaraci\u00f3n de amor de Juanjo Bona al vizca\u00edno Martin Urrutia en &#039;MasterChef Celebrity&#039;: \u00abNo me hab\u00eda enamorado nunca\u00bb\" data-voc-vtm-id=\"in-text-traffic\" data-mrf-link=\"www.elcorreo.com\" rel=\"nofollow noopener\">declaraci\u00f3n de amor <\/a>incluida, de Martin en &#8216;MasterChef Celebrity&#8217; para apoyar a su novio, que se qued\u00f3 a las puertas de la gran final. <\/p>\n<p class=\"v-p\">A sus 22 a\u00f1os, el cantante aragon\u00e9s ha reinterpretado el folclore y la canci\u00f3n popular con una nueva sensibilidad en sinton\u00eda con un p\u00fablico joven y urbano. Est\u00e1 triunfando con su gira por toda Espa\u00f1a. Despu\u00e9s de que el pasado mes de marzo se agotaran en apenas dos horas sus funciones en el Teatro Campos El\u00edseos, Juanjo regres\u00f3 este domingo a la villa, a un aforo m\u00e1s amplio como el Euskalduna, prueba de que se ha consolidado como una nueva estrella del pop a nivel estatal. <\/p>\n<p><img decoding=\"async\" loading=\"lazy\" src=\"https:\/\/www.europesays.com\/es\/wp-content\/uploads\/2025\/11\/bona-uno-kOJH--650x975@El Correo.PNG\" class=\"v-a-img\" width=\"650\" height=\"975\" alt=\"\" data-voc-vtm-id=\"in-text-traffic\"\/><\/p>\n<p>Instagram<\/p>\n<p>Pa\u00f1uelito de fiestas<\/p>\n<p class=\"v-p\">En Bilbao, Juanjo lo dio todo. Y cuando su pareja sali\u00f3 a cantar con \u00e9l las fans estallaron de alegr\u00eda. El aragon\u00e9s se meti\u00f3 pronto al p\u00fablico en el bolsillo luciendo un pa\u00f1uelito t\u00edpico de las fiestas vizca\u00ednas. Con Martin sobre el escenario, hubo momentos de complicidad, gestos de cari\u00f1o&#8230;<\/p>\n<p class=\"v-p\">\u00abEn casa siempre contigo mi amor\u00bb, ha escrito Juanjo en una historia compartida en su perfil de Instagram. C\u00f3mo no, cantar en &#8216;casa&#8217; supuso una gran emoci\u00f3n para la pareja, que se mostr\u00f3 euf\u00f3rica por esa velada que jam\u00e1s olvidar\u00e1n.<\/p>\n<p>Reporta un error<\/p>\n","protected":false},"excerpt":{"rendered":"Instagram Los dos exconcursantes de Operaci\u00f3n Triunfo, que mantienen una relaci\u00f3n sentimental, lo dieron todo en el concierto&hellip;\n","protected":false},"author":2,"featured_media":253039,"comment_status":"","ping_status":"","sticky":false,"template":"","format":"standard","meta":{"footnotes":""},"categories":[174],"tags":[39219,255,146,147,25,24,63923,256,13443,1730,23,14531,18541,60931,13572],"class_list":{"0":"post-253038","1":"post","2":"type-post","3":"status-publish","4":"format-standard","5":"has-post-thumbnail","7":"category-famosos","8":"tag-bona","9":"tag-celebrities","10":"tag-entertainment","11":"tag-entretenimiento","12":"tag-es","13":"tag-espana","14":"tag-euskalduna","15":"tag-famosos","16":"tag-juanjo","17":"tag-martin","18":"tag-spain","19":"tag-suben","20":"tag-temperatura","21":"tag-urrutia","22":"tag-vizcaino"},"share_on_mastodon":{"url":"https:\/\/pubeurope.com\/@es\/115604399532949608","error":""},"_links":{"self":[{"href":"https:\/\/www.europesays.com\/es\/wp-json\/wp\/v2\/posts\/253038","targetHints":{"allow":["GET"]}}],"collection":[{"href":"https:\/\/www.europesays.com\/es\/wp-json\/wp\/v2\/posts"}],"about":[{"href":"https:\/\/www.europesays.com\/es\/wp-json\/wp\/v2\/types\/post"}],"author":[{"embeddable":true,"href":"https:\/\/www.europesays.com\/es\/wp-json\/wp\/v2\/users\/2"}],"replies":[{"embeddable":true,"href":"https:\/\/www.europesays.com\/es\/wp-json\/wp\/v2\/comments?post=253038"}],"version-history":[{"count":0,"href":"https:\/\/www.europesays.com\/es\/wp-json\/wp\/v2\/posts\/253038\/revisions"}],"wp:featuredmedia":[{"embeddable":true,"href":"https:\/\/www.europesays.com\/es\/wp-json\/wp\/v2\/media\/253039"}],"wp:attachment":[{"href":"https:\/\/www.europesays.com\/es\/wp-json\/wp\/v2\/media?parent=253038"}],"wp:term":[{"taxonomy":"category","embeddable":true,"href":"https:\/\/www.europesays.com\/es\/wp-json\/wp\/v2\/categories?post=253038"},{"taxonomy":"post_tag","embeddable":true,"href":"https:\/\/www.europesays.com\/es\/wp-json\/wp\/v2\/tags?post=253038"}],"curies":[{"name":"wp","href":"https:\/\/api.w.org\/{rel}","templated":true}]}}