{"id":253042,"date":"2025-11-24T11:21:09","date_gmt":"2025-11-24T11:21:09","guid":{"rendered":"https:\/\/www.europesays.com\/es\/253042\/"},"modified":"2025-11-24T11:21:09","modified_gmt":"2025-11-24T11:21:09","slug":"el-malentendido-sobre-la-nueva-cancion-de-la-oreja-de-van-gogh-que-encendio-las-alarmas-novedades","status":"publish","type":"post","link":"https:\/\/www.europesays.com\/es\/253042\/","title":{"rendered":"El malentendido sobre la nueva canci\u00f3n de La Oreja de Van Gogh que &#8216;encendi\u00f3 las alarmas&#8217; | Novedades"},"content":{"rendered":"<p><a href=\"https:\/\/los40.com\/tag\/la_oreja_van_gogh\/a\/\" target=\"_blank\" rel=\"nofollow noopener\" title=\"https:\/\/los40.com\/tag\/la_oreja_van_gogh\/a\/\"><b>La Oreja de Van Gogh<\/b><\/a> ha aclarado la confusi\u00f3n generada por su \u00faltima story en Instagram. Y es que todas las alarmas del universo pop se encendieron a la vez cuando el grupo donostiarra poste\u00f3 una imagen desde el estudio con el texto \u00abHoy, nueva canci\u00f3n\u00bb.<\/p>\n<p>El pasado viernes, la cuenta oficial de La Oreja de Van Gogh sorprendi\u00f3 a sus seguidores con ese mensaje. En cuesti\u00f3n de minutos, la story fue eliminada y sustituida por otra con un texto diferente: \u201cTrabajando en nuevas canciones\u201d. La rectificaci\u00f3n fue necesaria porque el primer mensaje hab\u00eda generado un aut\u00e9ntico terremoto entre los fans, que interpretaron que el grupo iba a estrenar un tema in\u00e9dito ese mismo d\u00eda.<\/p>\n<p>La realidad era mucho m\u00e1s sencilla: la banda donostiarra quer\u00eda comunicar que ese viernes tocaba jornada de estudio y composici\u00f3n, no un lanzamiento oficial. El error, fruto de una redacci\u00f3n ambigua, bast\u00f3 para encender la ilusi\u00f3n de miles de seguidores que llevan semanas pendientes de cada movimiento del grupo.<\/p>\n<p><img decoding=\"async\" src=\"https:\/\/los40.com\/pf\/resources\/img\/logo-40-v-c.svg?d=913\" alt=\"LOS40\" class=\"i-pro\" width=\"68\" height=\"68\" loading=\"lazy\"\/><\/p>\n<p>La confusi\u00f3n se produjo en un contexto especialmente sensible para los fans. Apenas unos meses atr\u00e1s,<a href=\"https:\/\/los40.com\/2025\/10\/15\/la-oreja-de-van-gogh-anuncia-el-regreso-de-amaia-montero-comenzamos-otra-nueva-etapa-en-nuestro-camino\/\" target=\"_blank\" rel=\"nofollow noopener\" title=\"https:\/\/los40.com\/2025\/10\/15\/la-oreja-de-van-gogh-anuncia-el-regreso-de-amaia-montero-comenzamos-otra-nueva-etapa-en-nuestro-camino\/\"><b> La Oreja de Van Gogh anunci\u00f3 el regreso de Amaia Montero como vocalista<\/b><\/a>, casi dos d\u00e9cadas despu\u00e9s de su salida. La noticia supuso un aut\u00e9ntico acontecimiento en el panorama musical espa\u00f1ol, ya que la voz de Amaia est\u00e1 \u00edntimamente ligada a los grandes \u00e9xitos de la banda en los a\u00f1os noventa y principios de los 2000. La vuelta de la cantante se produjo tras el despido de Leire Mart\u00ednez, quien hab\u00eda liderado el grupo durante m\u00e1s de quince a\u00f1os. <\/p>\n<p>El regreso de La Oreja de Van Gogh tras m\u00e1s de un a\u00f1o de silencio no se quedar\u00e1 en el estudio.<a href=\"https:\/\/los40.com\/2025\/10\/22\/la-oreja-de-van-gogh-continua-ampliando-su-gira-de-conciertos-con-amaia-con-nuevas-fechas-cuando-salen-las-entradas-a-la-venta\/\" target=\"_blank\" rel=\"nofollow noopener\" title=\"https:\/\/los40.com\/2025\/10\/22\/la-oreja-de-van-gogh-continua-ampliando-su-gira-de-conciertos-con-amaia-con-nuevas-fechas-cuando-salen-las-entradas-a-la-venta\/\"><b> La banda ya ha anunciado la gira \u00abTantas Cosas que Contar Tour 2026\u00bb,<\/b><\/a> que arrancar\u00e1 el 9 de mayo en Espa\u00f1a y recorrer\u00e1 posteriormente Latinoam\u00e9rica. Los conciertos prometen ser un repaso a los grandes cl\u00e1sicos del grupo, pero tambi\u00e9n una oportunidad para presentar nuevas composiciones tal y como el propio grupo ha confirmado. La gira se plantea como uno de los eventos musicales m\u00e1s importantes del pr\u00f3ximo a\u00f1o. La expectaci\u00f3n es m\u00e1xima, y cada gesto del grupo en redes sociales se interpreta como una pista sobre lo que vendr\u00e1.<\/p>\n<p>Una nueva canci\u00f3n de LOVG que s\u00ed fue real<\/p>\n<p>Aunque el mensaje del viernes result\u00f3 ser un malentendido,<a href=\"https:\/\/los40.com\/2025\/10\/15\/asi-suena-la-nueva-cancion-de-la-oreja-van-gogh-con-amaia-montero-que-han-publicado-en-redes\/\" target=\"_blank\" rel=\"nofollow noopener\" title=\"https:\/\/los40.com\/2025\/10\/15\/asi-suena-la-nueva-cancion-de-la-oreja-van-gogh-con-amaia-montero-que-han-publicado-en-redes\/\"><b> La Oreja de Van Gogh s\u00ed ha compartido recientemente un fragmento de canci\u00f3n in\u00e9dita<\/b><\/a>. Fue durante el anuncio oficial del regreso de Amaia, cuando publicaron un breve tema que sirvi\u00f3 de anticipo de lo que est\u00e1n preparando. La canci\u00f3n tiene un tono nost\u00e1lgico y emocional, muy en la l\u00ednea de los cl\u00e1sicos de la banda. La voz de Amaia suena \u00edntima y mel\u00f3dica, con ese timbre caracter\u00edstico que marc\u00f3 una \u00e9poca en el pop espa\u00f1ol. Adem\u00e1s, la instrumentaci\u00f3n es suave y envolvente, con guitarras limpias y un ritmo pausado, evocando el estilo de temas como Rosas o Jueves.<\/p>\n<p>Ese peque\u00f1o adelanto confirm\u00f3 que el grupo est\u00e1 trabajando activamente en nuevas composiciones y que, antes del inicio de la gira, podr\u00edan llegar estrenos oficiales. La story corregida del viernes, con el texto \u201cTrabajando en nuevas canciones\u201d, no hizo m\u00e1s que reafirmar esa idea: el grupo est\u00e1 en plena fase creativa.<\/p>\n","protected":false},"excerpt":{"rendered":"La Oreja de Van Gogh ha aclarado la confusi\u00f3n generada por su \u00faltima story en Instagram. Y es&hellip;\n","protected":false},"author":2,"featured_media":253043,"comment_status":"","ping_status":"","sticky":false,"template":"","format":"standard","meta":{"footnotes":""},"categories":[170],"tags":[146,147,25,24,184,185,23],"class_list":{"0":"post-253042","1":"post","2":"type-post","3":"status-publish","4":"format-standard","5":"has-post-thumbnail","7":"category-musica","8":"tag-entertainment","9":"tag-entretenimiento","10":"tag-es","11":"tag-espana","12":"tag-music","13":"tag-musica","14":"tag-spain"},"share_on_mastodon":{"url":"https:\/\/pubeurope.com\/@es\/115604415073741531","error":""},"_links":{"self":[{"href":"https:\/\/www.europesays.com\/es\/wp-json\/wp\/v2\/posts\/253042","targetHints":{"allow":["GET"]}}],"collection":[{"href":"https:\/\/www.europesays.com\/es\/wp-json\/wp\/v2\/posts"}],"about":[{"href":"https:\/\/www.europesays.com\/es\/wp-json\/wp\/v2\/types\/post"}],"author":[{"embeddable":true,"href":"https:\/\/www.europesays.com\/es\/wp-json\/wp\/v2\/users\/2"}],"replies":[{"embeddable":true,"href":"https:\/\/www.europesays.com\/es\/wp-json\/wp\/v2\/comments?post=253042"}],"version-history":[{"count":0,"href":"https:\/\/www.europesays.com\/es\/wp-json\/wp\/v2\/posts\/253042\/revisions"}],"wp:featuredmedia":[{"embeddable":true,"href":"https:\/\/www.europesays.com\/es\/wp-json\/wp\/v2\/media\/253043"}],"wp:attachment":[{"href":"https:\/\/www.europesays.com\/es\/wp-json\/wp\/v2\/media?parent=253042"}],"wp:term":[{"taxonomy":"category","embeddable":true,"href":"https:\/\/www.europesays.com\/es\/wp-json\/wp\/v2\/categories?post=253042"},{"taxonomy":"post_tag","embeddable":true,"href":"https:\/\/www.europesays.com\/es\/wp-json\/wp\/v2\/tags?post=253042"}],"curies":[{"name":"wp","href":"https:\/\/api.w.org\/{rel}","templated":true}]}}