{"id":253057,"date":"2025-11-24T11:31:19","date_gmt":"2025-11-24T11:31:19","guid":{"rendered":"https:\/\/www.europesays.com\/es\/253057\/"},"modified":"2025-11-24T11:31:19","modified_gmt":"2025-11-24T11:31:19","slug":"la-audiencia-nacional-juzgara-a-jordi-pujol-los-magistrados-deciden-no-archivar-la-causa-por-ahora-contra-el-expresidente-de-la-generalitat-pese-a-que-alegaba-un-deterioro-cognitivo-tribunales","status":"publish","type":"post","link":"https:\/\/www.europesays.com\/es\/253057\/","title":{"rendered":"La Audiencia Nacional juzgar\u00e1 a Jordi Pujol: los magistrados deciden no archivar la causa por ahora contra el expresidente de la Generalitat pese a que alegaba un \u00abdeterioro cognitivo\u00bb | Tribunales"},"content":{"rendered":"<p>La Audiencia Nacional juzgar\u00e1 a <a href=\"https:\/\/cadenaser.com\/ser\/2021\/05\/07\/tribunales\/1620389983_698240.html\" target=\"_blank\" rel=\"noreferrer nofollow noopener\" title=\"https:\/\/cadenaser.com\/ser\/2021\/05\/07\/tribunales\/1620389983_698240.html\">Jordi Pujol<\/a>. Para sorpresa de todas las partes, los magistrados han decidido no archivar la causa contra el expresidente de la Generalitat que alegaba un \u00abdeterioro cognitivo\u00bb que seg\u00fan los forenses que le visitaron hace que no est\u00e9 \u00aben condiciones f\u00edsicas ni cognitivas para comparecer en un juicio\u00bb ni dispone de \u00abcapacidad procesal\u00bb para defenderse.<\/p>\n<p>M\u00e1s informaci\u00f3n<\/p>\n<p>Los magistrados han tomado la decisi\u00f3n tras una visitilla a puerta cerrada que ha empezado a las 10:50h y en la que han conectado por videoconferencia con el expresidente catal\u00e1n, que ha comparecido des de su casa de Barcelona, donde sigue tratamiento m\u00e9dico ya que hasta el pasado viernes estaba ingresado en el hospital por una neumon\u00eda y una infecci\u00f3n respiratoria. <\/p>\n<p>El tribunal s\u00ed acepta que el expresident siga el resto del juicio des de su domicilio dado su delicado estado de salud a los 95 a\u00f1os. De este modo, el juicio contra la familia Pujol y una decena de empresarios empezar\u00e1 con los siete hijos del matrimonio, la exmujer del primog\u00e9nito y una decena de empresarios en el banquillo. <\/p>\n<p>El hijo mayor, Jordi Pujol Ferrusola, es quien enfrenta la pena m\u00e1s alta, de 29 a\u00f1os de c\u00e1rcel por asociaci\u00f3n il\u00edcita, falsedad documental, delito de frustraci\u00f3n, adem\u00e1s de cinco delitos contra Hacienda. Le sigue su exmujer a quien Anticorrupci\u00f3n reclama 17 a\u00f1os de prisi\u00f3n; el tercer hijo, Josep Pujol Ferrusola, para quien piden 14 a\u00f1os, y el resto de hermanos -Marta, Pere, Oriol, Mireia y Oleguer- que enfrentan penas de ocho a\u00f1os de prisi\u00f3n cada uno. <\/p>\n<p>Anticorrupci\u00f3n habla de \u00abuna red de clientelismo\u00bb<\/p>\n<p>Anticorrupci\u00f3n acusa la familia de \u201ctejer una red de clientelismo\u201d en una trama corrupta de la que no hay pruebas directas. Seg\u00fan el juez instructor, la familia \u201crecib\u00eda pagos millonarios\u201d, mayoritariamente de empresarios, que \u201cdisimulaban\u201d a trav\u00e9s de sociedades y cuentas en para\u00edsos fiscales. La acusaci\u00f3n cree que esos pagos eran mordidas a cambio de adjudicaciones o \u201csimplemente para congraciarse o mantener buena relaci\u00f3n\u201d con la que entonces era la familia m\u00e1s importante de Catalu\u00f1a. <\/p>\n<p>La defensa siempre lo ha negado. Argumentan que no hay pruebas que vinculen el dinero con ning\u00fan trato de favor por parte de la Administraci\u00f3n y mantienen que la fortuna millonaria que ten\u00edan en Andorra era una herencia, un legado, que dej\u00f3 les dej\u00f3 el abuelo de los acusados, padre del expresidente catal\u00e1n, el banquero Florenci Pujol.<\/p>\n<p>Los magistrados han tomado la decisi\u00f3n tras una visitilla a puerta cerrada que ha empezado a las 10:30h y en la que han conectado por videoconferencia con el expresidente catal\u00e1n, que ha comparecido des de su casa de Barcelona, <a href=\"\" target=\"_blank\" rel=\"nofollow\" title=\"\">donde sigue tratamiento m\u00e9dico ya que hasta el pasado viernes estaba ingresado en el hospital por una neumon\u00eda<\/a> y una infecci\u00f3n respiratoria. <\/p>\n<p><img decoding=\"async\" src=\"https:\/\/www.europesays.com\/es\/wp-content\/uploads\/2025\/11\/BMBC66LTJFFGBNFM5QEHUK7CAE.png\" alt=\"Juicio a la Familia Pujol\" width=\"240\" height=\"135\"  loading=\"lazy\"\/><\/p>\n<p>De este modo, el juicio contra la familia Pujol y una decena de empresarios contar\u00e1 en el banquillo con qui\u00e9nes lideraban la \u00abred corrupta de clientelismo\u00bb que describi\u00f3 el juez instructor: la fallecida Marta Ferrusola y el exonerado Jordi Pujol. El juicio, que durar\u00e1 seis meses, seguir\u00e1 contra los siete hijos del matrimonio, la exmujer del primog\u00e9nito y una decena de empresarios. <\/p>\n<p>El hijo mayor, Jordi Pujol Ferrusola, es quien enfrenta la pena m\u00e1s alta, de 29 a\u00f1os de c\u00e1rcel por asociaci\u00f3n il\u00edcita, falsedad documental, delito de frustraci\u00f3n, adem\u00e1s de cinco delitos contra Hacienda. Le sigue su exmujer a quien Anticorrupci\u00f3n reclama 17 a\u00f1os de prisi\u00f3n; el tercer hijo, Josep Pujol Ferrusola, para quien piden 14 a\u00f1os, y el resto de hermanos -Marta, Pere, Oriol, Mireia y Oleguer- que enfrentan penas de ocho a\u00f1os de prisi\u00f3n cada uno. <\/p>\n","protected":false},"excerpt":{"rendered":"La Audiencia Nacional juzgar\u00e1 a Jordi Pujol. Para sorpresa de todas las partes, los magistrados han decidido no&hellip;\n","protected":false},"author":2,"featured_media":253058,"comment_status":"","ping_status":"","sticky":false,"template":"","format":"standard","meta":{"footnotes":""},"categories":[8],"tags":[17,18,25,24,13,14,11,19,20,9,10,15,16,23,12,21,22],"class_list":{"0":"post-253057","1":"post","2":"type-post","3":"status-publish","4":"format-standard","5":"has-post-thumbnail","7":"category-espana","8":"tag-breaking-news","9":"tag-breakingnews","10":"tag-es","11":"tag-espana","12":"tag-featured-news","13":"tag-featurednews","14":"tag-headlines","15":"tag-latest-news","16":"tag-latestnews","17":"tag-news","18":"tag-noticias","19":"tag-noticias-destacadas","20":"tag-noticiasdestacadas","21":"tag-spain","22":"tag-titulares","23":"tag-ultimas-noticias","24":"tag-ultimasnoticias"},"share_on_mastodon":{"url":"https:\/\/pubeurope.com\/@es\/115604454923776786","error":""},"_links":{"self":[{"href":"https:\/\/www.europesays.com\/es\/wp-json\/wp\/v2\/posts\/253057","targetHints":{"allow":["GET"]}}],"collection":[{"href":"https:\/\/www.europesays.com\/es\/wp-json\/wp\/v2\/posts"}],"about":[{"href":"https:\/\/www.europesays.com\/es\/wp-json\/wp\/v2\/types\/post"}],"author":[{"embeddable":true,"href":"https:\/\/www.europesays.com\/es\/wp-json\/wp\/v2\/users\/2"}],"replies":[{"embeddable":true,"href":"https:\/\/www.europesays.com\/es\/wp-json\/wp\/v2\/comments?post=253057"}],"version-history":[{"count":0,"href":"https:\/\/www.europesays.com\/es\/wp-json\/wp\/v2\/posts\/253057\/revisions"}],"wp:featuredmedia":[{"embeddable":true,"href":"https:\/\/www.europesays.com\/es\/wp-json\/wp\/v2\/media\/253058"}],"wp:attachment":[{"href":"https:\/\/www.europesays.com\/es\/wp-json\/wp\/v2\/media?parent=253057"}],"wp:term":[{"taxonomy":"category","embeddable":true,"href":"https:\/\/www.europesays.com\/es\/wp-json\/wp\/v2\/categories?post=253057"},{"taxonomy":"post_tag","embeddable":true,"href":"https:\/\/www.europesays.com\/es\/wp-json\/wp\/v2\/tags?post=253057"}],"curies":[{"name":"wp","href":"https:\/\/api.w.org\/{rel}","templated":true}]}}