{"id":253059,"date":"2025-11-24T11:33:24","date_gmt":"2025-11-24T11:33:24","guid":{"rendered":"https:\/\/www.europesays.com\/es\/253059\/"},"modified":"2025-11-24T11:33:24","modified_gmt":"2025-11-24T11:33:24","slug":"portal-de-noticias-del-gobierno-de-canarias-324","status":"publish","type":"post","link":"https:\/\/www.europesays.com\/es\/253059\/","title":{"rendered":"Portal de Noticias del Gobierno de Canarias"},"content":{"rendered":"<blockquote>\n<p>Las unidades m\u00f3viles se instalar\u00e1n en la Plaza Primero de Mayo y en la Avenida Joaqu\u00edn Artiles<\/p>\n<\/blockquote>\n<p>La Direcci\u00f3n General de Hemodonaci\u00f3n y Hemoterapia del Servicio Canario de la Salud (SCS) lleva a cabo desde\u00a0hoy\u00a0y hasta el jueves,\u00a027 de noviembre, una campa\u00f1a de donaci\u00f3n en Ag\u00fcimes. El objetivo es acercar la extracci\u00f3n de sangre a residentes y visitantes del municipio.<\/p>\n<p>Hoy\u00a0y\u00a0ma\u00f1ana\u00a0se instalar\u00e1 una unidad m\u00f3vil en la Avenida Joaqu\u00edn Artiles, junto al Ayuntamiento, y otra en la Plaza Primero de Mayo, en el Cruce de Arinaga. En ambos casos, el horario ser\u00e1 de\u00a09:00 a 13:30 y de 16:00 a 20:30 horas.<\/p>\n<p>Por otra parte, el 26 y\u00a027 de noviembre\u00a0el equipo de extracci\u00f3n se trasladar\u00e1 hasta el CIFP Villa de Ag\u00fcimes para facilitar la donaci\u00f3n de sangre a la comunidad educativa del centro. El horario tambi\u00e9n ser\u00e1 de 9:00 a 13:30 y de 16:00 a 20:30 horas.<\/p>\n<p>D\u00f3nde donar en Gran Canaria<\/p>\n<p>En cuanto a los puntos fijos de extracci\u00f3n de sangre, la Direcci\u00f3n General de Hemodonaci\u00f3n y Hemoterapia pone a disposici\u00f3n de la poblaci\u00f3n su sede en la calle en Alfonso XIII, n\u00famero 4, en Las Palmas de Gran Canaria, de 8:15 a 21:15 horas, salvo festivos (cuenta con vado para donantes).<\/p>\n<p>El punto fijo de Santa Luc\u00eda de Tirajana, ubicado en el anexo del Centro de Salud de Vecindario, permanecer\u00e1 abierto al p\u00fablico el\u00a0lunes\u00a0de 9:15 a 13:15 y de 16:15 a 20:15, el\u00a0martes\u00a0y\u00a0mi\u00e9rcoles de 16:15 a 20:15 y el\u00a0jueves\u00a0y\u00a0viernes\u00a0de 9:15 a 13:15 horas (excepto festivos).<\/p>\n<p>Tambi\u00e9n se puede acudir sin cita previa a otros puntos fijos de la Red Transfusional Canaria como el Hospital Universitario Materno-Infantil de Canarias, de\u00a0lunes\u00a0a\u00a0viernes\u00a0de 10:30 a 13:30; el Hospital Universitario de Gran Canaria Dr. Negr\u00edn, de\u00a0lunes\u00a0a\u00a0viernes\u00a0de 8:30 a 19:30 y el Hospital Universitario Insular de Gran Canaria, donde se puede donar de\u00a0lunes\u00a0a\u00a0viernes\u00a0de 10:00 a 19:30 horas, salvo festivos (cuenta con vado para donantes en ambos casos).<\/p>\n<p>Por \u00faltimo, en Hospiten Roca San Agust\u00edn se puede donar con cita previa telef\u00f3nica llamando al 928 301 012 (opci\u00f3n 8), el\u00a0martes\u00a0y\u00a0mi\u00e9rcoles, de 8:00 a 14:00 horas (excepto festivos).<\/p>\n<p>Requisitos para donar<\/p>\n<p>Para poder ser donante hay que cumplir unos requisitos indispensables. Es necesario tener entre dieciocho y 65 a\u00f1os (hasta sesenta si es su primera donaci\u00f3n), pesar m\u00e1s de cincuenta kilos, gozar de buena salud general y no estar embarazada. Con el objetivo de resolver cualquier duda, la Direcci\u00f3n General de Hemodonaci\u00f3n y Hemoterapia cuenta con un tel\u00e9fono gratuito de atenci\u00f3n al donante, el 900 234 061.<\/p>\n<p>\u00a0<\/p>\n<p>\u00a0<\/p>\n","protected":false},"excerpt":{"rendered":"Las unidades m\u00f3viles se instalar\u00e1n en la Plaza Primero de Mayo y en la Avenida Joaqu\u00edn Artiles La&hellip;\n","protected":false},"author":2,"featured_media":253060,"comment_status":"","ping_status":"","sticky":false,"template":"","format":"standard","meta":{"footnotes":""},"categories":[5],"tags":[17,18,25,24,13,14,11,19,20,9,10,15,16,23,12,21,22],"class_list":{"0":"post-253059","1":"post","2":"type-post","3":"status-publish","4":"format-standard","5":"has-post-thumbnail","7":"category-titulares","8":"tag-breaking-news","9":"tag-breakingnews","10":"tag-es","11":"tag-espana","12":"tag-featured-news","13":"tag-featurednews","14":"tag-headlines","15":"tag-latest-news","16":"tag-latestnews","17":"tag-news","18":"tag-noticias","19":"tag-noticias-destacadas","20":"tag-noticiasdestacadas","21":"tag-spain","22":"tag-titulares","23":"tag-ultimas-noticias","24":"tag-ultimasnoticias"},"share_on_mastodon":{"url":"https:\/\/pubeurope.com\/@es\/115604462260388090","error":""},"_links":{"self":[{"href":"https:\/\/www.europesays.com\/es\/wp-json\/wp\/v2\/posts\/253059","targetHints":{"allow":["GET"]}}],"collection":[{"href":"https:\/\/www.europesays.com\/es\/wp-json\/wp\/v2\/posts"}],"about":[{"href":"https:\/\/www.europesays.com\/es\/wp-json\/wp\/v2\/types\/post"}],"author":[{"embeddable":true,"href":"https:\/\/www.europesays.com\/es\/wp-json\/wp\/v2\/users\/2"}],"replies":[{"embeddable":true,"href":"https:\/\/www.europesays.com\/es\/wp-json\/wp\/v2\/comments?post=253059"}],"version-history":[{"count":0,"href":"https:\/\/www.europesays.com\/es\/wp-json\/wp\/v2\/posts\/253059\/revisions"}],"wp:featuredmedia":[{"embeddable":true,"href":"https:\/\/www.europesays.com\/es\/wp-json\/wp\/v2\/media\/253060"}],"wp:attachment":[{"href":"https:\/\/www.europesays.com\/es\/wp-json\/wp\/v2\/media?parent=253059"}],"wp:term":[{"taxonomy":"category","embeddable":true,"href":"https:\/\/www.europesays.com\/es\/wp-json\/wp\/v2\/categories?post=253059"},{"taxonomy":"post_tag","embeddable":true,"href":"https:\/\/www.europesays.com\/es\/wp-json\/wp\/v2\/tags?post=253059"}],"curies":[{"name":"wp","href":"https:\/\/api.w.org\/{rel}","templated":true}]}}