{"id":253061,"date":"2025-11-24T11:39:10","date_gmt":"2025-11-24T11:39:10","guid":{"rendered":"https:\/\/www.europesays.com\/es\/253061\/"},"modified":"2025-11-24T11:39:10","modified_gmt":"2025-11-24T11:39:10","slug":"jaume-munar-jaume-munar-sigue-los-pasos-de-carlos-moya-y-rafa-nadal","status":"publish","type":"post","link":"https:\/\/www.europesays.com\/es\/253061\/","title":{"rendered":"JAUME MUNAR | Jaume Munar sigue los pasos de Carlos Moy\u00e1 y Rafa Nadal"},"content":{"rendered":"<p class=\"ft-text ft-helper-closenews\"><a class=\"ft-link ft-link--decoration\" href=\"https:\/\/www.diariodemallorca.es\/tags\/jaume-munar\/\" rel=\"nofollow noopener\" target=\"_blank\">Jaume Munar<\/a> mantiene a Mallorca en la \u00e9lite mundial del tenis. El de Santany\u00ed sigue los pasos de <a class=\"ft-link ft-link--decoration\" href=\"https:\/\/www.diariodemallorca.es\/tags\/carlos-moya\/\" rel=\"nofollow noopener\" target=\"_blank\">Carlos Moy\u00e1<\/a> y <a class=\"ft-link ft-link--decoration\" href=\"https:\/\/www.diariodemallorca.es\/tags\/rafa-nadal\/\" rel=\"nofollow noopener\" target=\"_blank\">Rafel Nadal<\/a>, que jugaron varias finales de la <a class=\"ft-link ft-link--decoration\" href=\"https:\/\/www.diariodemallorca.es\/tags\/copa-davis\/\" rel=\"nofollow noopener\" target=\"_blank\">Copa Davis<\/a>, pero tendr\u00e1 que esperar para levantar su primera \u2018Ensaladera\u2019, como le sucedi\u00f3 al palmesano tras caer en 2003 contra Australia.<\/p>\n<p class=\"ft-text\">Es imposible que Munar, que tiene 28 a\u00f1os, se acerque al palmar\u00e9s de alguno de ellos porque reinaron en el tenis, pero<strong> su progreso en 2025 evidencia que llegar\u00e1n m\u00e1s alegr\u00edas en 2026. <\/strong>Carlos Moy\u00e1 se erigi\u00f3 como protagonista en su debut en la Copa Davis contra Dinamarca en septiembre de 1996 para clasificarse al grupo mundial. <strong>Mallorca ha tenido un papel protagonista en seis finales de la Copa Davis que ha disputado Espa\u00f1a en los \u00faltimos 29 a\u00f1os. <\/strong>Y eso que jug\u00f3 once en total.<\/p>\n<p class=\"ft-text\">Moy\u00e1 jug\u00f3 <strong>dos finales<\/strong> (2003 y 2004), Nadal disput\u00f3 <strong>cuatro <\/strong>(2004, 2009, 2011, 2019) y el de Santany\u00ed la de este a\u00f1o.<\/p>\n<p class=\"ft-text\">La \u2018Armada\u2019, con Munar de n\u00famero uno, sorprendi\u00f3 a propios y extra\u00f1os.<strong> Sin Carlos Alcaraz, la misi\u00f3n de conseguir la s\u00e9ptima Copa Davis resultaba pr\u00e1cticamente imposible.<\/strong> Pero su primera victoria contra Lehecka (N\u00ba 17) dio alas al combinado capitaneado por David Ferrer, que se fue creciendo en la competici\u00f3n.<\/p>\n<p class=\"ft-text\"><strong>El rol del de Santany\u00ed deb\u00eda ser otro. <\/strong>Jaume Munar ocupa su mejor ranking de toda su carrera (N\u00ba36), aunque debi\u00f3 sostener m\u00e1s peso del que le tocaba<strong>. Aun as\u00ed, guio la remontada en los cuartos de final contra Rep\u00fablica Checa, perdi\u00f3 contra Zverev (N\u00ba3) en las semifinales y roz\u00f3 la victoria contra Cobolli (N\u00ba22) <\/strong>en la final en un encuentro ag\u00f3nico. Si hubiera derrotado al italiano, hubiera forzado el tercer encuentro y todo se hubiera decidido en el dobles.<\/p>\n<p>Ante jugadores de mejor ranking<\/p>\n<p class=\"ft-text\">En todos los encuentros Munar se enfrent\u00f3 a jugadores con un ranking superior al suyo y, en todos, compiti\u00f3 llevando al l\u00edmite al rival. Redujo la diferencia te\u00f3rica con cada adversario y acerc\u00f3 a la gesta a Espa\u00f1a, pero le falt\u00f3 ser decisivo en los momentos m\u00e1s importantes.<\/p>\n<p class=\"ft-text\">La final de este domingo e<strong>s la segunda a la que llega un mallorqu\u00edn con el formato que instaur\u00f3 Gerard Piqu\u00e9 y que contin\u00faa vigente. <\/strong>La \u00faltima Davis que levant\u00f3 Espa\u00f1a fue con Rafel Nadal como protagonista contra Canad\u00e1 en Madrid.<\/p>\n<p class=\"ft-text\">La primera que jug\u00f3 un mallorqu\u00edn fue en 200<strong>3. Espa\u00f1a se midi\u00f3 a Australia en Melbourne. Cay\u00f3 por 3\u20131, aunque Carlos Moy\u00e1 logr\u00f3 la \u00fanica victoria del combinado nacional ante Philippoussis. <\/strong>Un a\u00f1o despu\u00e9s, Moy\u00e1 levant\u00f3 su \u00fanica Davis junto a Nadal en Sevilla en su segunda final. Munar todav\u00eda tiene tiempo para levantar la primera.<\/p>\n<p>Finales con tenistas mallorquines<\/p>\n<tr>\n A\u00f1o<br \/>\n Rival<br \/>\n Resultado<br \/>\n Marcador<br \/>\n Sede<br \/>\n Jugador<br \/>\n <\/tr>\n<tr>\n<td style=\"border: 1px solid #800000; padding: 4px;\">2003<\/td>\n<td style=\"border: 1px solid #800000; padding: 4px;\">Australia<\/td>\n<td style=\"border: 1px solid #800000; padding: 4px;\">Derrota<\/td>\n<td style=\"border: 1px solid #800000; padding: 4px;\">1\u20133<\/td>\n<td style=\"border: 1px solid #800000; padding: 4px;\">Melbourne<\/td>\n<td style=\"border: 1px solid #800000; padding: 4px;\">Moy\u00e1<\/td>\n<\/tr>\n<tr>\n<td style=\"border: 1px solid #800000; padding: 4px;\">2004<\/td>\n<td style=\"border: 1px solid #800000; padding: 4px;\">Estados Unidos<\/td>\n<td style=\"border: 1px solid #800000; padding: 4px;\">Victoria<\/td>\n<td style=\"border: 1px solid #800000; padding: 4px;\">3\u20132<\/td>\n<td style=\"border: 1px solid #800000; padding: 4px;\">Sevilla<\/td>\n<td style=\"border: 1px solid #800000; padding: 4px;\">Moy\u00e1 \/ Nadal<\/td>\n<\/tr>\n<tr>\n<td style=\"border: 1px solid #800000; padding: 4px;\">2009<\/td>\n<td style=\"border: 1px solid #800000; padding: 4px;\">Rep\u00fablica Checa<\/td>\n<td style=\"border: 1px solid #800000; padding: 4px;\">Victoria<\/td>\n<td style=\"border: 1px solid #800000; padding: 4px;\">5\u20130<\/td>\n<td style=\"border: 1px solid #800000; padding: 4px;\">Barcelona<\/td>\n<td style=\"border: 1px solid #800000; padding: 4px;\">Nadal<\/td>\n<\/tr>\n<tr>\n<td style=\"border: 1px solid #800000; padding: 4px;\">2011<\/td>\n<td style=\"border: 1px solid #800000; padding: 4px;\">Argentina<\/td>\n<td style=\"border: 1px solid #800000; padding: 4px;\">Victoria<\/td>\n<td style=\"border: 1px solid #800000; padding: 4px;\">3\u20131<\/td>\n<td style=\"border: 1px solid #800000; padding: 4px;\">Sevilla<\/td>\n<td style=\"border: 1px solid #800000; padding: 4px;\">Nadal<\/td>\n<\/tr>\n<tr>\n<td style=\"border: 1px solid #800000; padding: 4px;\">2019<\/td>\n<td style=\"border: 1px solid #800000; padding: 4px;\">Canad\u00e1<\/td>\n<td style=\"border: 1px solid #800000; padding: 4px;\">Victoria<\/td>\n<td style=\"border: 1px solid #800000; padding: 4px;\">2\u20130<\/td>\n<td style=\"border: 1px solid #800000; padding: 4px;\">Madrid<\/td>\n<td style=\"border: 1px solid #800000; padding: 4px;\">Nadal<\/td>\n<\/tr>\n<tr>\n<td style=\"border: 1px solid #800000; padding: 4px;\">2025<\/td>\n<td style=\"border: 1px solid #800000; padding: 4px;\">Italia<\/td>\n<td style=\"border: 1px solid #800000; padding: 4px;\">Derrota<\/td>\n<td style=\"border: 1px solid #800000; padding: 4px;\">2\u20130<\/td>\n<td style=\"border: 1px solid #800000; padding: 4px;\">Bolonia<\/td>\n<td style=\"border: 1px solid #800000; padding: 4px;\">Munar<\/td>\n<\/tr>\n<p data-close=\"closedContent\" class=\"subscribeHideForDisplay\">Suscr\u00edbete para seguir leyendo<\/p>\n","protected":false},"excerpt":{"rendered":"Jaume Munar mantiene a Mallorca en la \u00e9lite mundial del tenis. El de Santany\u00ed sigue los pasos de&hellip;\n","protected":false},"author":2,"featured_media":253062,"comment_status":"","ping_status":"","sticky":false,"template":"","format":"standard","meta":{"footnotes":""},"categories":[274],"tags":[415,1872,13877,168,25,24,1717,9018,1718,7442,6894,1262,23,167,327,326],"class_list":{"0":"post-253061","1":"post","2":"type-post","3":"status-publish","4":"format-standard","5":"has-post-thumbnail","7":"category-tenis","8":"tag-carlos","9":"tag-carlos-moya","10":"tag-copa-davis","11":"tag-deportes","12":"tag-es","13":"tag-espana","14":"tag-jaume","15":"tag-jaume-munar","16":"tag-munar","17":"tag-pasos","18":"tag-rafa-nadal","19":"tag-sigue","20":"tag-spain","21":"tag-sports","22":"tag-tenis","23":"tag-tennis"},"share_on_mastodon":{"url":"https:\/\/pubeurope.com\/@es\/115604486067141706","error":""},"_links":{"self":[{"href":"https:\/\/www.europesays.com\/es\/wp-json\/wp\/v2\/posts\/253061","targetHints":{"allow":["GET"]}}],"collection":[{"href":"https:\/\/www.europesays.com\/es\/wp-json\/wp\/v2\/posts"}],"about":[{"href":"https:\/\/www.europesays.com\/es\/wp-json\/wp\/v2\/types\/post"}],"author":[{"embeddable":true,"href":"https:\/\/www.europesays.com\/es\/wp-json\/wp\/v2\/users\/2"}],"replies":[{"embeddable":true,"href":"https:\/\/www.europesays.com\/es\/wp-json\/wp\/v2\/comments?post=253061"}],"version-history":[{"count":0,"href":"https:\/\/www.europesays.com\/es\/wp-json\/wp\/v2\/posts\/253061\/revisions"}],"wp:featuredmedia":[{"embeddable":true,"href":"https:\/\/www.europesays.com\/es\/wp-json\/wp\/v2\/media\/253062"}],"wp:attachment":[{"href":"https:\/\/www.europesays.com\/es\/wp-json\/wp\/v2\/media?parent=253061"}],"wp:term":[{"taxonomy":"category","embeddable":true,"href":"https:\/\/www.europesays.com\/es\/wp-json\/wp\/v2\/categories?post=253061"},{"taxonomy":"post_tag","embeddable":true,"href":"https:\/\/www.europesays.com\/es\/wp-json\/wp\/v2\/tags?post=253061"}],"curies":[{"name":"wp","href":"https:\/\/api.w.org\/{rel}","templated":true}]}}