{"id":253083,"date":"2025-11-24T11:52:10","date_gmt":"2025-11-24T11:52:10","guid":{"rendered":"https:\/\/www.europesays.com\/es\/253083\/"},"modified":"2025-11-24T11:52:10","modified_gmt":"2025-11-24T11:52:10","slug":"juan-del-val-admite-un-error-en-su-novela-vera-una-historia-de-amor-premio-planeta-2025-me-molesta","status":"publish","type":"post","link":"https:\/\/www.europesays.com\/es\/253083\/","title":{"rendered":"Juan del Val admite un error en su novela &#8216;Vera, una historia de amor&#8217;, Premio Planeta 2025: \u00abMe molesta\u00bb"},"content":{"rendered":"<p>24\/11\/2025<br \/>\n<br \/><strong><br \/>\nActualizado a las 12:35h.<br \/>\n<\/strong><\/p>\n<p class=\"voc-p\" style=\"\">El televisivo<strong> Juan del Val<\/strong> (55 a\u00f1os) recibi\u00f3 a mediados del pasado mes de octubre el 74 Premio Planeta por su novela &#8216;Ver\u00e1, una historia de amor&#8217;. Una historia que fue escogida por el jurado como la mejor entre las 1320 presentadas, haci\u00e9ndose  &#8230; con<a href=\"https:\/\/www.abc.es\/gente\/nuria-roca-sobre-millon-euros-premio-planeta-20251121094353-nt.html\" target=\"_self\" data-voc-vtm-id=\"in-text-traffic\" title=\" el mill\u00f3n de euros de dotaci\u00f3n\" data-mrf-link=\"www.abc.es\" rel=\"nofollow noopener\"> el mill\u00f3n de euros de dotaci\u00f3n<\/a>. \u00abEsto es tan asombroso, tan fant\u00e1stico, son de esas cosas que parece que solo les pasa a los dem\u00e1s. Verme aqu\u00ed me parece un milagro, y me hace recordar los momentos dif\u00edciles cuando mi vida parec\u00eda destinada al fracaso. Es lo mejor que tiene la vida, que nunca se sabe\u00bb, se\u00f1al\u00f3 del Val tras recibir el premio.<\/p>\n<p class=\"voc-p\" style=\"\">En una reciente entrevista con Yotele, reconoci\u00f3 que hay un error en la novela que lamenta. \u00abHay un error en la novela que me fastidia mucho. En el primer d\u00eda de feria de Sevilla, el del &#8216;pescadito&#8217; yo sit\u00fao a las mujeres vestidas de flamenca\u2026 y ese d\u00eda nunca van vestidas as\u00ed. Y lo sab\u00eda. Es un error peque\u00f1o, pero que me molesta porque lo sab\u00eda y se me pas\u00f3. En lo literario, hay cr\u00edticos que consideran mi estilo demasiado directo o recargado, y lo acepto. No es un error: es una forma de escribir que puede gustar o no\u00bb, confes\u00f3. <\/p>\n<p class=\"voc-p\" style=\"\">Durante la conversaci\u00f3n, el escritor tambi\u00e9n se sincer\u00f3 sobre c\u00f3mo estaba llevando las cr\u00edticas tras recibir el premio. \u00ab<a href=\"https:\/\/www.abc.es\/gente\/nuria-roca-sobre-millon-euros-premio-planeta-20251121094353-nt.html\" target=\"_self\" data-voc-vtm-id=\"in-text-traffic\" title=\"Me gusta leer lo que se publica\" data-mrf-link=\"www.abc.es\" rel=\"nofollow noopener\">Me gusta leer lo que se publica<\/a>, aunque es dif\u00edcil encontrar algo que no sea b\u00e1sico o previsible. He le\u00eddo todas. Hay gente que se sube al carro para tener notoriedad, y luego cr\u00edticas respetuosas: algunas extraordinarias, otras no tanto. Para m\u00ed es normal. Nunca protestar\u00eda por una cr\u00edtica fundada desde una opini\u00f3n respetable. Eso forma parte del juego. Lo que intento ignorar es lo previsible y lo que <strong>busca hacer da\u00f1o sin fundamento<\/strong>. Eso me da igual. Me molesta un segundo y sonr\u00edo. Acepto perfectamente las cr\u00edticas, buenas y malas\u00bb.<\/p>\n<p class=\"voc-p\" style=\"\">Y cree que la gente es m\u00e1s dura con autores populares que vienen de la televisi\u00f3n: \u00abCreo que tiene que ver con cierta pobreza de pensamiento: como haces una cosa, no puedes hacer dos. Y tambi\u00e9n con frustraciones de gente a la que no le salen bien las cosas. Esto de hablar de <strong>\u00abescritores de verdad\u00bb<\/strong>\u2026 gracias, much\u00edsimas gracias. \u00bfQu\u00e9 es exactamente un escritor de verdad? En mi caso se ha querido ir m\u00e1s a por el personaje que a por el autor. Pero llevo siete novelas, todas con m\u00e1s o menos \u00e9xito, con una cantera importante de lectores. Para m\u00ed lo verdaderamente importante es el lector: el que se emociona, el que no puede soltar la novela. Lo dem\u00e1s son opiniones\u00bb.<\/p>\n<p>\nArt\u00edculo solo para suscriptores\n<\/p>\n<p>Reportar un error<\/p>\n","protected":false},"excerpt":{"rendered":"24\/11\/2025 Actualizado a las 12:35h. El televisivo Juan del Val (55 a\u00f1os) recibi\u00f3 a mediados del pasado mes&hellip;\n","protected":false},"author":2,"featured_media":253084,"comment_status":"","ping_status":"","sticky":false,"template":"","format":"standard","meta":{"footnotes":""},"categories":[91],"tags":[6818,146,147,12863,25,24,409,10641,1645,5635,843,23,32693],"class_list":{"0":"post-253083","1":"post","2":"type-post","3":"status-publish","4":"format-standard","5":"has-post-thumbnail","7":"category-entretenimiento","8":"tag-admite","9":"tag-entertainment","10":"tag-entretenimiento","11":"tag-error","12":"tag-es","13":"tag-espana","14":"tag-juan","15":"tag-molesta","16":"tag-novela","17":"tag-planeta","18":"tag-premio","19":"tag-spain","20":"tag-val"},"share_on_mastodon":{"url":"https:\/\/pubeurope.com\/@es\/115604537115659253","error":""},"_links":{"self":[{"href":"https:\/\/www.europesays.com\/es\/wp-json\/wp\/v2\/posts\/253083","targetHints":{"allow":["GET"]}}],"collection":[{"href":"https:\/\/www.europesays.com\/es\/wp-json\/wp\/v2\/posts"}],"about":[{"href":"https:\/\/www.europesays.com\/es\/wp-json\/wp\/v2\/types\/post"}],"author":[{"embeddable":true,"href":"https:\/\/www.europesays.com\/es\/wp-json\/wp\/v2\/users\/2"}],"replies":[{"embeddable":true,"href":"https:\/\/www.europesays.com\/es\/wp-json\/wp\/v2\/comments?post=253083"}],"version-history":[{"count":0,"href":"https:\/\/www.europesays.com\/es\/wp-json\/wp\/v2\/posts\/253083\/revisions"}],"wp:featuredmedia":[{"embeddable":true,"href":"https:\/\/www.europesays.com\/es\/wp-json\/wp\/v2\/media\/253084"}],"wp:attachment":[{"href":"https:\/\/www.europesays.com\/es\/wp-json\/wp\/v2\/media?parent=253083"}],"wp:term":[{"taxonomy":"category","embeddable":true,"href":"https:\/\/www.europesays.com\/es\/wp-json\/wp\/v2\/categories?post=253083"},{"taxonomy":"post_tag","embeddable":true,"href":"https:\/\/www.europesays.com\/es\/wp-json\/wp\/v2\/tags?post=253083"}],"curies":[{"name":"wp","href":"https:\/\/api.w.org\/{rel}","templated":true}]}}