{"id":253088,"date":"2025-11-24T11:55:09","date_gmt":"2025-11-24T11:55:09","guid":{"rendered":"https:\/\/www.europesays.com\/es\/253088\/"},"modified":"2025-11-24T11:55:09","modified_gmt":"2025-11-24T11:55:09","slug":"una-batalla-con-mi-sangre","status":"publish","type":"post","link":"https:\/\/www.europesays.com\/es\/253088\/","title":{"rendered":"Una batalla con mi sangre"},"content":{"rendered":"<p class=\"L6-news-detail__text\">\u00abCuando<b> me diagnosticaron leucemia<\/b>, mi primer pensamiento fue que esto no pod\u00eda estar pas\u00e1ndome a m\u00ed, ni a mi familia\u00bb: as\u00ed arranca &#8216;Una batalla con mi sangre&#8217;, un art\u00edculo escrito del pu\u00f1o y letra de la nieta del expresidente de Estados Unidos John F. Kennedy, hija de su hija Caroline y el dise\u00f1ador Edwin Schlossberg. En el texto, publicado en la <b><a title=\"revista New Yorker\" href=\"https:\/\/www.newyorker.com\/culture\/the-weekend-essay\/a-battle-with-my-blood?utm_source=nl&amp;utm_brand=tny&amp;utm_mailing=TNY_Daily_112225&amp;utm_campaign=aud-dev&amp;utm_medium=email&amp;utm_term=tny_daily_digest&amp;bxid=5c748aca24c17c67f89de943&amp;cndid=19825381&amp;hasha=08a0bf749addd26751b403129c63c230&amp;hashb=c8e9a51671a24a2946067dfd5c7777ada90b7f71&amp;hashc=47c8bfbe608e6aff2a9e2a0c34156259a7d424a5d3bcabfcfd0d4538b16e9320&amp;esrc=&amp;mbid=CRMNYR012019\" target=\"_blank\" rel=\"nofollow noopener\">revista New Yorker<\/a><\/b>,<b> Tatiana Schlossberg<\/b> explica c\u00f3mo \u00ab<b>cuando te est\u00e1s muriendo\u00bb empiezas a \u00abrecordarlo todo<\/b>\u00ab: \u00abLas im\u00e1genes llegan en destellos \u2014personas, lugares y conversaciones dispersas\u2014 y se niegan a detenerse\u00bb.<\/p>\n<p class=\"L6-news-detail__text\">Una imagen en la que se ve a una cambiada Tatiana Schlossberg, con el pelo corto y algo m\u00e1s delgada de lo que ya era, acompa\u00f1a el texto. La nieta de Kennedy tiene leucemia mieloide aguda, con una mutaci\u00f3n rara llamada Inversi\u00f3n 3: <b>Tatiana Schlossberg se est\u00e1 muriendo<\/b>. El diagn\u00f3stico lleg\u00f3 el 25 de mayo de 2024, el mismo d\u00eda de su segundo parto. Horas despu\u00e9s del parto, su m\u00e9dico detect\u00f3 un recuento anormalmente alto de gl\u00f3bulos blancos y la traslad\u00f3 a otra planta del hospital para practicar m\u00e1s pruebas: inicialmente, tal y como explican desde la cadena NBC, <b>se descart\u00f3 la posibilidad de que se tratara de un c\u00e1ncer<\/b>, por lo que se sorprendi\u00f3 con el diagn\u00f3stico.<\/p>\n<p class=\"L6-news-detail__text\">La <b>leucemia mieloide aguda es un c\u00e1ncer que comienza en la m\u00e9dula \u00f3sea<\/b> y se propaga r\u00e1pidamente a trav\u00e9s de la sangre. Entre sus s\u00edntomas se incluyen la p\u00e9rdida de apetito y de peso, fatiga, fiebre y sudores nocturnos. Existen varios subtipos que son importantes para determinar el pron\u00f3stico de un paciente: el subtipo de Schlossberg, que es una inversi\u00f3n del cromosoma 3, es una anomal\u00eda desfavorable. Despu\u00e9s de cinco semanas en un hospital, a la espera de que su recuento de blastos disminuyera para poder comenzar con la quimioterapia, fue trasladada a otro centro donde se someti\u00f3 a un trasplanta de m\u00e9dula.<\/p>\n<p class=\"L6-news-detail__text\">En enero, la nieta de Kennedy particip\u00f3 en un ensayo cl\u00ednico, al tiempo que su primo, <b><a title=\"Robert F. Keneddy, era nombrado y confirmado como secretario de Salud\" href=\"https:\/\/www.lasexta.com\/noticias\/internacional\/quien-pete-hegseth-secretario-salud-trump-antivacunas-que-defiende-consumo-leche-cruda_2025030967cdaf15bd6bf000014bf82a.html\" target=\"_blank\" rel=\"nofollow noopener\">Robert F. Keneddy, era nombrado y confirmado como secretario de Salud<\/a><\/b> y Servicios Humanos del Gobierno de Donald Trump, un cargo para el que, asegura, no est\u00e1 cualificado. Pese a todos los tratamientos, <b>su c\u00e1ncer siempre vuelve<\/b>: \u00abDurante el \u00faltimo, mi m\u00e9dico me dijo que <b>podr\u00eda mantenerme con vida un a\u00f1o tal vez<\/b>\u00ab, escribe. \u00abMi primer pensamiento fue que mis hijos, cuyos rostros viven para siempre en el interior de mis p\u00e1rpados, no me recordar\u00e1n\u00bb.<\/p>\n<p class=\"L6-news-detail__text\">Escritora de profesi\u00f3n, <b>Schlossberg trabaj\u00f3 durante varios a\u00f1os como reportera para la secci\u00f3n de ciencia <\/b>de The New York Times, donde ha escrito sobre cambio clim\u00e1tico y medio ambiente. Schlossberg ha agradecido a sus padres y sus hermanos por haberla ayudado a \u00abcriar\u00bb a sus hijos y por acompa\u00f1arla en la habitaci\u00f3n de hospital \u00abcasi todos los d\u00edas\u00bb durante el \u00faltimo a\u00f1o y medio. Su hermano, <b><a title=\"Jack Schlossberg, de 32 a\u00f1os, ha presentado su candidatura\" href=\"https:\/\/www.lasexta.com\/programas\/lasexta-clave\/nieto-kennedy-lanza-politica-piercings-tiktok-legado-familias-mas-famosas-eeuu_202511126914f7627d206113bd985136.html\" target=\"_blank\" rel=\"nofollow noopener\">Jack Schlossberg, de 32 a\u00f1os, ha presentado su candidatura<\/a><\/b> para el Congreso de Estados Unidos pro el distrito 12 de Nueva York.<\/p>\n<p class=\"L6-news-detail__text\">*<b><a title=\"Sigue a laSexta en Google: la actualidad y el mejor contenido aqu\u00ed\" href=\"https:\/\/profile.google.com\/cp\/CgkvbS8wZG5xejA\" target=\"_blank\" rel=\"nofollow noopener\">Sigue a laSexta en Google: la actualidad y el mejor contenido aqu\u00ed<\/a><\/b>.<\/p>\n<p class=\"L6-support-news-video__title\">\u00daltima hora<\/p>\n<p>            <a href=\"https:\/\/www.lasexta.com\/noticias\/nacional\/condena-fiscal-general-reacciones_20251120691f1e36eba8bc0ece0af43e.html\" class=\"L6-news__link\" rel=\"nofollow noopener\" target=\"_blank\"><br \/>\n                Reacciones tras la condena al fiscal general, en directo | El Gobierno guarda silencio sobre el relevo del fiscal general mientras el PP redobla sus cr\u00edticas<\/p>\n<p class=\"recirculation-video-desc\">Desde el Ejecutivo aseguran que el nuevo fiscal general del Estado estar\u00e1 comprometido con la verdad, \u00abigual que Garc\u00eda Ortiz\u00bb. Mientras, desde el Partido Popular siguen insistiendo en que se convoquen elecciones.<\/p>\n<p>            <\/a><\/p>\n","protected":false},"excerpt":{"rendered":"\u00abCuando me diagnosticaron leucemia, mi primer pensamiento fue que esto no pod\u00eda estar pas\u00e1ndome a m\u00ed, ni a&hellip;\n","protected":false},"author":2,"featured_media":253089,"comment_status":"","ping_status":"","sticky":false,"template":"","format":"standard","meta":{"footnotes":""},"categories":[42],"tags":[17,18,13,14,11,61,62,63,64,19,20,9,10,15,16,12,21,22,65,66,67],"class_list":{"0":"post-253088","1":"post","2":"type-post","3":"status-publish","4":"format-standard","5":"has-post-thumbnail","7":"category-internacional","8":"tag-breaking-news","9":"tag-breakingnews","10":"tag-featured-news","11":"tag-featurednews","12":"tag-headlines","13":"tag-internacional","14":"tag-international","15":"tag-international-news","16":"tag-internationalnews","17":"tag-latest-news","18":"tag-latestnews","19":"tag-news","20":"tag-noticias","21":"tag-noticias-destacadas","22":"tag-noticiasdestacadas","23":"tag-titulares","24":"tag-ultimas-noticias","25":"tag-ultimasnoticias","26":"tag-world","27":"tag-world-news","28":"tag-worldnews"},"share_on_mastodon":{"url":"https:\/\/pubeurope.com\/@es\/115604549049282412","error":""},"_links":{"self":[{"href":"https:\/\/www.europesays.com\/es\/wp-json\/wp\/v2\/posts\/253088","targetHints":{"allow":["GET"]}}],"collection":[{"href":"https:\/\/www.europesays.com\/es\/wp-json\/wp\/v2\/posts"}],"about":[{"href":"https:\/\/www.europesays.com\/es\/wp-json\/wp\/v2\/types\/post"}],"author":[{"embeddable":true,"href":"https:\/\/www.europesays.com\/es\/wp-json\/wp\/v2\/users\/2"}],"replies":[{"embeddable":true,"href":"https:\/\/www.europesays.com\/es\/wp-json\/wp\/v2\/comments?post=253088"}],"version-history":[{"count":0,"href":"https:\/\/www.europesays.com\/es\/wp-json\/wp\/v2\/posts\/253088\/revisions"}],"wp:featuredmedia":[{"embeddable":true,"href":"https:\/\/www.europesays.com\/es\/wp-json\/wp\/v2\/media\/253089"}],"wp:attachment":[{"href":"https:\/\/www.europesays.com\/es\/wp-json\/wp\/v2\/media?parent=253088"}],"wp:term":[{"taxonomy":"category","embeddable":true,"href":"https:\/\/www.europesays.com\/es\/wp-json\/wp\/v2\/categories?post=253088"},{"taxonomy":"post_tag","embeddable":true,"href":"https:\/\/www.europesays.com\/es\/wp-json\/wp\/v2\/tags?post=253088"}],"curies":[{"name":"wp","href":"https:\/\/api.w.org\/{rel}","templated":true}]}}