{"id":253090,"date":"2025-11-24T11:56:13","date_gmt":"2025-11-24T11:56:13","guid":{"rendered":"https:\/\/www.europesays.com\/es\/253090\/"},"modified":"2025-11-24T11:56:13","modified_gmt":"2025-11-24T11:56:13","slug":"el-cis-catalan-ya-le-da-a-alianca-catalana-tantos-escanos-como-a-junts-y-se-postula-como-tercera-fuerza","status":"publish","type":"post","link":"https:\/\/www.europesays.com\/es\/253090\/","title":{"rendered":"El CIS catal\u00e1n ya le da a Alian\u00e7a Catalana tantos esca\u00f1os como a Junts y se postula como tercera fuerza"},"content":{"rendered":"\n<p> El <a href=\"https:\/\/www.elconfidencial.com\/espana\/cataluna\/2025-07-16\/el-cis-catalan-castiga-a-junts-aupa-a-orriols-y-vaticina-que-illa-volvera-a-gobernar-con-tranquilidad_4174029\/\" target=\"_self\" rel=\"nofollow noopener\">Centre d\u2019Estudis d\u2019Opini\u00f3 (CEO)<\/a> de la Generalitat, el equivalente al CIS, ya le da la formaci\u00f3n de ultraderecha independentista Alian\u00e7a Catalana ta<strong>ntos esca\u00f1os como a Junts<\/strong>, un total de entre 19 y 20 esca\u00f1os para ambos, seg\u00fan los datos que ha presentado este organismo sobre su \u00faltimo sondeo que se han hecho p\u00fablico hoy. Aunque Alian\u00e7a<strong> seguir\u00eda por detr\u00e1s en intenci\u00f3n de voto<\/strong>, en esca\u00f1os obtendr\u00eda los mismos que Junts, seg\u00fan el \u00faltimo bar\u00f3metro del CEO de la Generalitat. <\/p>\n<p> Sin embargo, seg\u00fan la encuesta, el PSC <strong>volver\u00eda a ganar de calle las elecciones<\/strong>, logrando entre 38 y 40 diputados. Un <a href=\"https:\/\/www.elconfidencial.com\/tags\/personajes\/salvador-illa-20835\/\" target=\"_self\" rel=\"nofollow noopener\">buen resultado<\/a> que, sin embargo, refleja un <strong>desgaste<\/strong>, porque en este momento tiene 42. Salvador Illa sigue <a href=\"https:\/\/www.elconfidencial.com\/espana\/cataluna\/2025-07-21\/extrana-paradoja-illa-govern-nota-el-no-despega_4175207\/\" target=\"_self\" rel=\"nofollow noopener\">sin poder rentabilizar su presidencia<\/a> en las encuestas. <\/p>\n<p> ERC salva los muebles. Se colocar\u00eda como <strong>segunda fuerza<\/strong>, con una horquilla de esca\u00f1os entre 22 y 23. Junts<strong> no podr\u00eda rentabilizar su radicalizaci\u00f3n <\/strong>en la oposici\u00f3n devorada por <a href=\"https:\/\/www.elconfidencial.com\/espana\/cataluna\/2025-11-16\/momento-orriols-alianca-catalana-turismo-ripoll_4247401\/\" target=\"_self\" rel=\"nofollow noopener\">el efecto Silvia Orriols<\/a> y, en cambio, los de <strong>Oriol Junqueras <\/strong>se quedan como est\u00e1n, o incluso ganar\u00edan un par de esca\u00f1os. <\/p>\n<p> Junts per Catalunya se <a href=\"https:\/\/www.elconfidencial.com\/tags\/organismos\/junts-per-catalunya-19613\/\" target=\"_self\" rel=\"nofollow noopener\">mantiene como hasta ahora<\/a> como tercera fuerza, pero <strong>pasa de 35 a 19-20 esca\u00f1os en el Parlament,<\/strong> y empatar\u00eda con una Alian\u00e7a Catalana que se<strong> disparar\u00eda hasta los 19-20 diputados,<\/strong> por detr\u00e1s del PSC (38-40) y ERC (22-23). <\/p>\n<p>              <img decoding=\"async\" class=\"inTextNews__img\" alt=\"Foto: documento-cup-admite-independentismo-crece-tesis-excluyentes-orriols\" src=\"https:\/\/www.europesays.com\/es\/wp-content\/uploads\/2025\/11\/f.elconfidencial.com\/original\/c37\/4f7\/21b\/c374f721b1e015ee798df99d7cbfcbbc.jpg\"  \/>     <\/p>\n<p>TE PUEDE INTERESAR<\/p>\n<p>      <a class=\"inTextNews__title\" href=\"https:\/\/www.elconfidencial.com\/espana\/cataluna\/2025-11-23\/documento-cup-admite-independentismo-crece-tesis-excluyentes-orriols_4250533\/\" onclick=\"window.ECCO.emit(&#039;amplitude&#039;, { dataEventName: &#039;click_related_article_module&#039;, data: { related_article_url: &#039;https:\/\/www.elconfidencial.com\/espana\/cataluna\/2025-11-23\/documento-cup-admite-independentismo-crece-tesis-excluyentes-orriols_4250533\/&#039;, related_article_author: &#039;Antonio Fern\u00e1ndez&#039;, related_article_section: &#039;cataluna&#039; } })\" rel=\"nofollow noopener\" target=\"_blank\"> Un documento de la CUP admite que el independentismo crece con tesis excluyentes como las de Orriols <\/a>   <\/p>\n<p>    Antonio Fern\u00e1ndez. Barcelona   <\/p>\n<p> El director del CEO, <strong>Joan Rodr\u00edguez Teruel<\/strong>, ha presentado este lunes la encuesta, elaborada a<strong> partir de 2.000 encuestas <\/strong>realizadas<strong> entre el 13 de octubre y el 11 de noviembre <\/strong>por la empresa Opin\u00f2metre. Sobre la ca\u00edda de Junts, Rodr\u00edguez Teruel ha revelado que el<strong> 20% de los votantes<\/strong> de Junts declaran ahora de manera abierta que optar\u00edan por votar en Alian\u00e7a Catalana. Otra amplia<strong> fracci\u00f3n de los votantes de Puigdemont<\/strong> <a href=\"https:\/\/www.elconfidencial.com\/espana\/2025-10-18\/temor-sorpasso-alianca-crecen-junts-partidarios-congreso-extraordinario_4230041\/\" target=\"_self\" rel=\"nofollow noopener\">dudan de si volver\u00edan a darle el voto<\/a> y s\u00f3lo un 25% afianza que elegir\u00eda la papeleta de Junts, que muestra una baja lealtad de voto. <\/p>\n<p> <a href=\"https:\/\/www.elconfidencial.com\/tags\/organismos\/vox-9934\/\" target=\"_self\" rel=\"nofollow noopener\">Vox,<\/a> por su parte,<strong> lograr\u00eda 13-14 esca\u00f1os<\/strong> y superar\u00eda al PPC (12-13), mientras que Comuns (6) y la CUP (3-4) podr\u00edan mantener su actual representaci\u00f3n. <\/p>\n<p>              <img decoding=\"async\" class=\"inTextNews__img\" alt=\"Foto: cis-tezanos-mantiene-psoe-encima-pp-pese-uco-junts\" src=\"https:\/\/www.europesays.com\/es\/wp-content\/uploads\/2025\/11\/f.elconfidencial.com\/original\/54b\/670\/d8c\/54b670d8cd0d79ee95a1b8c41b0bfe6a.jpg\"  \/>     <\/p>\n<p>TE PUEDE INTERESAR<\/p>\n<p>      <a class=\"inTextNews__title\" href=\"https:\/\/www.elconfidencial.com\/espana\/2025-11-19\/cis-tezanos-mantiene-psoe-encima-pp-pese-uco-junts_4250273\/\" onclick=\"window.ECCO.emit(&#039;amplitude&#039;, { dataEventName: &#039;click_related_article_module&#039;, data: { related_article_url: &#039;https:\/\/www.elconfidencial.com\/espana\/2025-11-19\/cis-tezanos-mantiene-psoe-encima-pp-pese-uco-junts_4250273\/&#039;, related_article_author: &#039;Lino Vargas,Marta Ley&#039;, related_article_section: &#039;espana&#039; } })\" rel=\"nofollow noopener\" target=\"_blank\"> El CIS de Tezanos mantiene al PSOE 10 puntos por encima del PP pese a la UCO y a Junts <\/a>   <\/p>\n<p>    Lino Vargas     Gr\u00e1ficos: Unidad de Datos   <\/p>\n<p> En la pr\u00e1ctica,<strong> peligra la mayor\u00eda de la investidura<\/strong> que llev\u00f3 a Salvador Illa a la Generalitat, pero no por sus socios, ERC y Comunes, que con esfuerzo mantienen las posiciones. En cambio, es la dificultad del <strong>PSC para rentabilizar su capacidad<\/strong> de gobernar la Generalitat la que har\u00eda que en la <a href=\"https:\/\/www.elconfidencial.com\/espana\/cataluna\/2025-11-16\/momento-orriols-alianca-catalana-turismo-ripoll_4247401\/\" target=\"_self\" rel=\"nofollow noopener\">franja baja de la horquilla no pudiesen<\/a> <strong>lograr los 68 esca\u00f1os necesarios<\/strong>. Se quedar\u00edan s\u00f3lo en 66. Rodr\u00edguez Teruel valora que el votante socialista duda sobre si acudir a votar en un contexto de <strong>poca tensi\u00f3n electoral<\/strong>, en el que el independentismo ya no es un peligro. <\/p>\n<p> ERC (14-17%), Junts (13-15%) y Alian\u00e7a Catalana (11-14%) luchar\u00edan por <strong>ser la segunda fuerza parlamentaria <\/strong>en porcentaje de voto, con una ligera ventaja para los republicanos, que tomar\u00edan parte del voto que pierde el PSC. <\/p>\n<p>            Peso de la ultraderecha           <\/p>\n<p> La <a href=\"https:\/\/www.elconfidencial.com\/espana\/cataluna\/2025-11-16\/silvia-orriols-alianca-catalana-techo-vox-retrogrado_4248049\/\" target=\"_self\" rel=\"nofollow noopener\">ultraderecha entre Alian\u00e7a <\/a>y Vox podr\u00edan<strong> sumar hasta 34 esca\u00f1os<\/strong>, sobre un total de 165, suficientes para ejercer el bloqueo en muchas cuestiones, seg\u00fan estos datos. El independentismo tampoco sumar\u00eda mayor\u00eda absoluta, incluso<strong> en una suma pol\u00edticamente <\/strong>imposible con Alian\u00e7a Catalana, y las<strong> cuatro formaciones <\/strong>se quedar\u00edan con 67 diputados. <\/p>\n<p>              <img decoding=\"async\" class=\"inTextNews__img\" alt=\"Foto: silvia-orriols-alianca-catalana-techo-vox-retrogrado\" src=\"https:\/\/www.europesays.com\/es\/wp-content\/uploads\/2025\/11\/f.elconfidencial.com\/original\/45c\/786\/d90\/45c786d9079cafc1738599d6b123c559.jpg\"  \/>     <\/p>\n<p>TE PUEDE INTERESAR<\/p>\n<p>      <a class=\"inTextNews__title\" href=\"https:\/\/www.elconfidencial.com\/espana\/cataluna\/2025-11-16\/silvia-orriols-alianca-catalana-techo-vox-retrogrado_4248049\/\" onclick=\"window.ECCO.emit(&#039;amplitude&#039;, { dataEventName: &#039;click_related_article_module&#039;, data: { related_article_url: &#039;https:\/\/www.elconfidencial.com\/espana\/cataluna\/2025-11-16\/silvia-orriols-alianca-catalana-techo-vox-retrogrado_4248049\/&#039;, related_article_author: &#039;Marcos Lamelas,Fotograf\u00eda&#039;, related_article_section: &#039;cataluna&#039; } })\" rel=\"nofollow noopener\" target=\"_blank\"> Silvia Orriols: \u00abAlian\u00e7a Catalana no tiene techo, Vox s\u00ed. Es un partido retr\u00f3grado\u00bb <\/a>   <\/p>\n<p>    Marcos Lamelas. Ripoll     Fotograf\u00eda: Oriol Moles   <\/p>\n<p> El trabajo de campo del \u00faltimo Bar\u00f3metro del a\u00f1o se ha llevado a cabo entre el 13 de octubre y el 11 de noviembre mediante <strong>encuestas personales domiciliarias<\/strong> a una muestra de 2.000 individuos de 18 y m\u00e1s a\u00f1os, residentes en Catalu\u00f1a, con derecho a voto en las elecciones al Parlamento y al Congreso de los Diputados. <\/p>\n<p> El <a href=\"https:\/\/www.elconfidencial.com\/espana\/cataluna\/2025-07-16\/el-cis-catalan-castiga-a-junts-aupa-a-orriols-y-vaticina-que-illa-volvera-a-gobernar-con-tranquilidad_4174029\/\" target=\"_self\" rel=\"nofollow noopener\">Centre d\u2019Estudis d\u2019Opini\u00f3 (CEO)<\/a> de la Generalitat, el equivalente al CIS, ya le da la formaci\u00f3n de ultraderecha independentista Alian\u00e7a Catalana ta<strong>ntos esca\u00f1os como a Junts<\/strong>, un total de entre 19 y 20 esca\u00f1os para ambos, seg\u00fan los datos que ha presentado este organismo sobre su \u00faltimo sondeo que se han hecho p\u00fablico hoy. Aunque Alian\u00e7a<strong> seguir\u00eda por detr\u00e1s en intenci\u00f3n de voto<\/strong>, en esca\u00f1os obtendr\u00eda los mismos que Junts, seg\u00fan el \u00faltimo bar\u00f3metro del CEO de la Generalitat. <\/p>\n","protected":false},"excerpt":{"rendered":"El Centre d\u2019Estudis d\u2019Opini\u00f3 (CEO) de la Generalitat, el equivalente al CIS, ya le da la formaci\u00f3n de&hellip;\n","protected":false},"author":2,"featured_media":253091,"comment_status":"","ping_status":"","sticky":false,"template":"","format":"standard","meta":{"footnotes":""},"categories":[8],"tags":[17,18,25,24,13,14,11,19,20,9,10,15,16,23,12,21,22],"class_list":{"0":"post-253090","1":"post","2":"type-post","3":"status-publish","4":"format-standard","5":"has-post-thumbnail","7":"category-espana","8":"tag-breaking-news","9":"tag-breakingnews","10":"tag-es","11":"tag-espana","12":"tag-featured-news","13":"tag-featurednews","14":"tag-headlines","15":"tag-latest-news","16":"tag-latestnews","17":"tag-news","18":"tag-noticias","19":"tag-noticias-destacadas","20":"tag-noticiasdestacadas","21":"tag-spain","22":"tag-titulares","23":"tag-ultimas-noticias","24":"tag-ultimasnoticias"},"share_on_mastodon":{"url":"https:\/\/pubeurope.com\/@es\/115604553228278275","error":""},"_links":{"self":[{"href":"https:\/\/www.europesays.com\/es\/wp-json\/wp\/v2\/posts\/253090","targetHints":{"allow":["GET"]}}],"collection":[{"href":"https:\/\/www.europesays.com\/es\/wp-json\/wp\/v2\/posts"}],"about":[{"href":"https:\/\/www.europesays.com\/es\/wp-json\/wp\/v2\/types\/post"}],"author":[{"embeddable":true,"href":"https:\/\/www.europesays.com\/es\/wp-json\/wp\/v2\/users\/2"}],"replies":[{"embeddable":true,"href":"https:\/\/www.europesays.com\/es\/wp-json\/wp\/v2\/comments?post=253090"}],"version-history":[{"count":0,"href":"https:\/\/www.europesays.com\/es\/wp-json\/wp\/v2\/posts\/253090\/revisions"}],"wp:featuredmedia":[{"embeddable":true,"href":"https:\/\/www.europesays.com\/es\/wp-json\/wp\/v2\/media\/253091"}],"wp:attachment":[{"href":"https:\/\/www.europesays.com\/es\/wp-json\/wp\/v2\/media?parent=253090"}],"wp:term":[{"taxonomy":"category","embeddable":true,"href":"https:\/\/www.europesays.com\/es\/wp-json\/wp\/v2\/categories?post=253090"},{"taxonomy":"post_tag","embeddable":true,"href":"https:\/\/www.europesays.com\/es\/wp-json\/wp\/v2\/tags?post=253090"}],"curies":[{"name":"wp","href":"https:\/\/api.w.org\/{rel}","templated":true}]}}