{"id":2531,"date":"2025-07-25T15:46:27","date_gmt":"2025-07-25T15:46:27","guid":{"rendered":"https:\/\/www.europesays.com\/es\/2531\/"},"modified":"2025-07-25T15:46:27","modified_gmt":"2025-07-25T15:46:27","slug":"oviedo-4-fantasticos-el-estreno-de-los-4-fantasticos-lanza-al-estrellato-un-icono-de-oviedo-y-pedro-pascal-alaba-cuatro-cosas-de-la-ciudad","status":"publish","type":"post","link":"https:\/\/www.europesays.com\/es\/2531\/","title":{"rendered":"OVIEDO 4 FANT\u00c1STICOS | El estreno de \u00abLos 4 Fant\u00e1sticos\u00bb lanza al estrellato un icono de Oviedo (y Pedro Pascal alaba cuatro cosas de la ciudad)"},"content":{"rendered":"<p class=\"ft-text ft-helper-closenews\">En el edificio Baxter donde viven<a class=\"ft-link ft-link--decoration\" href=\"https:\/\/www.lne.es\/ocio\/cine\/2025\/07\/22\/4-fantasticos-regreso-gran-pantalla-estrenos-cines-119963939.html\" rel=\"nofollow noopener\" target=\"_blank\"> Los 4 Fant\u00e1sticos<\/a> cabe hasta el Palacio de Congresos de Santiago Calatrava, solo que en la ficci\u00f3n de la \u00faltima de Marvel que se estren\u00f3 ayer \u00abel centollu\u00bb \u2013apelativo popular del edificio por su estructura\u2013 est\u00e1 emplazado en una ciudad parecida a Nueva York durante unos retrofutur\u00edsticos a\u00f1os cincuenta, y no en el arranque de los 2000 en el barrio ovetense de Buenavista. De una u otra forma, la puesta de largo de la pel\u00edcula que protagonizan <strong>Pedro Pascal y Vanessa Kirby<\/strong> promete lanzar de nuevo al estrellato el edificio que en la ficci\u00f3n es la sede de la Fundaci\u00f3n del Futuro y el lugar donde se re\u00fanen todas las naciones en momentos de crisis y donde los superh\u00e9roes toman decisiones cr\u00edticas.<\/p>\n<p><img decoding=\"async\" src=\"https:\/\/www.europesays.com\/es\/wp-content\/uploads\/2025\/07\/75cf0916-b01b-4264-a751-9fb23c9c1d63_alta-libre-aspect-ratio_default_0.jpg\" width=\"1200\" height=\"545\" alt=\"En las im\u00e1genes superiores se puede ver a Los 4 Fant\u00e1sticos en el escenario central del auditorio del Calatrava; a La Mujer Invisible (Vanessa Kirby) con su hijo reci\u00e9n nacido a la entrada del edificio, y en el interior (a la derecha), junto a la jefa de la Fundaci\u00f3n del Futuro (Sarah Niles). A la izquierda, una vista general del auditorio del \ue019Calatrava tal y como aparece en la pel\u00edcula de la Marvel, convertido en sede de la Asamblea de Naciones. | FERNANDO RODR\u00cdGUEZ\" class=\"ft-helper-img-rd\" loading=\"lazy\" hasdataaida=\"true\"\/><\/p>\n<p class=\"ft-helper-fontColor-quaternary ft-helper-fontSize-body-S ft-helper-spacer-t-xxs\">El auditorio del Calatrava en la pel\u00edcula  \/ LNE<\/p>\n<p class=\"ft-text\">En el primer pase en Oviedo, ayer, a las ocho de la tarde, en los cines Embajadores de Foncalada, el p\u00fablico local admit\u00eda<strong> cierto orgullo ante la perspectiva de ver uno de sus edificios convertido en decorado de una gran superproducci\u00f3n<\/strong>. Iria Ca\u00f1edo es una de esas espectadoras ilusionadas. \u00abEl edificio siempre ha sido muy pol\u00e9mico aqu\u00ed, pero al verlo en este contexto gana un valor visual brutal, parece sacado de otro planeta, y creo que puede ayudar a que la gente lo vea con otros ojos\u00bb, opina.<\/p>\n<p class=\"ft-text\">Tambi\u00e9n en la cola del cine Marcos Ezama confirma la sensaci\u00f3n de que el edificio<strong> \u00abparece sacado de una nave espacial\u00bb,<\/strong> mientras que Laura Busta bromea con la posibilidad de que \u00ablo hubieran demolido\u00bb, aunque admite que le hace \u00abilusi\u00f3n\u00bb que salga Oviedo.<\/p>\n<p><img decoding=\"async\" src=\"https:\/\/www.europesays.com\/es\/wp-content\/uploads\/2025\/07\/89fd19f1-a137-4dd6-b768-53ec476aaa30_alta-libre-aspect-ratio_default_0.jpg\" width=\"1200\" height=\"1087\" alt=\"El Calatrava, rumbo a otro planeta gracias a la Marvel\" class=\"ft-helper-img-rd\" loading=\"lazy\" hasdataaida=\"true\"\/><\/p>\n<p class=\"ft-helper-fontColor-quaternary ft-helper-fontSize-body-S ft-helper-spacer-t-xxs\">La Mujer Invisible (Vanessa Kirby) con su hijo reci\u00e9n nacido a la entrada del edificio.  \/ LNE<\/p>\n<p class=\"ft-text\">Las opiniones sobre el edificio pueden estar divididas, pero, como dec\u00eda Ram\u00f3n Men\u00e9ndez, \u00abes un edificio gigante y entra por los ojos\u00bb. Junto a \u00e9l, Nord\u00edn y sus hijos Karim y Nadine, de paso por la ciudad, ejemplificaban el efecto reclamo que puede generarse ahora: <strong>\u00abNo lo conoc\u00edamos, ahora ya tenemos una visita para hacer en la ciudad\u00bb.<\/strong><\/p>\n<p><img decoding=\"async\" src=\"https:\/\/www.europesays.com\/es\/wp-content\/uploads\/2025\/07\/ec0e7c41-1ccd-4efe-8f02-87118dbd9761_alta-libre-aspect-ratio_default_0.jpg\" width=\"1200\" height=\"1040\" alt=\"El Calatrava, rumbo a otro planeta gracias a la Marvel\" class=\"ft-helper-img-rd\" loading=\"lazy\" hasdataaida=\"true\"\/><\/p>\n<p class=\"ft-helper-fontColor-quaternary ft-helper-fontSize-body-S ft-helper-spacer-t-xxs\">Kirby, junto a la jefa de la Fundaci\u00f3n del Futuro (Sarah Niles).  \/ LNE<\/p>\n<p class=\"ft-text\">Ayer precisamente se conocieron nuevos elogios de Pedro Pascal a Oviedo, que resume la ciudad en cuatro cosas: <strong>\u00abUna magn\u00edfica tienda de c\u00f3mics al lado de nuestro edificio, una arquitectura maravillosa, gente maravillosa y comida maravillosa\u00bb.<\/strong><\/p>\n<p><img decoding=\"async\" src=\"https:\/\/www.europesays.com\/es\/wp-content\/uploads\/2025\/07\/44303d94-ee82-4b9c-b563-b9cfc287cd17_alta-libre-aspect-ratio_default_0.jpg\" width=\"1200\" height=\"1761\" alt=\"El Calatrava, rumbo a otro planeta gracias a la Marvel\" class=\"ft-helper-img-rd\" loading=\"lazy\" hasdataaida=\"true\"\/><\/p>\n<p class=\"ft-helper-fontColor-quaternary ft-helper-fontSize-body-S ft-helper-spacer-t-xxs\">Por la izquierda, Nadine con su \ue019padre, Nor\u00edn, su hermano Karim y Ram\u00f3n Men\u00e9ndez, ayer, junto a un \ue019cartel de \u00abLos 4 Fant\u00e1sticos\u00bb a las puertas de los cines Embajadores Foncalada.  \/ Fernando Rodr\u00edguez<\/p>\n<p data-close=\"closedContent\" class=\"subscribeHideForDisplay\">Suscr\u00edbete para seguir leyendo<\/p>\n","protected":false},"excerpt":{"rendered":"En el edificio Baxter donde viven Los 4 Fant\u00e1sticos cabe hasta el Palacio de Congresos de Santiago Calatrava,&hellip;\n","protected":false},"author":2,"featured_media":2532,"comment_status":"","ping_status":"","sticky":false,"template":"","format":"standard","meta":{"footnotes":""},"categories":[169],"tags":[2627,2632,177,146,147,25,24,2630,1055,2628,176,2629,2631,175,2634,2633,23],"class_list":{"0":"post-2531","1":"post","2":"type-post","3":"status-publish","4":"format-standard","5":"has-post-thumbnail","7":"category-cine","8":"tag-2627","9":"tag-calatrava","10":"tag-cine","11":"tag-entertainment","12":"tag-entretenimiento","13":"tag-es","14":"tag-espana","15":"tag-estrellato","16":"tag-estreno","17":"tag-fantasticos","18":"tag-film","19":"tag-lanza","20":"tag-marvel","21":"tag-movies","22":"tag-ojos","23":"tag-palacio-de-congresos","24":"tag-spain"},"share_on_mastodon":{"url":"","error":""},"_links":{"self":[{"href":"https:\/\/www.europesays.com\/es\/wp-json\/wp\/v2\/posts\/2531","targetHints":{"allow":["GET"]}}],"collection":[{"href":"https:\/\/www.europesays.com\/es\/wp-json\/wp\/v2\/posts"}],"about":[{"href":"https:\/\/www.europesays.com\/es\/wp-json\/wp\/v2\/types\/post"}],"author":[{"embeddable":true,"href":"https:\/\/www.europesays.com\/es\/wp-json\/wp\/v2\/users\/2"}],"replies":[{"embeddable":true,"href":"https:\/\/www.europesays.com\/es\/wp-json\/wp\/v2\/comments?post=2531"}],"version-history":[{"count":0,"href":"https:\/\/www.europesays.com\/es\/wp-json\/wp\/v2\/posts\/2531\/revisions"}],"wp:featuredmedia":[{"embeddable":true,"href":"https:\/\/www.europesays.com\/es\/wp-json\/wp\/v2\/media\/2532"}],"wp:attachment":[{"href":"https:\/\/www.europesays.com\/es\/wp-json\/wp\/v2\/media?parent=2531"}],"wp:term":[{"taxonomy":"category","embeddable":true,"href":"https:\/\/www.europesays.com\/es\/wp-json\/wp\/v2\/categories?post=2531"},{"taxonomy":"post_tag","embeddable":true,"href":"https:\/\/www.europesays.com\/es\/wp-json\/wp\/v2\/tags?post=2531"}],"curies":[{"name":"wp","href":"https:\/\/api.w.org\/{rel}","templated":true}]}}