{"id":253110,"date":"2025-11-24T12:12:11","date_gmt":"2025-11-24T12:12:11","guid":{"rendered":"https:\/\/www.europesays.com\/es\/253110\/"},"modified":"2025-11-24T12:12:11","modified_gmt":"2025-11-24T12:12:11","slug":"star-wars-entierra-la-trilogia-de-rian-johnson-tras-anos-sin-avances-por-parte-del-director","status":"publish","type":"post","link":"https:\/\/www.europesays.com\/es\/253110\/","title":{"rendered":"Star Wars entierra la trilog\u00eda de Rian Johnson tras a\u00f1os sin avances por parte del director"},"content":{"rendered":"<p class=\"c-paragraph\">Aunque a una parte del fandom de <a href=\"https:\/\/www.hobbyconsolas.com\/reportajes\/star-wars-peliculas-series-saga-george-lucas-orden-cronologico-hitos-futuro-1398432\" rel=\"nofollow noopener\" target=\"_blank\">Star Wars<\/a> le dan espasmos cada vez que se habla de <a href=\"https:\/\/www.hobbyconsolas.com\/noticias\/rian-johnson-explica-donde-llego-trilogia-star-wars-fracaso-1472684\" title=\"Rian Johnson explica hasta d\u00f3nde lleg\u00f3 con su trilog\u00eda de Star Wars y por qu\u00e9 fracas\u00f3\" rel=\"nofollow noopener\" target=\"_blank\">Rian Johnson<\/a> en la franquicia, era un hecho que, durante casi siete a\u00f1os, ha tenido sobre la mesa la opci\u00f3n de llevar a cabo su propia trilog\u00eda dentro del imaginario de <b>George Lucas<\/b>.<\/p>\n<p class=\"c-paragraph\">Anunciada oficialmente mientras se promocionaba <a href=\"https:\/\/www.hobbyconsolas.com\/reviews\/critica-spoilers-star-wars-8-ultimos-jedi-179240\" rel=\"nofollow noopener\" target=\"_blank\">Star Wars: Episodio VIII &#8211; Los \u00faltimos jedi<\/a>, el director no ofreci\u00f3 nunca demasiados detalles de sus planes para llevarnos de regreso a esa galaxia muy, muy lejana. Conocidos son sus problemas a la hora de casar su pel\u00edcula con los planes de <b>J. J. Abrams<\/b> en la trilog\u00eda de las secuelas, por lo que habr\u00eda tenido m\u00e1s libertad.<\/p>\n<p>Disney Plus desde 6,99\u20ac al mes<\/p>\n<p><img decoding=\"async\" loading=\"lazy\" alt=\"Disney Plus+\" width=\"640\" height=\"989\" src=\"https:\/\/www.europesays.com\/es\/wp-content\/uploads\/2025\/11\/691acc4e9a446.png\"\/><\/p>\n<p class=\"c-passport__description\">Esta plataforma cuenta con uno de los mayores y m\u00e1s variados cat\u00e1logos del mundo del streaming, con cl\u00e1sicos y estrenos constantes.<\/p>\n<p class=\"c-paragraph\">Pero el \u00e9xito de <a href=\"https:\/\/www.hobbyconsolas.com\/reviews\/critica-punales-espalda-parodia-rian-johnson-cine-misterio-537207\" rel=\"nofollow noopener\" target=\"_blank\">Pu\u00f1ales por la espalda<\/a> hizo que Rian Johnson virase hacia el misterio. Adem\u00e1s de estar a punto de estrenar la tercera pel\u00edcula de la saga de <b>Benoit Blanc<\/b>, <a href=\"https:\/\/www.hobbyconsolas.com\/hobbycine\/netflix-lanza-nuevo-trailer-punales-por-espalda-entre-los-muertos-con-daniel-craig-topandose-con-iglesia_6898951_0.html\" title=\"Netflix lanza nuevo tr\u00e1iler de Pu\u00f1ales por la espalda: De entre los muertos, con Daniel Craig top\u00e1ndose con la iglesia\" rel=\"nofollow noopener\" target=\"_blank\">Pu\u00f1ales por la espalda: De entre los muertos<\/a>, el director ha estado centrado en su serie para Peacock, <a href=\"https:\/\/www.hobbyconsolas.com\/hobbycine\/poker-face-ha-sido-cancelada-tras-2-temporadas-pero-rian-johnson-busca-una-nueva-version-con-una-estrella-juego-tronos_6897780_0.html\" title=\"Poker Face ha sido cancelada tras 2 temporadas, pero Rian Johnson busca una nueva versi\u00f3n con una estrella de Juego de Tronos\" rel=\"nofollow noopener\" target=\"_blank\">Poker Face<\/a>, recientemente cancelada.<\/p>\n<p class=\"c-paragraph\">Supuestamente, sus planes para abordar la trilog\u00eda de Star Wars segu\u00edan en marcha, aunque la \u00faltima actualizaci\u00f3n por su parte se remonta a 2022, cuando afirmaba que \u00abera cuesti\u00f3n de tiempo\u00bb. Por parte de <b>Lucasfilm<\/b>, no se sab\u00eda nada de forma oficial desde 2023, cuando <b>Kathleen Kennedy<\/b> confirm\u00f3 que la trilog\u00eda segu\u00eda en desarrollo.<\/p>\n<p>Otro proyecto de Star Wars al caj\u00f3n del olvido<\/p>\n<p class=\"c-paragraph\">Siguiendo los pasos de proyectos como la pel\u00edcula de Star Wars que iban a dirigir los creadores de <a href=\"https:\/\/www.hobbyconsolas.com\/hobbycine\/casa-dragon-promete-batallas-con-las-nuevas-imagenes-su-temporada-3-que-nos-llevara-poniente-2026_6900817_0.html\" title=\"La casa del drag\u00f3n promete batallas con las nuevas im\u00e1genes de su temporada 3, que nos llevar\u00e1 a Poniente en 2026\" rel=\"nofollow noopener\" target=\"_blank\">Juego de tronos<\/a>, <b>D. B. Weiss y David Benioff<\/b>, o la pel\u00edcula de <b>Taika Waititi<\/b>, la trilog\u00eda de Rian Johnson ha quedado aparentemente archivada y no est\u00e1 ya en desarrollo activo.<\/p>\n<p class=\"c-paragraph\"><a href=\"https:\/\/www.hollywoodreporter.com\/movies\/movie-features\/rian-johnson-interview-knives-out-wake-up-dead-man-1236429539\/\" rel=\"nofollow noreferrer noopener\" target=\"_blank\">The Hollywood Reporter<\/a> ha estado charlando con Johnson sobre su futuro despu\u00e9s de <b>Pu\u00f1ales por la espalda: De entre los muertos<\/b>. El director se ha sincerado sobre sus planes y, cuando le preguntaron por Star Wars, no ofreci\u00f3 una respuesta que sugiera que tiene alg\u00fan proyecto en marcha en la franquicia:<\/p>\n<p class=\"c-paragraph\">\u00abUna parte de mi cerebro siempre estar\u00e1 en Star Wars. Es una parte fundamental m\u00eda y de mi forma de pensar\u00bb, coment\u00f3 el cineasta, sin afirmar expl\u00edcitamente que su trilog\u00eda estaba aparcada.<\/p>\n<p class=\"c-paragraph\">Con <b>Star Wars<\/b> de regreso a los cines en 2026 con <a href=\"https:\/\/www.hobbyconsolas.com\/hobbycine\/the-mandalorian-and-grogu-lanza-un-nuevo-adelanto-con-sus-protagonistas-plena-aventura_6899018_0.html\" title=\"The Mandalorian and Grogu lanza un nuevo adelanto con sus protagonistas en plena aventura\" rel=\"nofollow noopener\" target=\"_blank\">The Mandalorian and Grogu<\/a>, y con <a href=\"https:\/\/www.hobbyconsolas.com\/hobbycine\/star-wars-starfighter-va-viento-popa-ya-ha-superado-mitad-rodaje-segun-ultima-actualizacion-shawn-levy_6896971_0.html\" title=\"Star Wars: Starfighter &quot;va viento en popa&quot; y ya ha superado la mitad del rodaje, seg\u00fan la \u00faltima actualizaci\u00f3n de Shawn Levy\" rel=\"nofollow noopener\" target=\"_blank\">Star Wars: Starfighter<\/a> tambi\u00e9n en camino, adem\u00e1s del proyecto de trilog\u00eda de <b>Simon Kinberg<\/b>, mantener un proyecto que no ha avanzado nada en siete a\u00f1os se antojaba absurdo. Veremos si <b>Dawn of de Jedi<\/b>, de <b>James Mangold<\/b>, y la pel\u00edcula de <b>Rey <\/b>no siguen los mismos pasos.<\/p>\n","protected":false},"excerpt":{"rendered":"Aunque a una parte del fandom de Star Wars le dan espasmos cada vez que se habla de&hellip;\n","protected":false},"author":2,"featured_media":253111,"comment_status":"","ping_status":"","sticky":false,"template":"","format":"standard","meta":{"footnotes":""},"categories":[169],"tags":[177,146,147,25,24,176,63926,175,753,63925,23,3186],"class_list":{"0":"post-253110","1":"post","2":"type-post","3":"status-publish","4":"format-standard","5":"has-post-thumbnail","7":"category-cine","8":"tag-cine","9":"tag-entertainment","10":"tag-entretenimiento","11":"tag-es","12":"tag-espana","13":"tag-film","14":"tag-los-ultimos-jedi","15":"tag-movies","16":"tag-peliculas","17":"tag-rian-johnson","18":"tag-spain","19":"tag-star-wars"},"share_on_mastodon":{"url":"https:\/\/pubeurope.com\/@es\/115604616066009592","error":""},"_links":{"self":[{"href":"https:\/\/www.europesays.com\/es\/wp-json\/wp\/v2\/posts\/253110","targetHints":{"allow":["GET"]}}],"collection":[{"href":"https:\/\/www.europesays.com\/es\/wp-json\/wp\/v2\/posts"}],"about":[{"href":"https:\/\/www.europesays.com\/es\/wp-json\/wp\/v2\/types\/post"}],"author":[{"embeddable":true,"href":"https:\/\/www.europesays.com\/es\/wp-json\/wp\/v2\/users\/2"}],"replies":[{"embeddable":true,"href":"https:\/\/www.europesays.com\/es\/wp-json\/wp\/v2\/comments?post=253110"}],"version-history":[{"count":0,"href":"https:\/\/www.europesays.com\/es\/wp-json\/wp\/v2\/posts\/253110\/revisions"}],"wp:featuredmedia":[{"embeddable":true,"href":"https:\/\/www.europesays.com\/es\/wp-json\/wp\/v2\/media\/253111"}],"wp:attachment":[{"href":"https:\/\/www.europesays.com\/es\/wp-json\/wp\/v2\/media?parent=253110"}],"wp:term":[{"taxonomy":"category","embeddable":true,"href":"https:\/\/www.europesays.com\/es\/wp-json\/wp\/v2\/categories?post=253110"},{"taxonomy":"post_tag","embeddable":true,"href":"https:\/\/www.europesays.com\/es\/wp-json\/wp\/v2\/tags?post=253110"}],"curies":[{"name":"wp","href":"https:\/\/api.w.org\/{rel}","templated":true}]}}