{"id":253135,"date":"2025-11-24T12:29:09","date_gmt":"2025-11-24T12:29:09","guid":{"rendered":"https:\/\/www.europesays.com\/es\/253135\/"},"modified":"2025-11-24T12:29:09","modified_gmt":"2025-11-24T12:29:09","slug":"jana-fernandez-la-liga-inglesa-es-la-mejor-del-mundo-pero-falta-el-mejor-equipo-el-barca","status":"publish","type":"post","link":"https:\/\/www.europesays.com\/es\/253135\/","title":{"rendered":"Jana Fern\u00e1ndez: \u00abLa liga inglesa es la mejor del mundo, pero falta el mejor equipo: el Bar\u00e7a\u00bb"},"content":{"rendered":"<p data-gtm-element-container=\"modulo-texto-link\" class=\"paragraph\"><strong>Jana Fern\u00e1ndez<\/strong> se ha sincerado en una entrevista e<a href=\"https:\/\/exterior.cat\/en-portada\/jana-fernandez-la-lliga-anglesa-femenina-ja-es-la-millor-del-mon-pero-els-falta-el-millor-equip-el-barca\/\" rel=\"nofollow noreferrer noopener\" title=\"Entrevista jana\" target=\"_blank\">n el portal &#8216;Exterior&#8217;, <\/a>donde habla de su dif\u00edcil salida del Bar\u00e7a y c\u00f3mo en Londres ha encontrado una versi\u00f3n de s\u00ed misma que le gusta mucho. A sus 22 a\u00f1os, la defensa catalana, tras formarse en el <strong>FC Barcelona<\/strong> y debutar en el primer equipo con solo 16 a\u00f1os, ha emprendido este verano el reto de la FA Women\u2019s Super League con el London City Lionesses, reci\u00e9n ascendido a la \u00e9lite inglesa.<\/p>\n<p>    Lee tambi\u00e9n<\/p>\n<p data-gtm-element-container=\"modulo-texto-link\" class=\"paragraph\">La salida del Bar\u00e7a no fue sencilla: \u201cDespu\u00e9s de un verano complicado que acab\u00f3 con mi salida del Bar\u00e7a, se me plantearon varias ofertas\u201d. La propuesta londinense la convenci\u00f3 por su proyecto y por la presencia de figuras conocidas: \u201cLa presencia de <strong>Markel Zubizarreta y Gonzalo Rodr\u00edguez<\/strong>, art\u00edfices de las tres Champions del Bar\u00e7a, fue un motivo de peso para decidirme\u201d.<\/p>\n<p data-gtm-element-container=\"modulo-texto-link\" class=\"paragraph\"><strong>Una adaptaci\u00f3n r\u00e1pida y un club implicado<\/strong><\/p>\n<p data-gtm-element-container=\"modulo-texto-link\" class=\"paragraph\">Su llegada a Inglaterra ha sido m\u00e1s fluida de lo esperado. Dominar el ingl\u00e9s ha sido clave: \u201cHablar bien ingl\u00e9s me ha abierto las puertas a tener mejor relaci\u00f3n con las compa\u00f1eras y el staff\u201d. Tambi\u00e9n la ha sorprendido la cercan\u00eda de <strong>Michele Kang,<\/strong> propietaria del club: \u201cPensaba que no la ver\u00edamos mucho y ha venido a m\u00e1s de la mitad de los partidos. Est\u00e1 muy implicada\u201d.<\/p>\n<p data-gtm-element-container=\"modulo-texto-link\" class=\"paragraph\">En este nuevo entorno, <strong>Jana <\/strong>asegura haber recuperado sensaciones que echaba de menos: \u201cEn el London City Lionesses he encontrado una versi\u00f3n de m\u00ed misma en el terreno de juego que me gusta mucho\u201d. La continuidad y la exigencia defensiva de la liga inglesa le est\u00e1n permitiendo crecer: \u201cEn Inglaterra la posici\u00f3n de defensa es m\u00e1s exigente, pero no puedo olvidar lo que aprend\u00ed en el Bar\u00e7a\u201d.<\/p>\n<p data-gtm-element-container=\"modulo-texto-link\" class=\"paragraph\">En su primera temporada en la WSL, las Lionesses no renuncian a nada: \u201cSomos ambiciosas, el reto es acabar lo m\u00e1s arriba posible\u201d. Incluso abre la puerta a so\u00f1ar con Europa: \u201c\u00bfChampions? S\u00ed, \u00bfpor qu\u00e9 no? Hace semanas lo ve\u00eda imposible, pero estamos a dos puntos\u201d.<\/p>\n<p data-gtm-element-container=\"modulo-texto-link\" class=\"paragraph\">Jana destaca que la inversi\u00f3n econ\u00f3mica marca diferencias claras con otras ligas: \u201cLa liga inglesa atrae el talento de otras ligas. Me siento muy orgullosa de formar parte de una liga que apuesta decididamente por el f\u00fatbol femenino\u201d. Y no duda en afirmar: \u201cSinceramente, la liga inglesa ya es la mejor del mundo, aunque le falte el mejor equipo: el Bar\u00e7a\u201d.<\/p>\n<p data-gtm-element-container=\"modulo-texto-link\" class=\"paragraph\">Aunque su etapa azulgrana acab\u00f3 antes de lo esperado, el club sigue muy presente: \u201cMi sue\u00f1o era jugar toda la vida en el Bar\u00e7a, pero era consciente de que era muy complicado\u201d. Su salida fue \u201cinesperada y dolorosa\u201d, pero hoy lo ve con perspectiva: \u201cHe tomado una buena decisi\u00f3n y en el momento que tocaba\u201d.<\/p>\n<p data-gtm-element-container=\"modulo-texto-link\" class=\"paragraph\">Guarda recuerdos imborrables, especialmente la primera Champions en Gotemburgo: \u201cFue la que nos abri\u00f3 la puerta a todo\u201d. Aunque la final de Bilbao tambi\u00e9n ocupa un lugar especial, pese al \u201csabor agridulce\u201d de no poder jugarla.<\/p>\n<p data-gtm-element-container=\"modulo-texto-link\" class=\"paragraph\">El regreso sigue siendo una posibilidad futura: \u201cEl Bar\u00e7a es casa. Es una puerta que siempre estar\u00e1 abierta\u201d.<\/p>\n<p data-gtm-element-container=\"modulo-texto-link\" class=\"paragraph\">Fuera del campo, Jana se siente en una ciudad que encaja con su esp\u00edritu abierto: \u201cMe gusta conocer nuevos lugares y nuevas culturas. Londres es perfecta\u201d. Aun as\u00ed, reivindica su ra\u00edz: \u201cTambi\u00e9n me considero muy de pueblo, echo de menos Sant Esteve Sesrovires\u201d.<\/p>\n<p data-gtm-element-container=\"modulo-texto-link\" class=\"paragraph\">Estudia un grado online de Publicidad y no descarta unir f\u00fatbol y comunicaci\u00f3n en su futuro: \u201cMe gusta el marketing, las relaciones p\u00fablicas y la tecnolog\u00eda. Creo que acabar\u00e9 haciendo algo que una el f\u00fatbol y el marketing\u201d.<\/p>\n","protected":false},"excerpt":{"rendered":"Jana Fern\u00e1ndez se ha sincerado en una entrevista en el portal &#8216;Exterior&#8217;, donde habla de su dif\u00edcil salida&hellip;\n","protected":false},"author":2,"featured_media":253136,"comment_status":"","ping_status":"","sticky":false,"template":"","format":"standard","meta":{"footnotes":""},"categories":[268],"tags":[168,25,24,280,282,281,23,167],"class_list":{"0":"post-253135","1":"post","2":"type-post","3":"status-publish","4":"format-standard","5":"has-post-thumbnail","7":"category-futbol","8":"tag-deportes","9":"tag-es","10":"tag-espana","11":"tag-football","12":"tag-futbol","13":"tag-soccer","14":"tag-spain","15":"tag-sports"},"share_on_mastodon":{"url":"https:\/\/pubeurope.com\/@es\/115604682619467590","error":""},"_links":{"self":[{"href":"https:\/\/www.europesays.com\/es\/wp-json\/wp\/v2\/posts\/253135","targetHints":{"allow":["GET"]}}],"collection":[{"href":"https:\/\/www.europesays.com\/es\/wp-json\/wp\/v2\/posts"}],"about":[{"href":"https:\/\/www.europesays.com\/es\/wp-json\/wp\/v2\/types\/post"}],"author":[{"embeddable":true,"href":"https:\/\/www.europesays.com\/es\/wp-json\/wp\/v2\/users\/2"}],"replies":[{"embeddable":true,"href":"https:\/\/www.europesays.com\/es\/wp-json\/wp\/v2\/comments?post=253135"}],"version-history":[{"count":0,"href":"https:\/\/www.europesays.com\/es\/wp-json\/wp\/v2\/posts\/253135\/revisions"}],"wp:featuredmedia":[{"embeddable":true,"href":"https:\/\/www.europesays.com\/es\/wp-json\/wp\/v2\/media\/253136"}],"wp:attachment":[{"href":"https:\/\/www.europesays.com\/es\/wp-json\/wp\/v2\/media?parent=253135"}],"wp:term":[{"taxonomy":"category","embeddable":true,"href":"https:\/\/www.europesays.com\/es\/wp-json\/wp\/v2\/categories?post=253135"},{"taxonomy":"post_tag","embeddable":true,"href":"https:\/\/www.europesays.com\/es\/wp-json\/wp\/v2\/tags?post=253135"}],"curies":[{"name":"wp","href":"https:\/\/api.w.org\/{rel}","templated":true}]}}