{"id":253193,"date":"2025-11-24T13:05:11","date_gmt":"2025-11-24T13:05:11","guid":{"rendered":"https:\/\/www.europesays.com\/es\/253193\/"},"modified":"2025-11-24T13:05:11","modified_gmt":"2025-11-24T13:05:11","slug":"la-economia-vuelve-a-tropezar-con-las-piedras-de-siempre","status":"publish","type":"post","link":"https:\/\/www.europesays.com\/es\/253193\/","title":{"rendered":"la econom\u00eda vuelve a tropezar con las &#8216;piedras&#8217; de siempre"},"content":{"rendered":"<p>La econom\u00eda de Espa\u00f1a es la que <a href=\"https:\/\/www.eleconomista.es\/economia\/noticias\/13646971\/11\/25\/bruselas-preve-que-espana-siga-siendo-la-locomotora-de-la-eurozona-y-eleva-tres-decimas-su-pib-en-2025-al-29.html\" title=\"Bruselas espera que Espa\u00f1a siga siendo la locomotora de la Eurozona y eleva tres d\u00e9cimas su previsi\u00f3n del PIB para 2025, al 2,9%\" rel=\"nofollow noopener\" target=\"_blank\">m\u00e1s crece de toda la Uni\u00f3n Europea<\/a> (solo por detr\u00e1s de Polonia) y la que m\u00e1s empleo crea de todo el bloque comunitario con mucha diferencia. La fuerte expansi\u00f3n del sector servicios (turismo y hosteler\u00eda, sobre todo) ha generado esta din\u00e1mica que impresiona a aquellos que solo tienen ojos para las grandes m\u00e9tricas (PIB o empleo). Sin embargo, detr\u00e1s de estas portentosas cifras se encuentra un pa\u00eds fracturado que sigue presentando los problemas de siempre, con una burocracia y<b> sistema fiscal que hace muy dif\u00edcil emprender con \u00e9xito<\/b>, una educaci\u00f3n mediocre, en el mejor de los casos, y una productividad que no avanza. Las piedras que siempre se topan en el camino de la econom\u00eda espa\u00f1ola hacia la convergencia siguen ah\u00ed. La diferencia es que con la &#8216;marea alta&#8217; de turismo y servicios, esas piedras no se ven, pero lo cierto es que siguen en el mismo lugar que hace d\u00e9cadas.<\/p>\n<p>Aunque esto sea algo evidente, es algo que pocos espa\u00f1oles se paran a pensar. Cuanto m\u00e1s tiempo se dedica en el Congreso a debatir sobre cuestiones del pasado, corrupci\u00f3n, etc. el tiempo que queda para el debate de pol\u00edticas que pueden cambiar la econom\u00eda de Espa\u00f1a es menor. Es decir, si las horas del debate pol\u00edtico y de telediarios se centran en las decenas de casos de corrupci\u00f3n o en el cambio de nombres de calles, lo que queda para hablar de<b> productividad, educaci\u00f3n, emprendimiento, impuestos<\/b>&#8230; es nada y apenas tiene hueco en los espacios informativos. Si ese debate no existe, la econom\u00eda seguir\u00e1 cayendo en las mismas trampas de siempre una y otra vez, aunque la econom\u00eda se encuentra ahora mismo en un momento c\u00edclico espectacular.<\/p>\n<p>\u00ab<b>Espa\u00f1a se enorgullece de ser la econom\u00eda avanzada que m\u00e1s crece en mundo<\/b> por segundo a\u00f1o consecutivo. Pero detr\u00e1s de ese vigoroso auge se esconde una debilidad que a\u00fan pesa mucho: la fragmentada pol\u00edtica espa\u00f1ola\u00bb, apunta un reportaje publicado por el prestigioso diario Financial Times.<\/p>\n<p>Espa\u00f1a crece r\u00e1pido, pero &#8216;mal&#8217;<\/p>\n<p>Aunque la econom\u00eda se expande, hay indicios de que no est\u00e1 evolucionando con la suficiente rapidez como para mantener el impulso.<b> La t\u00f3xica pol\u00edtica interna sigue obstaculizando el proceso, reza el art\u00edculo del Financial Times<\/b>. La polarizaci\u00f3n no es exclusiva de Espa\u00f1a, pero su brutalidad visceral en el pa\u00eds es evidente. Otro problema potencialmente m\u00e1s grave: la preocupante falta de debate sobre pol\u00edticas p\u00fablicas.<\/p>\n<p>En otras econom\u00edas importantes, la polarizaci\u00f3n pol\u00edtica puede coexistir con debates m\u00e1s s\u00f3lidos sobre c\u00f3mo abordar preocupaciones apremiantes en \u00e1mbitos tan diversos como la educaci\u00f3n y la vivienda, la burocracia y la inteligencia artificial.<\/p>\n<p>Miquel Roca, de 85 a\u00f1os, uno de los dos \u00faltimos redactores supervivientes de la Constituci\u00f3n espa\u00f1ola de 1978, culpa tanto al Partido Socialista del presidente Pedro S\u00e1nchez como al conservador Partido Popular (PP) del vac\u00edo intelectual.<\/p>\n<p>\u00abSe sienten muy c\u00f3modos siendo enemigos\u00bb, afirm\u00f3. \u00abCuando tengo un enemigo, no necesito una discusi\u00f3n\u00bb, explica en declaraciones al FT. Los vac\u00edos pol\u00edticos y la polarizaci\u00f3n pol\u00edtica se retroalimentan. Cuando un gobierno carece de mayor\u00eda parlamentaria, como ocurre con S\u00e1nchez, el debate pol\u00edtico puede actuar como puente. Es la b\u00fasqueda de ideas la que puede atraer votos de todos los partidos y producir reformas legislativas.<\/p>\n<p>Pero con propuestas que rara vez se consideran algo m\u00e1s que dogmas, resulta casi imposible sacar a los pol\u00edticos espa\u00f1oles de sus escondites. La polarizaci\u00f3n del pa\u00eds se afianza cada d\u00eda, lo cual supone un serio problema para avanzar en las pol\u00edticas que de verdad importan para lograr un crecimiento econ\u00f3mico prolongado, sostenible y que incremente la prosperidad de la mayor\u00eda de los habitantes del pa\u00eds.<\/p>\n<p>A pesar del estancamiento pol\u00edtico, la econom\u00eda espa\u00f1ola est\u00e1 creciendo m\u00e1s r\u00e1pido que la de sus pares, <b>con un avance de un 3,5% en 2024 y un 2,9% este a\u00f1o<\/b>. Esto marca un cambio notable respecto a los tiempos dif\u00edciles del desplome inmobiliario que comenz\u00f3 en 2008 y la crisis financiera de la eurozona.<\/p>\n<p>Un crecimiento extensivo<\/p>\n<p>Gran parte del crecimiento se ha visto impulsado por la <a href=\"https:\/\/www.eleconomista.es\/economia\/noticias\/13637565\/11\/25\/espana-asombra-a-eeuu-y-europa-con-su-modelo-para-integrar-en-la-economia-a-los-que-vienen-de-fuera-es-una-valiosa-leccion-para-la-ue.html\" title=\"Espa\u00f1a asombra a EEUU y Europa con su modelo para integrar en la econom\u00eda a los que vienen de fuera: &quot;Es una valiosa lecci\u00f3n para la UE&quot;\" rel=\"nofollow noopener\" target=\"_blank\">fuerte llegada de inmigrantes<\/a> que han ocupado <a href=\"https:\/\/www.eleconomista.es\/economia\/noticias\/13457159\/07\/25\/el-milagro-espanol-podria-tener-los-pies-de-barro-la-trampa-del-empleo-basura-el-techo-del-turismo-y-la-inmigracion.html\" title=\"El milagro espa\u00f1ol podr\u00eda tener los pies de barro: la trampa del empleo &#039;basura&#039;, el techo del turismo y la inmigraci\u00f3n\" rel=\"nofollow noopener\" target=\"_blank\">empleos poco cualificados y con alta intensidad de mano de obra<\/a> (muy intensivos en factor trabajo, como se dice en la jerga econ\u00f3mica), pero la econom\u00eda tambi\u00e9n ha cambiado de forma fundamental.<\/p>\n<p>El despliegue de la energ\u00eda e\u00f3lica y solar, impulsado por el gobierno, ha reducido dr\u00e1sticamente los precios de la electricidad e impulsado la competitividad. Las reformas del mercado laboral de S\u00e1nchez en 2022 han dado a los trabajadores temporales contratos indefinidos (aunque sea de una forma un tanto singular, puesto que son los famosos fijos-discontinuos), lo que les ha dado m\u00e1s confianza para gastar. Espa\u00f1a tambi\u00e9n ha diversificado su econom\u00eda mediante el desarrollo y la exportaci\u00f3n de m\u00e1s servicios financieros y profesionales, seg\u00fan Filippo Taddei, economista de Goldman Sachs.<\/p>\n<p>Los obst\u00e1culos de siempre<\/p>\n<p>Sin embargo, otros obst\u00e1culos estructurales no se han abordado, ni siquiera han sido debatidos seriamente por los pol\u00edticos. La productividad ha aumentado ligeramente en los \u00faltimos a\u00f1os, pero sigue siendo preocupantemente baja, un problema atribuible en parte a la escasa inversi\u00f3n empresarial.<\/p>\n<p>La <a href=\"https:\/\/www.eleconomista.es\/economia\/noticias\/13584840\/10\/25\/el-desastre-de-la-educacion-en-espana-desde-la-generacion-egb-la-brecha-con-europa-se-ha-triplicado.html\" title=\"El desastre de la educaci\u00f3n en Espa\u00f1a: desde la generaci\u00f3n EGB la brecha con Europa se ha triplicado\" rel=\"nofollow noopener\" target=\"_blank\">educaci\u00f3n es otro factor clave en la productividad<\/a>. Los colegios espa\u00f1oles obtienen malos resultados seg\u00fan los est\u00e1ndares europeos y, en general, sus universidades no se centran en convertir a los estudiantes en los trabajadores que la econom\u00eda necesita. <b>En Espa\u00f1a se habla a menudo del desastre de la educaci\u00f3n <\/b>por la tendencia que ha seguido esta rama que es la que deber\u00eda guiar el crecimiento. Su tasa de desempleo, del 10,5%, es la m\u00e1s alta de la UE.<\/p>\n<p><b>La burocracia sigue dificultando el acceso a los emprendedores en Espa\u00f1a,<\/b> a pesar de algunas reformas parciales. Y los economistas afirman que la rigidez del gobierno le ha impedido aprovechar al m\u00e1ximo los 71.000 millones de euros en subvenciones y pr\u00e9stamos de la UE recibidos hasta la fecha del programa pospandemia NextGenerationEU.<\/p>\n<p>\u00abLa intenci\u00f3n era impulsar la recuperaci\u00f3n econ\u00f3mica y tambi\u00e9n transformarla\u00bb, declara Raymond Torres, director de an\u00e1lisis macroecon\u00f3mico de Funcas, una fundaci\u00f3n de cajas de ahorros. \u00abEs dif\u00edcil encontrar ese componente transformador\u00bb, asegura este experto en declaraciones al Financial Times.<\/p>\n<p>Para la gente, el problema m\u00e1s acuciante en <a href=\"https:\/\/www.eleconomista.es\/economia\/noticias\/13651333\/11\/25\/funcas-avisa-que-la-falta-de-vivienda-puede-limitar-el-crecimiento-economico.html\" title=\"Funcas avisa que la crisis de vivienda amenaza el crecimiento y el equilibrio social\" rel=\"nofollow noopener\" target=\"_blank\">Espa\u00f1a es el acceso a la vivienda<\/a>, ya que el agravamiento de la escasez eleva los precios del alquiler y la compra a un ritmo muy superior al del crecimiento salarial.<\/p>\n<p>Miriam Gonz\u00e1lez Dur\u00e1ntez, abogada mercantil que elabora planes para un nuevo partido pol\u00edtico, afirm\u00f3 que era imposible avanzar en materia de vivienda mientras la derecha se opusiera a cualquier papel del sector p\u00fablico y la izquierda se negara a ver al <b>sector privado como parte de la soluci\u00f3n. <\/b>\u00abEliminen la ideolog\u00eda de la ecuaci\u00f3n\u00bb, suplic\u00f3.<\/p>\n<p>Tambi\u00e9n hay escasez de think tanks independientes bien financiados porque no existe una tradici\u00f3n de respaldo de las personas con mayor patrimonio del pa\u00eds. El multimillonario de Zara, Amancio Ortega, el hombre m\u00e1s rico de Espa\u00f1a, financia la terapia de protones para tratar el c\u00e1ncer, no informes sobre la reforma sanitaria, explican desde el FT.<\/p>\n<p>Toni Rold\u00e1n, exdiputado centrista del ahora extinto partido Ciudadanos, recuerda que cuando Espa\u00f1a sal\u00eda de la crisis de la eurozona, se debat\u00edan en el Parlamento ideas como la renta m\u00ednima y el impuesto negativo sobre la renta.<\/p>\n<p>Hoy, afirm\u00f3, la pol\u00edtica identitaria y los antagonismos regionales ahogaban cualquier intento de hablar de pol\u00edticas. \u00abEs como si alguien entrara en la sala con un meg\u00e1fono\u00bb.<\/p>\n<p>WhatsApp<a href=\"https:\/\/api.whatsapp.com\/send?text=https:\/\/www.eleconomista.es\/economia\/noticias\/13658479\/11\/25\/el-financial-times-pone-en-duda-el-boom-de-espana-la-economia-vuelve-a-tropezar-con-las-piedras-de-siempre.html?utm_source%3Dwhatsapp%26utm_medium%3Dshare_button&amp;id=1648118629957_whatsapp\" target=\"_blank\" data-action=\"share\/whatsapp\/share\" aria-label=\"Compartir en Whatsapp\" rel=\"nofollow noopener\"><\/a>Facebook<a id=\"fb-share\" href=\"#\" target=\"_blank\" rel=\"noopener noreferrer\" aria-label=\"Compartir en Facebook\"><\/a>Twitter<a href=\"https:\/\/twitter.com\/share?text=El+Financial+Times+pone+en+duda+el+boom+de+Espa%C3%B1a%3A+la+econom%C3%ADa+vuelve+a+tropezar+con+las+%27piedras%27+de+siempre&amp;url=https:\/\/www.eleconomista.es\/economia\/noticias\/13658479\/11\/25\/el-financial-times-pone-en-duda-el-boom-de-espana-la-economia-vuelve-a-tropezar-con-las-piedras-de-siempre.html&amp;via=elEconomistaes&amp;id=1648118839245_twitter\" target=\"_blank\" aria-label=\"Compartir en Twitter\" rel=\"nofollow noopener\"><\/a>Linkedin<a href=\"https:\/\/linkedin.com\/share?text=https:\/\/www.eleconomista.es\/economia\/noticias\/13658479\/11\/25\/el-financial-times-pone-en-duda-el-boom-de-espana-la-economia-vuelve-a-tropezar-con-las-piedras-de-siempre.html&amp;via=elEconomistaes\" target=\"_blank\" aria-label=\"Compartir en linkedin\" rel=\"nofollow noopener\"><\/a>Beloud<a href=\"https:\/\/beloud.com\/share?text=El+Financial+Times+pone+en+duda+el+boom+de+Espa%C3%B1a%3A+la+econom%C3%ADa+vuelve+a+tropezar+con+las+%27piedras%27+de+siempre&amp;url=https:\/\/www.eleconomista.es\/economia\/noticias\/13658479\/11\/25\/el-financial-times-pone-en-duda-el-boom-de-espana-la-economia-vuelve-a-tropezar-con-las-piedras-de-siempre.html&amp;via=elEconomistaes&amp;id=1648118839245_beloud\" target=\"_blank\" aria-label=\"Compartir en beloud\" rel=\"nofollow noopener\"><\/a>Bluesky<a href=\"https:\/\/bsky.app\/intent\/compose?text=https:\/\/bsky.app\/intent\/compose?text=https:\/\/www.eleconomista.es\/economia\/noticias\/13658479\/11\/25\/el-financial-times-pone-en-duda-el-boom-de-espana-la-economia-vuelve-a-tropezar-con-las-piedras-de-siempre.html&amp;url=https:\/\/www.eleconomista.es\/economia\/noticias\/13658479\/11\/25\/el-financial-times-pone-en-duda-el-boom-de-espana-la-economia-vuelve-a-tropezar-con-las-piedras-de-siempre.html&amp;via=elEconomistaes&amp;id=1648118839245_bluesky\" target=\"_blank\" aria-label=\"Compartir en bluesky\" rel=\"nofollow noopener\"><\/a><\/p>\n<p><script async src=\"https:\/\/platform.twitter.com\/widgets.js\" charset=\"utf-8\"><\/script><\/p>\n","protected":false},"excerpt":{"rendered":"La econom\u00eda de Espa\u00f1a es la que m\u00e1s crece de toda la Uni\u00f3n Europea (solo por detr\u00e1s de&hellip;\n","protected":false},"author":2,"featured_media":253194,"comment_status":"","ping_status":"","sticky":false,"template":"","format":"standard","meta":{"footnotes":""},"categories":[8],"tags":[17,18,95,25,24,13,14,11,19,20,9,10,15,16,23,12,21,22],"class_list":{"0":"post-253193","1":"post","2":"type-post","3":"status-publish","4":"format-standard","5":"has-post-thumbnail","7":"category-espana","8":"tag-breaking-news","9":"tag-breakingnews","10":"tag-economia","11":"tag-es","12":"tag-espana","13":"tag-featured-news","14":"tag-featurednews","15":"tag-headlines","16":"tag-latest-news","17":"tag-latestnews","18":"tag-news","19":"tag-noticias","20":"tag-noticias-destacadas","21":"tag-noticiasdestacadas","22":"tag-spain","23":"tag-titulares","24":"tag-ultimas-noticias","25":"tag-ultimasnoticias"},"share_on_mastodon":{"url":"https:\/\/pubeurope.com\/@es\/115604824087590746","error":""},"_links":{"self":[{"href":"https:\/\/www.europesays.com\/es\/wp-json\/wp\/v2\/posts\/253193","targetHints":{"allow":["GET"]}}],"collection":[{"href":"https:\/\/www.europesays.com\/es\/wp-json\/wp\/v2\/posts"}],"about":[{"href":"https:\/\/www.europesays.com\/es\/wp-json\/wp\/v2\/types\/post"}],"author":[{"embeddable":true,"href":"https:\/\/www.europesays.com\/es\/wp-json\/wp\/v2\/users\/2"}],"replies":[{"embeddable":true,"href":"https:\/\/www.europesays.com\/es\/wp-json\/wp\/v2\/comments?post=253193"}],"version-history":[{"count":0,"href":"https:\/\/www.europesays.com\/es\/wp-json\/wp\/v2\/posts\/253193\/revisions"}],"wp:featuredmedia":[{"embeddable":true,"href":"https:\/\/www.europesays.com\/es\/wp-json\/wp\/v2\/media\/253194"}],"wp:attachment":[{"href":"https:\/\/www.europesays.com\/es\/wp-json\/wp\/v2\/media?parent=253193"}],"wp:term":[{"taxonomy":"category","embeddable":true,"href":"https:\/\/www.europesays.com\/es\/wp-json\/wp\/v2\/categories?post=253193"},{"taxonomy":"post_tag","embeddable":true,"href":"https:\/\/www.europesays.com\/es\/wp-json\/wp\/v2\/tags?post=253193"}],"curies":[{"name":"wp","href":"https:\/\/api.w.org\/{rel}","templated":true}]}}