{"id":253210,"date":"2025-11-24T13:20:26","date_gmt":"2025-11-24T13:20:26","guid":{"rendered":"https:\/\/www.europesays.com\/es\/253210\/"},"modified":"2025-11-24T13:20:26","modified_gmt":"2025-11-24T13:20:26","slug":"asi-es-ahora-maria-isabel-30-anos-la-nina-que-en-2004-gano-eurovision-junior","status":"publish","type":"post","link":"https:\/\/www.europesays.com\/es\/253210\/","title":{"rendered":"As\u00ed es ahora Mar\u00eda Isabel (30 a\u00f1os), la ni\u00f1a que en 2004 gan\u00f3 Eurovisi\u00f3n Junior"},"content":{"rendered":"<p>                    <img loading=\"lazy\" decoding=\"async\" src=\"https:\/\/www.mundodeportivo.com\/files\/image_449_465\/uploads\/2025\/11\/24\/69244f9438f49.jpeg\" data-full-src=\"https:\/\/www.europesays.com\/es\/wp-content\/uploads\/2025\/11\/69244f9438f49.jpeg\" class=\"nolazy\" width=\"449\" height=\"465\"\/><\/p>\n<p>Pese a su gran \u00e9xito en la m\u00fasica durante la infancia, su vida dio un giro radical\n<\/p>\n<p>                        <img loading=\"lazy\" decoding=\"async\" class=\"swiper-lazy\" alt=\"Horizontal\" data-full-src=\"https:\/\/www.mundodeportivo.com\/uploads\/2019\/06\/25\/60e7216791172.png\" src=\"https:\/\/www.europesays.com\/es\/wp-content\/uploads\/2025\/11\/60e7216791172.png\" width=\"884\" height=\"558\"\/><\/p>\n<p>                        Maria Isabel gan\u00f3 Eurojunior en 2004.Otras Fuentes\n<\/p>\n<p>                        <img loading=\"lazy\" decoding=\"async\" class=\"swiper-lazy\" alt=\"\" data-full-src=\"https:\/\/www.mundodeportivo.com\/uploads\/2019\/05\/24\/60f54dcd8de65.jpeg\" src=\"https:\/\/www.europesays.com\/es\/wp-content\/uploads\/2025\/11\/60f54dcd8de65.jpeg\" width=\"975\" height=\"558\"\/><\/p>\n<p>                        <img loading=\"lazy\" decoding=\"async\" class=\"swiper-lazy\" alt=\"Mar\u00eda Isabel, en 2009.\" data-full-src=\"https:\/\/www.mundodeportivo.com\/uploads\/2023\/05\/15\/64624dab54ce6.jpeg\" src=\"https:\/\/www.europesays.com\/es\/wp-content\/uploads\/2025\/11\/64624dab54ce6.jpeg\" width=\"753\" height=\"558\"\/><\/p>\n<p>                        Mar\u00eda Isabel, en 2009.Otras Fuentes\n<\/p>\n<p>                        <img loading=\"lazy\" decoding=\"async\" class=\"swiper-lazy\" alt=\"Mar\u00eda Isabel, en 2004.\" data-full-src=\"https:\/\/www.mundodeportivo.com\/uploads\/2023\/05\/15\/64624da47899b.jpeg\" src=\"https:\/\/www.europesays.com\/es\/wp-content\/uploads\/2025\/11\/64624da47899b.jpeg\" width=\"989\" height=\"556\"\/><\/p>\n<p>                        Mar\u00eda Isabel, en 2004.Otras Fuentes\n<\/p>\n<p>                        <img loading=\"lazy\" decoding=\"async\" class=\"swiper-lazy\" alt=\"Mar\u00eda Isabel, en 2019.\" data-full-src=\"https:\/\/www.mundodeportivo.com\/uploads\/2023\/05\/15\/64624dc1a7c4c.jpeg\" src=\"https:\/\/www.europesays.com\/es\/wp-content\/uploads\/2025\/11\/64624dc1a7c4c.jpeg\" width=\"446\" height=\"558\"\/><\/p>\n<p>                        Mar\u00eda Isabel, en 2019.Instagram\n<\/p>\n<p>                        <img loading=\"lazy\" decoding=\"async\" class=\"swiper-lazy\" alt=\"Mar\u00eda Isabel, en 2019.\" data-full-src=\"https:\/\/www.mundodeportivo.com\/uploads\/2023\/05\/15\/64624dbff343d.jpeg\" src=\"https:\/\/www.europesays.com\/es\/wp-content\/uploads\/2025\/11\/64624dbff343d.jpeg\" width=\"502\" height=\"558\"\/><\/p>\n<p>                        Mar\u00eda Isabel, en 2019.Instagram\n<\/p>\n<p>                        <img loading=\"lazy\" decoding=\"async\" class=\"swiper-lazy\" alt=\"Mar\u00eda Isabel, en 2021.\" data-full-src=\"https:\/\/www.mundodeportivo.com\/uploads\/2023\/05\/15\/64624dc63f74b.jpeg\" src=\"https:\/\/www.europesays.com\/es\/wp-content\/uploads\/2025\/11\/64624dc63f74b.jpeg\" width=\"446\" height=\"558\"\/><\/p>\n<p>                        Mar\u00eda Isabel, en 2021.Instagram\n<\/p>\n<p>                        <img loading=\"lazy\" decoding=\"async\" class=\"swiper-lazy\" alt=\"Mar\u00eda Isabel, en 2022.\" data-full-src=\"https:\/\/www.mundodeportivo.com\/uploads\/2023\/05\/15\/64624dca1fb0e.jpeg\" src=\"https:\/\/www.europesays.com\/es\/wp-content\/uploads\/2025\/11\/64624dca1fb0e.jpeg\" width=\"446\" height=\"558\"\/><\/p>\n<p>                        Mar\u00eda Isabel, en 2022.Instagram\n<\/p>\n<p>                        <img loading=\"lazy\" decoding=\"async\" class=\"swiper-lazy\" alt=\"Mar\u00eda Isabel, en 2023.\" data-full-src=\"https:\/\/www.mundodeportivo.com\/uploads\/2023\/05\/15\/64624dcea2dd0.jpeg\" src=\"https:\/\/www.europesays.com\/es\/wp-content\/uploads\/2025\/11\/64624dcea2dd0.jpeg\" width=\"446\" height=\"558\"\/><\/p>\n<p>                        Mar\u00eda Isabel, en 2023.Instagram\n<\/p>\n<p>                        <img loading=\"lazy\" decoding=\"async\" class=\"swiper-lazy\" alt=\"Vertical\" data-full-src=\"https:\/\/www.mundodeportivo.com\/uploads\/2023\/07\/19\/64b84bc6025a2.jpeg\" src=\"https:\/\/www.europesays.com\/es\/wp-content\/uploads\/2025\/11\/64b84bc6025a2.jpeg\" width=\"372\" height=\"558\"\/><\/p>\n<p>                        MADRID, 19\/07\/2023.- La cantante Maria Isabel posa a su llegada al pase especial de #{emoji}147;Barbie#{emoji}148;, con invitados vestidos de rosa, este mi\u00e9rcoles en Madrid. EFE\/ Kiko HuescaKiko Huesca \/ EFE\n<\/p>\n<p>                        <img loading=\"lazy\" decoding=\"async\" class=\"swiper-lazy\" alt=\"Mar\u00eda Isabel, en 2023.\" data-full-src=\"https:\/\/www.mundodeportivo.com\/uploads\/2023\/05\/15\/64624dd18903d.jpeg\" src=\"https:\/\/www.europesays.com\/es\/wp-content\/uploads\/2025\/11\/64624dd18903d.jpeg\" width=\"446\" height=\"558\"\/><\/p>\n<p>                        Mar\u00eda Isabel, en 2023.Instagram\n<\/p>\n<p>                        <img loading=\"lazy\" decoding=\"async\" class=\"swiper-lazy\" alt=\"Mar\u00eda Isabel\" data-full-src=\"https:\/\/www.mundodeportivo.com\/uploads\/2025\/11\/24\/69244f29253c9.jpeg\" src=\"https:\/\/www.europesays.com\/es\/wp-content\/uploads\/2025\/11\/69244f29253c9.jpeg\" width=\"419\" height=\"558\"\/><\/p>\n<p>                        <img loading=\"lazy\" decoding=\"async\" class=\"swiper-lazy\" alt=\"Mar\u00eda Isabel\" data-full-src=\"https:\/\/www.mundodeportivo.com\/uploads\/2025\/11\/24\/69244f29e609e.jpeg\" src=\"https:\/\/www.europesays.com\/es\/wp-content\/uploads\/2025\/11\/69244f29e609e.jpeg\" width=\"419\" height=\"558\"\/><\/p>\n<p>                        <img loading=\"lazy\" decoding=\"async\" class=\"swiper-lazy\" alt=\"Mar\u00eda Isabel\" data-full-src=\"https:\/\/www.mundodeportivo.com\/uploads\/2025\/11\/24\/69244f2ab803b.jpeg\" src=\"https:\/\/www.europesays.com\/es\/wp-content\/uploads\/2025\/11\/69244f2ab803b.jpeg\" width=\"419\" height=\"558\"\/><\/p>\n<p>                        <img loading=\"lazy\" decoding=\"async\" class=\"swiper-lazy\" alt=\"Mar\u00eda Isabel\" data-full-src=\"https:\/\/www.mundodeportivo.com\/uploads\/2025\/11\/24\/69244f2b7f4a9.jpeg\" src=\"https:\/\/www.europesays.com\/es\/wp-content\/uploads\/2025\/11\/69244f2b7f4a9.jpeg\" width=\"419\" height=\"558\"\/><\/p>\n<p>                        <img loading=\"lazy\" decoding=\"async\" class=\"swiper-lazy\" alt=\"Mar\u00eda Isabel\" data-full-src=\"https:\/\/www.mundodeportivo.com\/uploads\/2025\/11\/24\/69244f2c46257.jpeg\" src=\"https:\/\/www.europesays.com\/es\/wp-content\/uploads\/2025\/11\/69244f2c46257.jpeg\" width=\"419\" height=\"558\"\/><\/p>\n<p>                        <img loading=\"lazy\" decoding=\"async\" class=\"swiper-lazy\" alt=\"Mar\u00eda Isabel\" data-full-src=\"https:\/\/www.mundodeportivo.com\/uploads\/2025\/11\/24\/69244f2d072fb.jpeg\" src=\"https:\/\/www.europesays.com\/es\/wp-content\/uploads\/2025\/11\/69244f2d072fb.jpeg\" width=\"419\" height=\"558\"\/><\/p>\n<p>                        <img loading=\"lazy\" decoding=\"async\" class=\"swiper-lazy\" alt=\"Mar\u00eda Isabel\" data-full-src=\"https:\/\/www.mundodeportivo.com\/uploads\/2025\/11\/24\/69244f2dad3fc.jpeg\" src=\"https:\/\/www.europesays.com\/es\/wp-content\/uploads\/2025\/11\/69244f2dad3fc.jpeg\" width=\"419\" height=\"558\"\/><\/p>\n<p>                        <img loading=\"lazy\" decoding=\"async\" class=\"swiper-lazy\" alt=\"Mar\u00eda Isabel\" data-full-src=\"https:\/\/www.mundodeportivo.com\/uploads\/2025\/11\/24\/69244f2e7db5a.jpeg\" src=\"https:\/\/www.europesays.com\/es\/wp-content\/uploads\/2025\/11\/69244f2e7db5a.jpeg\" width=\"418\" height=\"558\"\/><\/p>\n<p data-gtm-element-container=\"modulo-texto-link\" class=\"paragraph\"><strong>Mar\u00eda Isabel<\/strong> se convirti\u00f3 en un referente de la m\u00fasica y la televisi\u00f3n espa\u00f1ola tras su victoria en <strong>Eurovisi\u00f3n Junior 2004 <\/strong>con <strong>&#8216;Antes muerta que sencilla&#8217;<\/strong>. Su carisma y talento hicieron que millones de personas recordaran su actuaci\u00f3n, consolid\u00e1ndola como una de las artistas infantiles m\u00e1s queridas de aquel momento.<\/p>\n<p>    Lee tambi\u00e9n<\/p>\n<p data-gtm-element-container=\"modulo-texto-link\" class=\"paragraph\">M\u00e1s de veinte a\u00f1os despu\u00e9s, la cantante onubense, ahora con 30 a\u00f1os, ha tomado un rumbo distinto. Desde 2021 <strong>se dedica principalmente a sus redes<\/strong>, alej\u00e1ndose de la m\u00fasica profesional. Su imagen y estilo han cambiado, mostrando una faceta m\u00e1s adulta y cercana a sus seguidores, muy diferente de la ni\u00f1a que conquist\u00f3 Europa con su canci\u00f3n.<\/p>\n<p>\n        Mostrar comentarios\n    <\/p>\n<p>{\u00aballowComment\u00bb:\u00bballowed\u00bb,\u00bbarticleId\u00bb:\u00bbarticle-1002575014&#8243;,\u00bburl\u00bb:\u00bbhttps:\\\/\\\/www.mundodeportivo.com\\\/elotromundo\\\/television\\\/20251124\\\/1002575014\\\/asi-maria-isabel-30-anos-nina-2004-gano-eurovision-junior.html\u00bb,\u00bblivefyre-url\u00bb:\u00bbarticle-1002575014&#8243;}<\/p>\n<p>Cargando siguiente contenido&#8230;\n                <\/p>\n","protected":false},"excerpt":{"rendered":"Pese a su gran \u00e9xito en la m\u00fasica durante la infancia, su vida dio un giro radical Maria&hellip;\n","protected":false},"author":2,"featured_media":253211,"comment_status":"","ping_status":"","sticky":false,"template":"","format":"standard","meta":{"footnotes":""},"categories":[171],"tags":[146,147,25,24,23,214],"class_list":{"0":"post-253210","1":"post","2":"type-post","3":"status-publish","4":"format-standard","5":"has-post-thumbnail","7":"category-tv","8":"tag-entertainment","9":"tag-entretenimiento","10":"tag-es","11":"tag-espana","12":"tag-spain","13":"tag-tv"},"share_on_mastodon":{"url":"https:\/\/pubeurope.com\/@es\/115604884214794731","error":""},"_links":{"self":[{"href":"https:\/\/www.europesays.com\/es\/wp-json\/wp\/v2\/posts\/253210","targetHints":{"allow":["GET"]}}],"collection":[{"href":"https:\/\/www.europesays.com\/es\/wp-json\/wp\/v2\/posts"}],"about":[{"href":"https:\/\/www.europesays.com\/es\/wp-json\/wp\/v2\/types\/post"}],"author":[{"embeddable":true,"href":"https:\/\/www.europesays.com\/es\/wp-json\/wp\/v2\/users\/2"}],"replies":[{"embeddable":true,"href":"https:\/\/www.europesays.com\/es\/wp-json\/wp\/v2\/comments?post=253210"}],"version-history":[{"count":0,"href":"https:\/\/www.europesays.com\/es\/wp-json\/wp\/v2\/posts\/253210\/revisions"}],"wp:featuredmedia":[{"embeddable":true,"href":"https:\/\/www.europesays.com\/es\/wp-json\/wp\/v2\/media\/253211"}],"wp:attachment":[{"href":"https:\/\/www.europesays.com\/es\/wp-json\/wp\/v2\/media?parent=253210"}],"wp:term":[{"taxonomy":"category","embeddable":true,"href":"https:\/\/www.europesays.com\/es\/wp-json\/wp\/v2\/categories?post=253210"},{"taxonomy":"post_tag","embeddable":true,"href":"https:\/\/www.europesays.com\/es\/wp-json\/wp\/v2\/tags?post=253210"}],"curies":[{"name":"wp","href":"https:\/\/api.w.org\/{rel}","templated":true}]}}