{"id":253212,"date":"2025-11-24T13:21:10","date_gmt":"2025-11-24T13:21:10","guid":{"rendered":"https:\/\/www.europesays.com\/es\/253212\/"},"modified":"2025-11-24T13:21:10","modified_gmt":"2025-11-24T13:21:10","slug":"fernando-costa-destroza-a-ayax-con-te-avise-y-destapa-su-oscura-carrera","status":"publish","type":"post","link":"https:\/\/www.europesays.com\/es\/253212\/","title":{"rendered":"Fernando Costa &#8216;destroza&#8217; a Ayax con &#8216;Te Avis\u00e9&#8217; y destapa su oscura carrera"},"content":{"rendered":"<p>El beef en el mundo del rap es de lo m\u00e1s normal, pero esta vez la cosa ha estallado por los aires. Lo que empez\u00f3 como un cruce de pullas termin\u00f3 convertido en uno de los episodios m\u00e1s tensos, personales y crudos que se recuerdan en la escena espa\u00f1ola. <a data-external=\"0\" data-intl-links-es=\"https:\/\/www.elplural.com\/playtime\/fernando-costa-responde-insultos-ayax-deja-haber-paz-momento-mencionas-hijo_355247102\" href=\"https:\/\/www.elplural.com\/playtime\/fernando-costa-responde-insultos-ayax-deja-haber-paz-momento-mencionas-hijo_355247102\" rel=\"follow nofollow noopener\" target=\"_self\" title=\"Fernando Costa responde a los insultos de Ayax: \" deja=\"\" de=\"\" haber=\"\" paz=\"\" en=\"\" el=\"\" momento=\"\" que=\"\" mencionas=\"\" a=\"\" mi=\"\" hijo=\"\">Fernando Costa<\/a> ha publicado <strong>TE AVIS\u00c9<\/strong>, una respuesta directa a<a data-external=\"0\" data-intl-links-es=\"https:\/\/www.elplural.com\/playtime\/ayax-prok-regresan-escenarios-indestructibles-pese-mas-80-denuncias-abuso_364291102\" href=\"https:\/\/www.elplural.com\/playtime\/ayax-prok-regresan-escenarios-indestructibles-pese-mas-80-denuncias-abuso_364291102\" rel=\"follow nofollow noopener\" target=\"_self\" title=\"Ayax y Prok regresan a los escenarios \" indestructibles=\"\" pese=\"\" a=\"\" m=\"\" de=\"\" denuncias=\"\" por=\"\" abuso=\"\"> Ayax<\/a> cargada de acusaciones, vivencias \u00edntimas y episodios que, seg\u00fan \u00e9l, llevaba a\u00f1os callando. El resultado no es solo una tiradera: es la disecci\u00f3n p\u00fablica de una amistad rota.<\/p>\n<p>El contexto no es menor. Ayax lleva una d\u00e9cada siendo una de las voces m\u00e1s influyentes del rap social, con un imaginario ligado a la calle y la crudeza po\u00e9tica. Fernando Costa, por su parte, se convirti\u00f3 en una de las figuras emergentes m\u00e1s potentes del rap urbano, con un estilo propio que lo posicion\u00f3 r\u00e1pidamente en festivales, listas de reproducci\u00f3n y colaboraciones importantes. Durante a\u00f1os formaron parte del mismo circuito humano y art\u00edstico, compartieron camerinos, vivencias, escenarios y complicidades.\u00a0<\/p>\n<p>El desencadenante se sit\u00faa en la promoci\u00f3n del \u00e1lbum Amor de barrio de Fernando Costa. En una entrevista, algunas declaraciones fueron interpretadas por Ayax como un ataque directo. La respuesta del granadino no tard\u00f3 en llegar: mensajes en redes insinuando superioridad, jerarqu\u00eda art\u00edstica y paternidad simb\u00f3lica.<strong> \u201cRecuerda hermanito que sin m\u00ed no ser\u00edas nadie. Tu hijo es mi nieto porque yo soy tu padre\u201d<\/strong>, lleg\u00f3 a escribir. El comentario encendi\u00f3 a Costa, que lo entendi\u00f3 como una humillaci\u00f3n p\u00fablica.<\/p>\n<p>A esto le sigui\u00f3 un movimiento inesperado: Ayax lanz\u00f3 <strong>Justicia Po\u00e9tica<\/strong>, una tiradera dirigida a Fernando Costa. Y entonces Costa decidi\u00f3 que hab\u00eda llegado el momento de hablar. Pero no con met\u00e1foras, ni con juegos de palabras: con lo que \u00e9l considera \u201cverdades inc\u00f3modas\u201d.<\/p>\n<p>As\u00ed nace <strong>TE AVIS\u00c9<\/strong>, una canci\u00f3n que rompe la l\u00f3gica habitual del beef\u00a0-centrada casi siempre en egos, flows o fanfarroneos-\u00a0para entrar en terrenos \u00edntimos, familiares e incluso judiciales. Desde el primer verso, el tono es claro: <strong>\u201cTe avis\u00e9 cuando peleaste con tu exnovia y la hiciste llorar delante del camerino\u201d<\/strong>. A partir de ah\u00ed el tema se convierte en un relato profundamente personal, donde Costa repasa episodios en los que, asegura, intent\u00f3 advertir a Ayax de comportamientos que consideraba destructivos.<\/p>\n<p>El verso m\u00e1s pol\u00e9mico,, es uno que ya forma parte de la historia del rap espa\u00f1ol: <strong>\u201cPagaste para que esa chica retirara su denuncia del juzgado\u201d<\/strong>. Con esta frase, el beef deja de ser m\u00fasica y se convierte en un terremoto. La acusaci\u00f3n, abre un mel\u00f3n que hasta ahora nunca se hab\u00eda tratado de manera tan expl\u00edcita en una tiradera nacional.<\/p>\n<p>Pero no es lo \u00fanico. La canci\u00f3n est\u00e1 plagada de acusaciones igual de demoledoras: <strong>manipulaci\u00f3n, abuso de drogas, conductas posesivas, control sobre parejas<\/strong>, tensiones vecinales, aislamiento emocional, p\u00e9rdida econ\u00f3mica y un deterioro personal que, en palabras de Costa, todos alrededor hab\u00edan visto menos el propio Ayax. \u201cTus novias te avisaron (\u2026) no son de tu propiedad\u201d. \u201cNo se imaginabas que el maltrato ven\u00eda disfrazado de feminista\u201d.\u00a0\u201cObligaste a todas tus exnovias para que abortaran\u201d.\u00a0\u201cTe odian desde el Zaid\u00edn a la Chana\u201d<\/p>\n<p>Lo que m\u00e1s sorprende no es la crudeza, sino la dimensi\u00f3n emocional del relato. Costa habla desde la herida, desde una confianza traicionada, desde la sensaci\u00f3n -expresada repetidamente-\u00a0de haber estado intentando ayudar sin \u00e9xito. El tono no busca \u00fanicamente <strong>destruir la imagen p\u00fablica de Ayax<\/strong>; tambi\u00e9n parece intentar justificar por qu\u00e9 ha llegado a un punto de no retorno.<\/p>\n<p>Ayax, por su parte, no ha ofrecido una respuesta p\u00fablica detallada a todas estas acusaciones. Su \u00fanica reacci\u00f3n directa conocida sigue siendo Justicia Po\u00e9tica, previa a la publicaci\u00f3n de TE AVIS\u00c9. Desde entonces, silencio.\u00a0<\/p>\n<p>La pregunta ya no es qui\u00e9n ha \u201cganado\u201d la tiradera. Es qu\u00e9 consecuencias puede tener. Hasta d\u00f3nde puede escalar. Si habr\u00e1 respuesta. Si habr\u00e1 abogados. Si habr\u00e1 reconciliaci\u00f3n\u00a0o si, simplemente, cada uno seguir\u00e1 su vida con una cicatriz que ya es p\u00fablica.<\/p>\n<p>La historia est\u00e1 lejos de cerrarse. Y la escena entera est\u00e1 mirando. \u00bfResponder\u00e1 Ayax? \u00bfCallar\u00e1? \u00bfHabr\u00e1 un tercer tema? \u00bfUn comunicado? Sea como sea, este beef ya no es m\u00fasica: es un drama\u00a0que ha salido a la superficie con la fuerza de un torpedo. Y esto apenas acaba de comenzar.<\/p>\n","protected":false},"excerpt":{"rendered":"El beef en el mundo del rap es de lo m\u00e1s normal, pero esta vez la cosa ha&hellip;\n","protected":false},"author":2,"featured_media":253213,"comment_status":"","ping_status":"","sticky":false,"template":"","format":"standard","meta":{"footnotes":""},"categories":[170],"tags":[146,147,25,24,184,185,23],"class_list":{"0":"post-253212","1":"post","2":"type-post","3":"status-publish","4":"format-standard","5":"has-post-thumbnail","7":"category-musica","8":"tag-entertainment","9":"tag-entretenimiento","10":"tag-es","11":"tag-espana","12":"tag-music","13":"tag-musica","14":"tag-spain"},"share_on_mastodon":{"url":"https:\/\/pubeurope.com\/@es\/115604887155393817","error":""},"_links":{"self":[{"href":"https:\/\/www.europesays.com\/es\/wp-json\/wp\/v2\/posts\/253212","targetHints":{"allow":["GET"]}}],"collection":[{"href":"https:\/\/www.europesays.com\/es\/wp-json\/wp\/v2\/posts"}],"about":[{"href":"https:\/\/www.europesays.com\/es\/wp-json\/wp\/v2\/types\/post"}],"author":[{"embeddable":true,"href":"https:\/\/www.europesays.com\/es\/wp-json\/wp\/v2\/users\/2"}],"replies":[{"embeddable":true,"href":"https:\/\/www.europesays.com\/es\/wp-json\/wp\/v2\/comments?post=253212"}],"version-history":[{"count":0,"href":"https:\/\/www.europesays.com\/es\/wp-json\/wp\/v2\/posts\/253212\/revisions"}],"wp:featuredmedia":[{"embeddable":true,"href":"https:\/\/www.europesays.com\/es\/wp-json\/wp\/v2\/media\/253213"}],"wp:attachment":[{"href":"https:\/\/www.europesays.com\/es\/wp-json\/wp\/v2\/media?parent=253212"}],"wp:term":[{"taxonomy":"category","embeddable":true,"href":"https:\/\/www.europesays.com\/es\/wp-json\/wp\/v2\/categories?post=253212"},{"taxonomy":"post_tag","embeddable":true,"href":"https:\/\/www.europesays.com\/es\/wp-json\/wp\/v2\/tags?post=253212"}],"curies":[{"name":"wp","href":"https:\/\/api.w.org\/{rel}","templated":true}]}}