{"id":253216,"date":"2025-11-24T13:23:13","date_gmt":"2025-11-24T13:23:13","guid":{"rendered":"https:\/\/www.europesays.com\/es\/253216\/"},"modified":"2025-11-24T13:23:13","modified_gmt":"2025-11-24T13:23:13","slug":"funes-vivir-este-tipo-de-situaciones-dan-mucha-fuerza-futbol","status":"publish","type":"post","link":"https:\/\/www.europesays.com\/es\/253216\/","title":{"rendered":"Funes: \u00abVivir este tipo de situaciones dan mucha fuerza\u00bb | F\u00fatbol"},"content":{"rendered":"<p class=\"loc\">M\u00e1laga<\/p>\n<p>El nuevo entrenador del M\u00e1laga CF, <b>Juan Francisco Funes<\/b>, ofreci\u00f3 este domingo su primera rueda de prensa tras debutar en el banquillo blanquiazul, en una noche vibrante en La Rosaleda marcada por un <b>triunfo ag\u00f3nico por 3-2 frente al Mirand\u00e9s<\/b>. El conjunto malaguista se llev\u00f3 el partido con un <b>gol en el \u00faltimo minuto<\/b>, apenas unos instantes despu\u00e9s de que el equipo burgal\u00e9s lograra igualar el marcador a 2. \u201cVivir este tipo de situaciones dan mucha fuerza.<\/p>\n<p>\u201c<b>El equipo demostr\u00f3 coraz\u00f3n y personalidad. Cuando te empatan en el 89, lo normal es venirse abajo; pero estos jugadores hicieron justo lo contrario<\/b>\u201d, destac\u00f3 Funes, visiblemente emocionado por un estreno que mezcl\u00f3 sufrimiento y euforia. \u201c<b>He visto a un M\u00e1laga valiente, con ganas de crecer y de competir cada bal\u00f3n<\/b>\u201d.<\/p>\n<p>El Mirand\u00e9s hab\u00eda puesto contra las cuerdas a los locales al aprovechar un despiste defensivo que dej\u00f3 el choque empatado, pero el M\u00e1laga reaccion\u00f3 con una arremetida final impulsada por la grada. En una jugada r\u00e1pida por banda derecha, lleg\u00f3 el tanto decisivo que desat\u00f3 la locura en el estadio. \u201c<b>Ese gol es la mejor prueba de que este equipo tiene alma<\/b>\u201d, subray\u00f3 el t\u00e9cnico.<\/p>\n<p>Funes reconoci\u00f3 que a\u00fan queda trabajo por delante, pero valor\u00f3 la respuesta del grupo a sus primeras ideas t\u00e1cticas: \u201c<b>Queremos recuperar una identidad agresiva y ambiciosa. Hoy dimos un paso importante, aunque hay automatismos que requieren tiempo<\/b>\u201d.<\/p>\n<p>Tambi\u00e9n dedic\u00f3 un mensaje a la <\/p>\n<p>afici\u00f3n, protagonista en el tramo final: \u201c<b>La Rosaleda nos llev\u00f3 en volandas. Esa conexi\u00f3n es clave para lo que viene<\/b>\u201d.<\/p>\n<p>Con un debut que pasar\u00e1 a la hemeroteca por su desenlace, Funes ya piensa en el pr\u00f3ximo compromiso, convencido de que la victoria puede ser un punto de inflexi\u00f3n: \u201c<b>Este es solo el primer cap\u00edtulo<\/b>\u201d, concluy\u00f3.<\/p>\n","protected":false},"excerpt":{"rendered":"M\u00e1laga El nuevo entrenador del M\u00e1laga CF, Juan Francisco Funes, ofreci\u00f3 este domingo su primera rueda de prensa&hellip;\n","protected":false},"author":2,"featured_media":253217,"comment_status":"","ping_status":"","sticky":false,"template":"","format":"standard","meta":{"footnotes":""},"categories":[93],"tags":[168,25,24,23,167],"class_list":{"0":"post-253216","1":"post","2":"type-post","3":"status-publish","4":"format-standard","5":"has-post-thumbnail","7":"category-deportes","8":"tag-deportes","9":"tag-es","10":"tag-espana","11":"tag-spain","12":"tag-sports"},"share_on_mastodon":{"url":"https:\/\/pubeurope.com\/@es\/115604894775006844","error":""},"_links":{"self":[{"href":"https:\/\/www.europesays.com\/es\/wp-json\/wp\/v2\/posts\/253216","targetHints":{"allow":["GET"]}}],"collection":[{"href":"https:\/\/www.europesays.com\/es\/wp-json\/wp\/v2\/posts"}],"about":[{"href":"https:\/\/www.europesays.com\/es\/wp-json\/wp\/v2\/types\/post"}],"author":[{"embeddable":true,"href":"https:\/\/www.europesays.com\/es\/wp-json\/wp\/v2\/users\/2"}],"replies":[{"embeddable":true,"href":"https:\/\/www.europesays.com\/es\/wp-json\/wp\/v2\/comments?post=253216"}],"version-history":[{"count":0,"href":"https:\/\/www.europesays.com\/es\/wp-json\/wp\/v2\/posts\/253216\/revisions"}],"wp:featuredmedia":[{"embeddable":true,"href":"https:\/\/www.europesays.com\/es\/wp-json\/wp\/v2\/media\/253217"}],"wp:attachment":[{"href":"https:\/\/www.europesays.com\/es\/wp-json\/wp\/v2\/media?parent=253216"}],"wp:term":[{"taxonomy":"category","embeddable":true,"href":"https:\/\/www.europesays.com\/es\/wp-json\/wp\/v2\/categories?post=253216"},{"taxonomy":"post_tag","embeddable":true,"href":"https:\/\/www.europesays.com\/es\/wp-json\/wp\/v2\/tags?post=253216"}],"curies":[{"name":"wp","href":"https:\/\/api.w.org\/{rel}","templated":true}]}}