{"id":253220,"date":"2025-11-24T13:25:13","date_gmt":"2025-11-24T13:25:13","guid":{"rendered":"https:\/\/www.europesays.com\/es\/253220\/"},"modified":"2025-11-24T13:25:13","modified_gmt":"2025-11-24T13:25:13","slug":"el-arquitecto-joaquin-torres-roto-por-la-muerte-de-su-padre-el-ferrolano-juan-torres-pinon","status":"publish","type":"post","link":"https:\/\/www.europesays.com\/es\/253220\/","title":{"rendered":"El arquitecto Joaqu\u00edn Torres, roto por la muerte de su padre, el ferrolano Juan Torres Pi\u00f1\u00f3n"},"content":{"rendered":"<p style=\"\">El final de a\u00f1o est\u00e1 siendo un aut\u00e9ntico golpe emocional para <a href=\"https:\/\/www.abc.es\/gente\/joaquin-torres-operado-sexta-vez-tragico-accidente-20241003133611-nt.html\" target=\"_self\" data-voc-vtm-id=\"in-text-traffic\" title=\"Joaqu\u00edn Torres\" data-mrf-link=\"www.abc.es\" rel=\"nofollow noopener\">Joaqu\u00edn Torres<\/a> (55 a\u00f1os), que vuelve a enfrentarse a una p\u00e9rdida devastadora. El reconocido arquitecto, que arrastra meses de turbulencias personales, anunciaba este domingo la muerte de su padre, el empresario ferrolano <a href=\"https:\/\/www.abc.es\/gente\/juan-torres-quiero-ver-hijo-julio-fraude-20240511170322-nt.html\" target=\"_self\" data-voc-vtm-id=\"in-text-traffic\" title=\"Juan Torres Pi\u00f1\u00f3n\" data-mrf-link=\"www.abc.es\" rel=\"nofollow noopener\">Juan Torres Pi\u00f1\u00f3n<\/a> &#8230; , a los 89 a\u00f1os.<\/p>\n<p class=\"voc-p\" style=\"\">La noticia la comunic\u00f3 \u00e9l mismo a trav\u00e9s de sus historias de Instagram, donde escribi\u00f3 un breve pero contundente mensaje: \u00abAcaba de fallecer mi padre, Juan Torres Pi\u00f1\u00f3n. Descansa en paz, pap\u00e1\u00bb, acompa\u00f1ado de una ilustraci\u00f3n en blanco y negro de dos manos entrelazadas. Un gesto sencillo que evidencia el enorme v\u00ednculo afectivo que siempre mantuvo con su progenitor y que ahora deja un vac\u00edo imposible de llenar.<\/p>\n<p class=\"voc-p\" style=\"\">De momento, la familia no ha revelado las causas del fallecimiento, pero s\u00ed se sabe que sus restos mortales est\u00e1n siendo velados en el Tanatorio Municipal de Pozuelo de Alarc\u00f3n. Hasta all\u00ed llegaba este lunes un Joaqu\u00edn <strong>completamente abatido. <\/strong>Incapaz de pronunciar palabra ante los medios, apenas consegu\u00eda avanzar entre abrazos y muestras de cari\u00f1o.<\/p>\n<p class=\"voc-p\" style=\"\">Entre las personas que lo acompa\u00f1aron en este duro momento destac\u00f3 la presencia de su exmarido, Ra\u00fal Prieto. A pesar de su reciente ruptura, el director de televisi\u00f3n no dud\u00f3 en estar a su lado. Las c\u00e1maras captaron incluso un cari\u00f1oso beso en la mejilla al t\u00e9rmino de la misa funeral, un gesto que confirma <strong>la cordialidad y el apoyo<\/strong> que ambos mantienen pese al fin de su relaci\u00f3n.<\/p>\n<p><img decoding=\"async\" loading=\"lazy\" src=\"https:\/\/www.europesays.com\/es\/wp-content\/uploads\/2025\/11\/raul-prieto-joaquin-U62771220545Rrz-760x427@diario_abc.jpg\" class=\"voc-img\" width=\"760\" height=\"427\" alt=\"El arquitecto Joaqu\u00edn Torres, roto por la muerte de su padre, el ferrolano Juan Torres Pi\u00f1\u00f3n\" data-voc-vtm-id=\"in-text-traffic\"\/><\/p>\n<p>GTRES<\/p>\n<p>\nSobre su padre, Juan Torres Pi\u00f1\u00f3n\n<\/p>\n<p class=\"voc-p\" style=\"\">Juan Torres Pi\u00f1\u00f3n naci\u00f3 en Ferrol en 1936 y fue una figura determinante en el \u00e1mbito empresarial espa\u00f1ol. Ingeniero de Caminos de profesi\u00f3n, cre\u00f3 junto a Florentino P\u00e9rez el grupo constructor ACS, una de las compa\u00f1\u00edas m\u00e1s relevantes del pa\u00eds.<\/p>\n<p class=\"voc-p\" style=\"\">Adem\u00e1s, fue presidente del Metro de Madrid y propietario de una de las colecciones de arte m\u00e1s importantes de Espa\u00f1a. Su pasi\u00f3n por el mundo cultural lo llev\u00f3 a ser patrono del Museo Reina Sof\u00eda y Miembro de Honor del Guggenheim de Bilbao, consolidando su papel como mecenas y referente dentro del sector art\u00edstico.<\/p>\n<p><img decoding=\"async\" loading=\"lazy\" src=\"https:\/\/www.europesays.com\/es\/wp-content\/uploads\/2025\/11\/joaquin-funeral-padre-U86011445556HOS-760x427@diario_abc.jpg\" class=\"voc-img\" width=\"760\" height=\"427\" alt=\"El arquitecto Joaqu\u00edn Torres, roto por la muerte de su padre, el ferrolano Juan Torres Pi\u00f1\u00f3n\" data-voc-vtm-id=\"in-text-traffic\"\/><\/p>\n<p>GTRES<\/p>\n<p>\nMarcado por la tragedia\n<\/p>\n<p class=\"voc-p\" style=\"\">La muerte de su padre llega en un momento especialmente delicado para Joaqu\u00edn, que ha atravesado uno de los periodos m\u00e1s duros de su vida. A finales de 2023, un <strong>grave accidente de moto<\/strong> casi le cuesta la vida y deriv\u00f3 en sucesivas operaciones, secuelas f\u00edsicas y un profundo deterioro emocional.<\/p>\n<p class=\"voc-p\" style=\"\">A esta situaci\u00f3n se sum\u00f3 <strong>la muerte de su madre<\/strong>, Joaquina Verez Vivanco, en marzo de 2024. Entonces escrib\u00eda: \u00abMi madre se ha ido esta ma\u00f1ana rodeada de amor y una parte de m\u00ed se ha ido junto a ella. Mam\u00e1 se fue como ha vivido, discretamente, sin lamentos y dando amor\u00bb, una frase que dejaba claro el dolor inmenso que atravesaba.<\/p>\n<p class=\"voc-p\" style=\"\">El fallecimiento de su madre desencaden\u00f3 adem\u00e1s una medi\u00e1tica guerra familiar por la herencia y la gesti\u00f3n del patrimonio, enfrent\u00e1ndolo con su hermano Julio. Lleg\u00f3 a declarar p\u00fablicamente que <strong>\u00abmi hermano Julio para m\u00ed est\u00e1 muerto\u00bb<\/strong>, dejando al descubierto la gravedad del conflicto interno.<\/p>\n<p><img decoding=\"async\" loading=\"lazy\" src=\"https:\/\/www.europesays.com\/es\/wp-content\/uploads\/2025\/11\/joaquin-raul-U27871053317cgo-760x427@diario_abc.jpg\" class=\"voc-img\" width=\"760\" height=\"427\" alt=\"El arquitecto Joaqu\u00edn Torres, roto por la muerte de su padre, el ferrolano Juan Torres Pi\u00f1\u00f3n\" data-voc-vtm-id=\"in-text-traffic\"\/><\/p>\n<p>GTRES<\/p>\n<p class=\"voc-p\" style=\"\">Como si todo esto no fuera suficiente, su matrimonio con Ra\u00fal Prieto tambi\u00e9n termin\u00f3 rompi\u00e9ndose. En agosto confesaba a &#8216;El Espa\u00f1ol&#8217;: \u00abMe ha dejado. (&#8230;) \u00c9l dej\u00f3 la relaci\u00f3n hace poco m\u00e1s de tres meses\u00bb, confirmando el final de una historia que siempre hab\u00eda definido como el gran amor de su vida.<\/p>\n<p class=\"voc-p\" style=\"\">Ahora, con la muerte de su padre, Joaqu\u00edn cierra un ciclo marcado por la p\u00e9rdida, la enfermedad, el conflicto familiar y el desamor. El arquitecto, que asegura estar aprendiendo a vivir solo, afronta ahora el reto de reconstruirse emocionalmente mientras despide a una de las figuras m\u00e1s importantes de su vida.<\/p>\n","protected":false},"excerpt":{"rendered":"El final de a\u00f1o est\u00e1 siendo un aut\u00e9ntico golpe emocional para Joaqu\u00edn Torres (55 a\u00f1os), que vuelve a&hellip;\n","protected":false},"author":2,"featured_media":253221,"comment_status":"","ping_status":"","sticky":false,"template":"","format":"standard","meta":{"footnotes":""},"categories":[91],"tags":[839,146,147,25,24,63948,8488,409,4920,39,63949,20469,23,4655],"class_list":{"0":"post-253220","1":"post","2":"type-post","3":"status-publish","4":"format-standard","5":"has-post-thumbnail","7":"category-entretenimiento","8":"tag-arquitecto","9":"tag-entertainment","10":"tag-entretenimiento","11":"tag-es","12":"tag-espana","13":"tag-ferrolano","14":"tag-joaquin","15":"tag-juan","16":"tag-muerte","17":"tag-padre","18":"tag-pinon","19":"tag-roto","20":"tag-spain","21":"tag-torres"},"share_on_mastodon":{"url":"https:\/\/pubeurope.com\/@es\/115604903512729692","error":""},"_links":{"self":[{"href":"https:\/\/www.europesays.com\/es\/wp-json\/wp\/v2\/posts\/253220","targetHints":{"allow":["GET"]}}],"collection":[{"href":"https:\/\/www.europesays.com\/es\/wp-json\/wp\/v2\/posts"}],"about":[{"href":"https:\/\/www.europesays.com\/es\/wp-json\/wp\/v2\/types\/post"}],"author":[{"embeddable":true,"href":"https:\/\/www.europesays.com\/es\/wp-json\/wp\/v2\/users\/2"}],"replies":[{"embeddable":true,"href":"https:\/\/www.europesays.com\/es\/wp-json\/wp\/v2\/comments?post=253220"}],"version-history":[{"count":0,"href":"https:\/\/www.europesays.com\/es\/wp-json\/wp\/v2\/posts\/253220\/revisions"}],"wp:featuredmedia":[{"embeddable":true,"href":"https:\/\/www.europesays.com\/es\/wp-json\/wp\/v2\/media\/253221"}],"wp:attachment":[{"href":"https:\/\/www.europesays.com\/es\/wp-json\/wp\/v2\/media?parent=253220"}],"wp:term":[{"taxonomy":"category","embeddable":true,"href":"https:\/\/www.europesays.com\/es\/wp-json\/wp\/v2\/categories?post=253220"},{"taxonomy":"post_tag","embeddable":true,"href":"https:\/\/www.europesays.com\/es\/wp-json\/wp\/v2\/tags?post=253220"}],"curies":[{"name":"wp","href":"https:\/\/api.w.org\/{rel}","templated":true}]}}