{"id":253224,"date":"2025-11-24T13:27:14","date_gmt":"2025-11-24T13:27:14","guid":{"rendered":"https:\/\/www.europesays.com\/es\/253224\/"},"modified":"2025-11-24T13:27:14","modified_gmt":"2025-11-24T13:27:14","slug":"el-nuevo-seat-ibiza-revoluciona-los-trayectos-con-mas-estilo-innovacion-y-un-precio-imbatible","status":"publish","type":"post","link":"https:\/\/www.europesays.com\/es\/253224\/","title":{"rendered":"El nuevo Seat Ibiza revoluciona los trayectos con m\u00e1s estilo, innovaci\u00f3n y un precio imbatible"},"content":{"rendered":"<p class=\"paragraph\" id=\"paragraph_1\"><strong>Seat<\/strong>, la automovil\u00edstica con sede en Martorell propiedad del Grupo Volkswagen, acaba de renovar el que hasta la fecha ha sido el modelo con mayor demanda de su historia: el <strong>Ibiza<\/strong>. Lanzado al mercado en 1984, del Seat Ibiza se han comercializado m\u00e1s de seis millones de unidades a lo largo de sus cinco generaciones.<\/p>\n<p class=\"paragraph\" id=\"paragraph_2\">Ahora, <strong>Seat acaba de lanzar una renovaci\u00f3n m\u00e1s profunda de la quinta generaci\u00f3n<\/strong>, dot\u00e1ndola de una mayor tecnolog\u00eda, en cuanto a tecnolog\u00eda y sistemas avanzados de ayuda a la conducci\u00f3n, un exterior renovado y una mayor propuesta de valor para el cliente.<\/p>\n<p class=\"paragraph\" id=\"paragraph_3\">No hay que olvidar que Seat es la marca de acceso al Grupo Volkswagen, por lo que se trata de un modelo fundamental para la compa\u00f1\u00eda. De hecho, el Seat Ibiza se ha <strong>dise\u00f1ado, desarrollado y fabricado en Barcelona<\/strong> y las primeras unidades llegar\u00e1n al mercado en enero de 2026.<\/p>\n<p><img decoding=\"async\" alt=\"Nuevo Seat Ibiza\" data-imgm=\"true\" height=\"180\" loading=\"lazy\"  src=\"https:\/\/www.europesays.com\/es\/wp-content\/uploads\/2025\/11\/1003744016753_259976637_1024x576.jpg\"  width=\"320\"\/><\/p>\n<p class=\"paragraph\" id=\"paragraph_4\">La renovaci\u00f3n del Seat Ibiza se percibe desde el exterior, con una <strong>nueva parrilla hexagonal<\/strong>, un nuevo paragolpes y unos nuevos faros Full LED de serie en toda la gama de acabados. Esta nueva firma lum\u00ednica destaca por ser m\u00e1s refinada.<\/p>\n<p class=\"paragraph\" id=\"paragraph_5\">El perfil lateral se caracteriza por fluir hacia la parte trasera, donde se integran un difusor con detalles en color y un paragolpes redise\u00f1ado que aportan deportividad. Adem\u00e1s, la denominaci\u00f3n del modelo con letras en aluminio oscuro realza su est\u00e9tica moderna.<\/p>\n<p><img decoding=\"async\" alt=\"Vista tres cuartos trasera del nuevo Seat Ibiza\" data-imgm=\"true\" height=\"180\" loading=\"lazy\"  src=\"https:\/\/www.europesays.com\/es\/wp-content\/uploads\/2025\/11\/1003744016763_259976726_1024x576.jpg\"  width=\"320\"\/><\/p>\n<p>                                                            Vista tres cuartos trasera del nuevo Seat Ibiza<\/p>\n<p>                    Seat<\/p>\n<p class=\"paragraph\" id=\"paragraph_6\">En el caso de las versiones FR, estas tambi\u00e9n incorporan un anagrama grabado con l\u00e1ser en el pilar B y unas llantas de aleaci\u00f3n sobre las que se montan neum\u00e1ticos m\u00e1s eficientes. Unas llantas que cuentan con <strong>cuatro nuevos dise\u00f1os<\/strong>, dos de 17 pulgadas y dos de 18 pulgadas, que se suman a la gama existente para aumentar el impacto visual.<\/p>\n<p class=\"paragraph\" id=\"paragraph_7\">En cuanto a la gama crom\u00e1tica, el nuevo Seat Ibiza incluye los tonos Liminal, Oniric e Hypnotic, que inyectan energ\u00eda juvenil.<\/p>\n<p>Interior mejorado<\/p>\n<p class=\"paragraph\" id=\"paragraph_8\">Pero la mejora en el exterior tambi\u00e9n se percibe en el interior. En el habit\u00e1culo, <strong>el nuevo Seat Ibiza eleva la calidad y el dise\u00f1o<\/strong>, al tiempo que conserva su amplitud.<\/p>\n<p class=\"paragraph\" id=\"paragraph_9\">Tambi\u00e9n presenta <strong>asientos tapizados con tejidos estampados en relieve<\/strong> y superficies refinadas y suaves al tacto, as\u00ed como un techo interior m\u00e1s oscuro que contribuye a crear una atm\u00f3sfera inmersiva.<\/p>\n<p><img decoding=\"async\" alt=\"Puesto de conducci\u00f3n del nuevo Seat Ibiza\" data-imgm=\"true\" height=\"180\" loading=\"lazy\"  src=\"https:\/\/www.europesays.com\/es\/wp-content\/uploads\/2025\/11\/1003744016799_259977160_1024x576.jpg\"  width=\"320\"\/><\/p>\n<p>                                                            Puesto de conducci\u00f3n del nuevo Seat Ibiza<\/p>\n<p>                    Seat<\/p>\n<p class=\"paragraph\" id=\"paragraph_10\">El volante est\u00e1 revestido de cuero perforado de alta calidad, lo que le permite ofrecer precisi\u00f3n y control total desde el primer contacto.<\/p>\n<p class=\"paragraph\" id=\"paragraph_11\">El acabado FR a\u00f1ade asientos deportivos de tipo bucket, que mejoran el confort y el apoyo din\u00e1mico, y muestran un gran equilibrio tanto en conducci\u00f3n deportiva como en el uso diario.<\/p>\n<p class=\"paragraph\" id=\"paragraph_12\">En lo que a capacidad de carga se refiere, <strong>el nuevo Seat Ibiza ofrece 355 litros de capacidad<\/strong> y una gran versatilidad gracias al doble fondo y a los cuatro ganchos met\u00e1licos que proporcionan puntos de amarre, para el empleo de una red que mantiene la carga fija durante los desplazamientos.<\/p>\n<p class=\"paragraph\" id=\"paragraph_13\">El sistema de infoentretenimiento est\u00e1 formado por pantalla de 8 pulgadas y ofrece una gran visualizaci\u00f3n, mientras que el Digital Cockpit opcional de 10,25 pulgadas aumenta la operatividad y la definici\u00f3n.<\/p>\n<p>Cuatro motores<\/p>\n<p class=\"paragraph\" id=\"paragraph_14\">La gama de motores del nuevo Seat Ibiza est\u00e1 formada por <strong>cuatro propulsores<\/strong>. Sus potencias van desde los 80 CV hasta los 150 CV.<\/p>\n<p class=\"paragraph\" id=\"paragraph_15\">Los motores 1.0 MPI 80 CV, 1.0 TSI 95 CV y 1.0 TSI 115 CV son tricil\u00edndricos. Los dos primeros cuentan con una caja de cambios manual de cinco velocidades, mientras que el tercero est\u00e1 equipado con una caja de cambios manual de seis relaciones. El propulsor de 115 CV tambi\u00e9n tendr\u00e1 disponible la opci\u00f3n de un cambio autom\u00e1tico DSG de siete velocidades.<\/p>\n<p><img decoding=\"async\" alt=\"Nuevo Seat Ibiza\" data-imgm=\"true\" height=\"180\" loading=\"lazy\"  src=\"https:\/\/www.europesays.com\/es\/wp-content\/uploads\/2025\/11\/1003744017127_259981657_1024x576.jpg\"  width=\"320\"\/><\/p>\n<p class=\"paragraph\" id=\"paragraph_16\">Por su parte, el motor 1.5 TSI 150 CV tiene cuatro cilindros y est\u00e1 asociado a una caja de cambios autom\u00e1tica DSG de siete velocidades. Este propulsor incluye el sistema de desconexi\u00f3n de cilindros (ACT), que permite reducir considerablemente el consumo y las emisiones.<\/p>\n<p class=\"paragraph\" id=\"paragraph_17\">El Seat Ibiza tiene <strong>cuatro modos de conducci\u00f3n <\/strong>(Eco, Normal, Sport e Individual), los cuales permiten adecuar la respuesta del motor, la direcci\u00f3n y la caja de cambios para adecuarse a las necesidades de cada usuario.<\/p>\n<p>M\u00e1xima seguridad<\/p>\n<p class=\"paragraph\" id=\"paragraph_18\">Entre los sistemas de ayuda de asistencia a la conducci\u00f3n que monta el nuevo Ibiza destaca el <strong>control de crucero adaptativo<\/strong> (ACC), el asistente de frenada de emergencia (Front Assist) y el detector de fatiga, los cuales se combinan con otros sistemas avanzados de asistencia al conductor para ofrecer un apoyo inteligente cuando se necesita, sin interferir ni tomar el control de la conducci\u00f3n.<\/p>\n<p class=\"paragraph\" id=\"paragraph_19\">El renovado Seat Ibiza tambi\u00e9n cuenta con <strong>asistente lateral o de \u00e1ngulo muerto<\/strong>, mediante el cual los radares delanteros y traseros vigilan los puntos ciegos del coche y avisan si hay otro veh\u00edculo cerca cuando se quiere cambiar de carril.<\/p>\n<p class=\"paragraph\" id=\"paragraph_20\">El asistente de viaje, que combina el ACC con el asistente de salida involuntaria de carril, entre otros elementos, ofrece una <strong>conducci\u00f3n semiaut\u00f3noma de Nivel 2<\/strong>.<\/p>\n<p class=\"paragraph\" id=\"paragraph_21\">Este sistema mantiene al Ibiza centrado en su carril y adapta la velocidad al flujo del tr\u00e1fico, lo que reduce el cansancio y hace que los viajes largos resulten m\u00e1s f\u00e1ciles. Si a esto se le a\u00f1ade el reconocimiento de se\u00f1ales de tr\u00e1fico, que permite al veh\u00edculo conocer los l\u00edmites de velocidad en cualquier v\u00eda, el resultado es un Ibiza a\u00fan m\u00e1s seguro en la carretera.<\/p>\n<p>Precio de derribo<\/p>\n<p class=\"paragraph\" id=\"paragraph_22\">La renovaci\u00f3n del Seat Ibiza tambi\u00e9n deja notar en su tarifa. La compa\u00f1\u00eda ofrece el modelo por 110 euros al mes con el programa de financiaci\u00f3n flexible o desde <strong>14.390 euros con descuentos incluidos<\/strong>.<\/p>\n<p class=\"paragraph\" id=\"paragraph_23\">Estos precios se complementan con una exenci\u00f3n del impuesto de matriculaci\u00f3n en todas las versiones con cambio manual, gracias a sus reducidas emisiones de CO2, lo que refuerza la eficiencia de los modelos y el compromiso medioambiental de Seat.<\/p>\n","protected":false},"excerpt":{"rendered":"Seat, la automovil\u00edstica con sede en Martorell propiedad del Grupo Volkswagen, acaba de renovar el que hasta la&hellip;\n","protected":false},"author":2,"featured_media":253225,"comment_status":"","ping_status":"","sticky":false,"template":"","format":"standard","meta":{"footnotes":""},"categories":[80],"tags":[1924,82,95,94,25,24,63951,2362,21658,58061,23],"class_list":{"0":"post-253224","1":"post","2":"type-post","3":"status-publish","4":"format-standard","5":"has-post-thumbnail","7":"category-economia","8":"tag-branded-content","9":"tag-business","10":"tag-economia","11":"tag-economy","12":"tag-es","13":"tag-espana","14":"tag-grupo-volkswagen","15":"tag-motor","16":"tag-seat","17":"tag-seat-ibiza","18":"tag-spain"},"share_on_mastodon":{"url":"https:\/\/pubeurope.com\/@es\/115604910834662500","error":""},"_links":{"self":[{"href":"https:\/\/www.europesays.com\/es\/wp-json\/wp\/v2\/posts\/253224","targetHints":{"allow":["GET"]}}],"collection":[{"href":"https:\/\/www.europesays.com\/es\/wp-json\/wp\/v2\/posts"}],"about":[{"href":"https:\/\/www.europesays.com\/es\/wp-json\/wp\/v2\/types\/post"}],"author":[{"embeddable":true,"href":"https:\/\/www.europesays.com\/es\/wp-json\/wp\/v2\/users\/2"}],"replies":[{"embeddable":true,"href":"https:\/\/www.europesays.com\/es\/wp-json\/wp\/v2\/comments?post=253224"}],"version-history":[{"count":0,"href":"https:\/\/www.europesays.com\/es\/wp-json\/wp\/v2\/posts\/253224\/revisions"}],"wp:featuredmedia":[{"embeddable":true,"href":"https:\/\/www.europesays.com\/es\/wp-json\/wp\/v2\/media\/253225"}],"wp:attachment":[{"href":"https:\/\/www.europesays.com\/es\/wp-json\/wp\/v2\/media?parent=253224"}],"wp:term":[{"taxonomy":"category","embeddable":true,"href":"https:\/\/www.europesays.com\/es\/wp-json\/wp\/v2\/categories?post=253224"},{"taxonomy":"post_tag","embeddable":true,"href":"https:\/\/www.europesays.com\/es\/wp-json\/wp\/v2\/tags?post=253224"}],"curies":[{"name":"wp","href":"https:\/\/api.w.org\/{rel}","templated":true}]}}