{"id":253226,"date":"2025-11-24T13:28:09","date_gmt":"2025-11-24T13:28:09","guid":{"rendered":"https:\/\/www.europesays.com\/es\/253226\/"},"modified":"2025-11-24T13:28:09","modified_gmt":"2025-11-24T13:28:09","slug":"zelenski-acusa-a-putin-busca-reconocimiento-por-%c2%a8robar%c2%a8","status":"publish","type":"post","link":"https:\/\/www.europesays.com\/es\/253226\/","title":{"rendered":"Zelenski acusa a Putin: busca reconocimiento por \u00a8robar\u00a8"},"content":{"rendered":"<p>El presidente ucraniano, Volod\u00edmir Zelenski, ha dicho este lunes que el principal <strong>obst\u00e1culo<\/strong> para llegar al acuerdo de paz con Rusia, promovido por EE.UU., es que el l\u00edder del Kremlin, Vlad\u00edmir Putin, no solo quiera que Kiev reconozca los <strong>territorios <\/strong>que el Ej\u00e9rcito ruso ha conquistado<strong>, <\/strong>sino que adem\u00e1s tambi\u00e9n lo haga la <strong>comunidad internacional. <\/strong><\/p>\n<p><strong>\u00abPutin<\/strong> quiere reconocimiento legal para lo que ha robado\u00bb, ha dicho Zelenski, quien ha agregado que esta demanda rusa es \u201cel principal problema para avanzar hacia la paz. \u00abLo quiere no solo de Ucrania, sino del<strong> mundo entero<\/strong>\u00ab, ha se\u00f1alado en un mensaje por videoconferencia ante el foro parlamentario de la Plataforma por Crimea, cuya cuarta edici\u00f3n se celebra este lunes en Suecia. <\/p>\n<p>Avances en Suiza<\/p>\n<p>Ucrania y EE.UU. perfilan de este domingo en Suiza un nuevo acuerdo marco revisado sobre el documento inicial, presentado por Washington, y que recoge ahora algunas de las<strong> demandas<\/strong> de Kiev.<\/p>\n<p> \u201cHemos conseguido mantener puntos extremadamente sensibles sobre la mesa, entre ellos la liberaci\u00f3n de todos los <strong>prisioneros<\/strong> de guerra ucranianos bajo la f\u00f3rmula de \u2018todos por todos\u2019 y de los civiles\u201d, ha dicho Zelenski en su discurso.<\/p>\n<p>El jefe de gabinete del presidente de Ucrania, Andriy Yermak, y el secretario de Estado estadounidense, Marco Rubio, en Ginebra.\u00a0EFE\/EPA\/MARTIAL TREZZINI<\/p>\n<p>Asimismo, el presidente ucraniano ha especificado que el retorno de todos los <strong>ni\u00f1os ucranianos<\/strong> de territorios ocupados \u00absecuestrados\u00bb por <strong>Rusia<\/strong> tambi\u00e9n figura en la versi\u00f3n revisada del pacto acordada por ucranianos y estadounidenses en Suiza y que ahora deber\u00e1 ser presentada al Kremlin.<\/p>\n<p>Zelenski ha a\u00f1adido que su administraci\u00f3n contin\u00faa trabajando con <strong>EE.UU<\/strong>. y otros socios para buscar compromisos que \u00abrefuercen, no que debiliten\u00bb a Ucrania. \u00abSeguiremos explicando lo <strong>peligroso<\/strong> que es pretender que una agresi\u00f3n (militar) sea algo que puede pasarse por alto\u00bb, ha apuntado. <\/p>\n<p>Por otro lado, Zelenski ha declarado que los criminales de guerra deben responder por sus acciones ante la justicia. El acuerdo marco inicial -presentado por EE.UU. a Kiev y seg\u00fan numerosos medios redactado por estadounidenses y rusos- preve\u00eda una <strong>amnist\u00eda completa<\/strong> para todos los actores implicados en la guerra en ambos bandos. <\/p>\n<p>Reacciones al borrador de paz<\/p>\n<p>Respecto de las reacciones de la comunidad internacional a la propuesta ruso &#8211; estadounidense, el ministro de Exteriores alem\u00e1n, Johann Wadephul, ha comentado este lunes que en el curso de las negociaciones que se mantuvieron el domingo en Ginebra entre representantes europeos y de EE.UU. todos los puntos del plan de Washington para la paz en Ucrania relativos a la UE y a la OTAN han sido eliminados, lo que ha calificado de gran \u00e9xito.<\/p>\n<p>\u00abHemos dado un primer paso y hemos protegido los intereses europeos\u00bb, ha dicho, agregando que el segundo paso es que la UE, en su papel como \u00ababogado\u00bb de Ucrania, consiga proteger la soberan\u00eda de este pa\u00eds. Adem\u00e1s, Wadephul ha manifestado que espera de la administraci\u00f3n estadounidense que mantenga los contactos con los rusos y les presente la propuesta de paz enmendada. Tambi\u00e9n ha expresado la esperanza de que ninguna de las partes obstaculice el acuerdo.<\/p>\n<p>Preguntado por los detalles del plan, en concreto por las cesiones territoriales que se le demandar\u00e1n a Ucrania, el diplom\u00e1tico alem\u00e1n ha asegurado que se trata de uno de los puntos m\u00e1s \u00abproblem\u00e1ticos\u00bb y ha reiterado la postura europea de que \u00abel frente actual sea el punto de partida de la negociaci\u00f3n, aunque no el punto final\u00bb.<\/p>\n<p>Ilustraci\u00f3n de un mapa de Ucrania con el territorio delimitado que comprende la regi\u00f3n del Donb\u00e1s\u00a0ADRI\u00c1N ROMERO<\/p>\n<p>\u00abPuede haber cambios\u00bb, ha apuntado, en referencia a la posibilidad de que Kiev acepte retirarse de territorios que a\u00fan controla en el Donb\u00e1s, tal y como exige Mosc\u00fa, pero esto en todo caso deben decidirlo los ucranianos, seg\u00fan ha dicho. <\/p>\n<p>Asimismo, ha recalcado en este sentido que la prioridad no es alcanzar un <strong>alto el fuego<\/strong> lo m\u00e1s r\u00e1pidamente posible, sino llegar a un <strong>acuerdo<\/strong> que ambas partes puedan asumir y mantener. Wadephul tambi\u00e9n ha recordado que las cesiones territoriales son dif\u00edciles para Ucrania, puesto que ser\u00e1n \u00abmuy fuertemente criticadas\u00bb por la poblaci\u00f3n afectada.<\/p>\n","protected":false},"excerpt":{"rendered":"El presidente ucraniano, Volod\u00edmir Zelenski, ha dicho este lunes que el principal obst\u00e1culo para llegar al acuerdo de&hellip;\n","protected":false},"author":2,"featured_media":253227,"comment_status":"","ping_status":"","sticky":false,"template":"","format":"standard","meta":{"footnotes":""},"categories":[42],"tags":[17,18,13,14,11,61,62,63,64,19,20,9,10,15,16,12,21,22,65,66,67],"class_list":{"0":"post-253226","1":"post","2":"type-post","3":"status-publish","4":"format-standard","5":"has-post-thumbnail","7":"category-internacional","8":"tag-breaking-news","9":"tag-breakingnews","10":"tag-featured-news","11":"tag-featurednews","12":"tag-headlines","13":"tag-internacional","14":"tag-international","15":"tag-international-news","16":"tag-internationalnews","17":"tag-latest-news","18":"tag-latestnews","19":"tag-news","20":"tag-noticias","21":"tag-noticias-destacadas","22":"tag-noticiasdestacadas","23":"tag-titulares","24":"tag-ultimas-noticias","25":"tag-ultimasnoticias","26":"tag-world","27":"tag-world-news","28":"tag-worldnews"},"share_on_mastodon":{"url":"https:\/\/pubeurope.com\/@es\/115604914477341414","error":""},"_links":{"self":[{"href":"https:\/\/www.europesays.com\/es\/wp-json\/wp\/v2\/posts\/253226","targetHints":{"allow":["GET"]}}],"collection":[{"href":"https:\/\/www.europesays.com\/es\/wp-json\/wp\/v2\/posts"}],"about":[{"href":"https:\/\/www.europesays.com\/es\/wp-json\/wp\/v2\/types\/post"}],"author":[{"embeddable":true,"href":"https:\/\/www.europesays.com\/es\/wp-json\/wp\/v2\/users\/2"}],"replies":[{"embeddable":true,"href":"https:\/\/www.europesays.com\/es\/wp-json\/wp\/v2\/comments?post=253226"}],"version-history":[{"count":0,"href":"https:\/\/www.europesays.com\/es\/wp-json\/wp\/v2\/posts\/253226\/revisions"}],"wp:featuredmedia":[{"embeddable":true,"href":"https:\/\/www.europesays.com\/es\/wp-json\/wp\/v2\/media\/253227"}],"wp:attachment":[{"href":"https:\/\/www.europesays.com\/es\/wp-json\/wp\/v2\/media?parent=253226"}],"wp:term":[{"taxonomy":"category","embeddable":true,"href":"https:\/\/www.europesays.com\/es\/wp-json\/wp\/v2\/categories?post=253226"},{"taxonomy":"post_tag","embeddable":true,"href":"https:\/\/www.europesays.com\/es\/wp-json\/wp\/v2\/tags?post=253226"}],"curies":[{"name":"wp","href":"https:\/\/api.w.org\/{rel}","templated":true}]}}