{"id":253242,"date":"2025-11-24T13:41:13","date_gmt":"2025-11-24T13:41:13","guid":{"rendered":"https:\/\/www.europesays.com\/es\/253242\/"},"modified":"2025-11-24T13:41:13","modified_gmt":"2025-11-24T13:41:13","slug":"gustav-klimt-rompe-records-en-nueva-york-con-la-venta-historica-de-bildnis-elisabeth-lederer","status":"publish","type":"post","link":"https:\/\/www.europesays.com\/es\/253242\/","title":{"rendered":"Gustav Klimt rompe r\u00e9cords en Nueva York con la venta hist\u00f3rica de Bildnis Elisabeth Lederer"},"content":{"rendered":"<p>La expectaci\u00f3n que hab\u00eda generado la inclusi\u00f3n de obras clave de<strong> <a href=\"https:\/\/www.mdzol.com\/temas\/gustav-klimt-67238.html\" class=\"agrupador\" rel=\"98998 nofollow noopener\" target=\"_blank\">Gustav Klimt<\/a><\/strong> en la hist\u00f3rica dispersi\u00f3n de la colecci\u00f3n de Leonard Lauder encontr\u00f3 su resoluci\u00f3n el 18 de noviembre en <strong><a href=\"https:\/\/www.mdzol.com\/temas\/nueva-york-3177.html\" class=\"agrupador\" rel=\"26915 nofollow noopener\" target=\"_blank\">Nueva York<\/a>,<\/strong> en una noche que reconfigur\u00f3 \u2014con cifras inesperadamente altas\u2014 el posicionamiento del <strong><a href=\"https:\/\/www.mdzol.com\/temas\/artista-449.html\" class=\"agrupador\" rel=\"22016 nofollow noopener\" target=\"_blank\">artista<\/a><\/strong> y el pulso del mercado moderno.<\/p>\n<p> El lote estelar, el retrato Bildnis Elisabeth Lederer (1914\u20131916), se adjudic\u00f3 por US$236,4 millones (comisiones incluidas), un monto que no solo pulveriza cualquier r\u00e9cord previo del artista en <strong><a href=\"https:\/\/www.mdzol.com\/temas\/subasta-8106.html\" class=\"agrupador\" rel=\"22737 nofollow noopener\" target=\"_blank\">subasta<\/a><\/strong>, sino que instala a la obra en el<strong><a href=\"https:\/\/www.mdzol.com\/sociedad\/gustav-klimt-nuevamente-escena-se-anuncia-una-subasta-historica-nueva-york-n1347256\" target=\"_blank\" rel=\"follow nofollow noopener\"> reducido grupo de las m\u00e1s caras jam\u00e1s vendidas <\/a><\/strong> p\u00fablicamente.<\/p>\n<p> La puja, que se extendi\u00f3 durante casi veinte minutos entre oferentes telef\u00f3nicos y presenciales, reflej\u00f3 una combinaci\u00f3n excepcional de factores: la procedencia impecable \u2014perteneciente a la colecci\u00f3n Lauder\u2014, la rareza de un retrato femenino de gran formato de la etapa tard\u00eda del <strong>artista<\/strong> y el atractivo hist\u00f3rico del linaje Lederer en la Viena finisecular. La cifra final, muy por encima de las estimaciones iniciales, consolid\u00f3 la noche como un acontecimiento comercial poco frecuente incluso para el mercado estadounidense, en el que los r\u00e9cords se baten solo cuando confluyen elementos de excepcionalidad.<\/p>\n<p>IMG_4472   <\/p>\n<p>  <img loading=\"lazy\" decoding=\"async\" src=\"https:\/\/www.mdzol.com\/css-custom\/373\/lazy.svg\" data-td-src-property=\"https:\/\/media.mdzol.com\/p\/86519ebc1734759234603c3d8527c1fc\/adjuntos\/373\/imagenes\/001\/844\/0001844741\/760x0\/smart\/img_4472.jpg\" alt=\"Retrato de Elizabeth Lederer (u$236M)\" title=\"Retrato de Elizabeth Lederer (u$236M)\" width=\"760\" height=\"1046\" id=\"1851029-Libre-503930991_embed\"\/>    <\/p>\n<p>Retrato de Elizabeth Lederer (u$236M)<\/p>\n<p>Gentileza.<\/p>\n<p>La venta integr\u00f3 una jornada sobresaliente para Sotheby\u2019s: el conjunto de la dispersi\u00f3n Lauder y la velada de Arte Moderno totalizaron alrededor de US$706 millones, cifra que confirma la capacidad de ciertas colecciones emblem\u00e1ticas de movilizar capitales globales incluso en un contexto macroecon\u00f3mico cauteloso. Y, como si hiciera falta un contraste ir\u00f3nico dentro de la misma noche, otro de los lotes que captur\u00f3 la atenci\u00f3n medi\u00e1tica \u2014por razones completamente distintas\u2014 fue el c\u00e9lebre inodoro de oro macizo de Maurizio Cattelan, que se vendi\u00f3 en discretos US$12,1 millones. Su presencia en la <strong>subasta<\/strong> reactiv\u00f3, inevitablemente, la conversaci\u00f3n sobre el estatuto simb\u00f3lico del oro y la cr\u00edtica al poder, <strong><a href=\"https:\/\/www.mdzol.com\/sociedad\/maurizio-cattelan-y-el-reflejo-dorado-del-poder-n1385599\" target=\"_blank\" rel=\"follow nofollow noopener\">un eje que desarrollamos en nota anterior<\/a><\/strong>, pero la platea se mostr\u00f3 remisa a la hora de pujar por la obra.<\/p>\n<p>\t \t Un nuevo escal\u00f3n en la historia de Klimt en subastas <\/p>\n<p>Hasta ahora, la referencia inmediata era \u201cMujer con abanico\u201d, vendida en 2023 por unos US$108,4 millones, una cifra entonces presentada como un techo dif\u00edcil de superar. El remate de Elisabeth Lederer no solo duplic\u00f3 esa marca sino que reacomod\u00f3 la jerarqu\u00eda del <strong>artista<\/strong> en relaci\u00f3n con los precios r\u00e9cord de sus contempor\u00e1neos. Para dimensionar el salto, basta recordar que incluso algunas ventas privadas \u2014como \u201cAdele Bloch-Bauer II\u201d, adquirida en 2016 por cerca de US$150 millones\u2014 hab\u00edan sostenido el mito del alto valor del <strong>artista<\/strong>. La nueva venta coloca por primera vez un <strong>Klimt<\/strong> de \u00e9poca tard\u00eda en el territorio de los 200 millones, un umbral que, en subasta, pertenece a un club muy restringido.<\/p>\n<p>IMG_4473   <\/p>\n<p>  <img loading=\"lazy\" decoding=\"async\" src=\"https:\/\/www.mdzol.com\/css-custom\/373\/lazy.svg\" data-td-src-property=\"https:\/\/media.mdzol.com\/p\/99b914c9632d57658d294e7835e3f023\/adjuntos\/373\/imagenes\/001\/844\/0001844742\/760x0\/smart\/img_4473.jpg\" alt=\"Prado en Blooming (u$86M)\" title=\"Prado en Blooming (u$86M)\" width=\"760\" height=\"770\" id=\"1851030-Libre-256326557_embed\"\/>    <\/p>\n<p>Prado en Blooming (u$86M)<\/p>\n<p>Gentileza.<\/p>\n<p>Cabe apuntar que el mercado global ha tendido, en los \u00faltimos a\u00f1os, a concentrar su energ\u00eda \u2014y sus cifras\u2014 en obras \u00fanicas y de calidad extraordinaria, mientras que los segmentos intermedios experimentaron mayor moderaci\u00f3n. Cuando aparece un lote de esta envergadura, la competencia entre compradores institucionales y privados genera espirales de precios que son estructuralmente distintas del resto del mercado.<\/p>\n<p>La venta de Bildnis Elisabeth Lederer obliga a relecturas sobre la posici\u00f3n de <strong>Klimt<\/strong> en el mercado contempor\u00e1neo. Por un lado, lo acerca a los registros m\u00e1s altos alcanzados por obras de Picasso, Modigliani o Monet en las \u00faltimas d\u00e9cadas. Por otro, consolida una narrativa que ya ven\u00eda perfil\u00e1ndose: la del <strong>Klimt<\/strong> tard\u00edo como un \u201cvalor seguro\u201d dentro del nicho de coleccionistas que priorizan la combinaci\u00f3n de belleza formal y relevancia hist\u00f3rica.<\/p>\n<p>Adele-bloch-bauerII   <\/p>\n<p>  <img decoding=\"async\" src=\"https:\/\/www.europesays.com\/es\/wp-content\/uploads\/2025\/11\/adele-bloch-bauerii.jpg\" alt=\"Adele Bloch-Bauer II\" title=\"Adele Bloch-Bauer II\" width=\"760\" height=\"1278\" id=\"1851039-Libre-192417890_embed\" crossorigin=\"anonymous\" fetchpriority=\"high\" decode=\"async\"\/>    <\/p>\n<p>Gentileza.<\/p>\n<p>La comparaci\u00f3n con Picasso \u2014un <strong>artista<\/strong> cuya presencia en los top\u201310 de ventas es habitual\u2014 muestra que <strong>Klimt<\/strong>, aun sin una gran cantidad de obras disponibles para subasta, logra posicionarse en cifras comparables a las de los grandes modernistas. En t\u00e9rminos de percepci\u00f3n p\u00fablica, esto refuerza la tendencia a considerar al artista vien\u00e9s no solo como figura del modernismo decorativo, sino como uno de los pilares del arte occidental de comienzos del siglo XX con vigencia en el mercado actual.<\/p>\n<p>La implicancia para museos e instituciones es clara: la adquisici\u00f3n de obras de este tipo se vuelve pr\u00e1cticamente inaccesible para entidades p\u00fablicas sin un respaldo filantr\u00f3pico excepcional. Para los coleccionistas privados, en cambio, la se\u00f1al es m\u00e1s ambigua: por un lado, el r\u00e9cord confirma el potencial de valorizaci\u00f3n; por otro, recuerda que estos precios no son indicadores del mercado general, sino de una franja peque\u00f1a donde cada obra disponible \u2014casi siempre \u00fanica\u2014 determina su propio universo de comparaciones.<\/p>\n<p>Klimt dama con abanico2   <\/p>\n<p>  <img loading=\"lazy\" decoding=\"async\" src=\"https:\/\/www.mdzol.com\/css-custom\/373\/lazy.svg\" data-td-src-property=\"https:\/\/media.mdzol.com\/p\/1b9220f4ffbb62c2b7a4478fd881a66d\/adjuntos\/373\/imagenes\/001\/844\/0001844749\/760x0\/smart\/klimt-dama-abanico2.jpg\" alt=\"Dama con abanico\" title=\"Dama con abanico\" width=\"760\" height=\"765\" id=\"1851035-Libre-1127052029_embed\"\/>    <\/p>\n<p>Gentileza.<\/p>\n<p>   Una noche que reordena las narrativas <\/p>\n<p>En s\u00edntesis, la <strong>subasta<\/strong> de noviembre ubic\u00f3 a <strong>Klimt<\/strong> en la cima del mercado moderno p\u00fablico, introdujo a Bildnis Elisabeth Lederer en el pante\u00f3n de las obras m\u00e1s caras jam\u00e1s vendidas en sala y reabri\u00f3 la conversaci\u00f3n sobre la belleza y el valor cultural y simb\u00f3lico en el arte. En paralelo, la presencia del WC de Cattelan actu\u00f3 como contrapunto perfecto: la s\u00e1tira dorada del italiano no encontr\u00f3 convalidaci\u00f3n en un mercado que baj\u00f3 el martillo en un valor que apenas super\u00f3 el costo del oro que contiene la obra.<\/p>\n<p><a href=\"http:\/\/www.mdzol.com\/cdn-cgi\/l\/email-protection#b7d4d6c5dbd8c4dac7ded9d6c4d4d8f7d0dad6dedb99d4d8da\" rel=\"nofollow noopener\" target=\"_blank\">[email\u00a0protected]<\/a><\/p>\n","protected":false},"excerpt":{"rendered":"La expectaci\u00f3n que hab\u00eda generado la inclusi\u00f3n de obras clave de Gustav Klimt en la hist\u00f3rica dispersi\u00f3n de&hellip;\n","protected":false},"author":2,"featured_media":253243,"comment_status":"","ping_status":"","sticky":false,"template":"","format":"standard","meta":{"footnotes":""},"categories":[173],"tags":[229,233,231,230,232,234,146,147,25,24,23],"class_list":{"0":"post-253242","1":"post","2":"type-post","3":"status-publish","4":"format-standard","5":"has-post-thumbnail","7":"category-arte-y-diseno","8":"tag-arte","9":"tag-arte-y-diseno","10":"tag-arts","11":"tag-arts-and-design","12":"tag-design","13":"tag-diseno","14":"tag-entertainment","15":"tag-entretenimiento","16":"tag-es","17":"tag-espana","18":"tag-spain"},"share_on_mastodon":{"url":"https:\/\/pubeurope.com\/@es\/115604965811978243","error":""},"_links":{"self":[{"href":"https:\/\/www.europesays.com\/es\/wp-json\/wp\/v2\/posts\/253242","targetHints":{"allow":["GET"]}}],"collection":[{"href":"https:\/\/www.europesays.com\/es\/wp-json\/wp\/v2\/posts"}],"about":[{"href":"https:\/\/www.europesays.com\/es\/wp-json\/wp\/v2\/types\/post"}],"author":[{"embeddable":true,"href":"https:\/\/www.europesays.com\/es\/wp-json\/wp\/v2\/users\/2"}],"replies":[{"embeddable":true,"href":"https:\/\/www.europesays.com\/es\/wp-json\/wp\/v2\/comments?post=253242"}],"version-history":[{"count":0,"href":"https:\/\/www.europesays.com\/es\/wp-json\/wp\/v2\/posts\/253242\/revisions"}],"wp:featuredmedia":[{"embeddable":true,"href":"https:\/\/www.europesays.com\/es\/wp-json\/wp\/v2\/media\/253243"}],"wp:attachment":[{"href":"https:\/\/www.europesays.com\/es\/wp-json\/wp\/v2\/media?parent=253242"}],"wp:term":[{"taxonomy":"category","embeddable":true,"href":"https:\/\/www.europesays.com\/es\/wp-json\/wp\/v2\/categories?post=253242"},{"taxonomy":"post_tag","embeddable":true,"href":"https:\/\/www.europesays.com\/es\/wp-json\/wp\/v2\/tags?post=253242"}],"curies":[{"name":"wp","href":"https:\/\/api.w.org\/{rel}","templated":true}]}}