{"id":253279,"date":"2025-11-24T14:07:12","date_gmt":"2025-11-24T14:07:12","guid":{"rendered":"https:\/\/www.europesays.com\/es\/253279\/"},"modified":"2025-11-24T14:07:12","modified_gmt":"2025-11-24T14:07:12","slug":"la-miniserie-numero-1-de-netflix-en-41-paises-solo-tiene-8-episodios-y-es-el-nuevo-thriller-del-creador-de-homeland","status":"publish","type":"post","link":"https:\/\/www.europesays.com\/es\/253279\/","title":{"rendered":"La miniserie n\u00famero 1 de Netflix en 41 pa\u00edses. S\u00f3lo tiene 8 episodios y es el nuevo thriller del creador de &#8216;Homeland&#8217;"},"content":{"rendered":"<p>Los \u00e9xitos y los fracasos se le acumulan a <strong>Netflix<\/strong>, ya que su incesante ritmo de estrenos y el hecho de ser la plataforma de streaming n\u00famero 1 lleva a que algunos t\u00edtulos se conviertan en triunfos indiscutibles, mientras que otros se hunden en su cat\u00e1logo. Hoy toca hablar de uno de los primeros, pues hay una miniserie que est\u00e1 arrasando, habiendo llegado a ser n\u00famero 1 en 41 pa\u00edses: <strong>&#8216;La bestia en m\u00ed&#8217;<\/strong>.<\/p>\n<p>Creada por <strong>Howard Gordon<\/strong> (<a class=\"text-outboundlink\" href=\"https:\/\/www.espinof.com\/criticas\/homeland-llego-a-su-final-exprimiendo-genero-espionaje-temporada-8-emocionante-adictiva-cuyo-error-querer-contar-demasiado\" data-vars-post-title=\"&#039;Homeland&#039; lleg\u00f3 a su final exprimiendo el g\u00e9nero del espionaje: una temporada 8 emocionante y adictiva cuyo error es querer contar demasiado\" data-vars-post-url=\"https:\/\/www.espinof.com\/criticas\/homeland-llego-a-su-final-exprimiendo-genero-espionaje-temporada-8-emocionante-adictiva-cuyo-error-querer-contar-demasiado\" rel=\"nofollow noopener\" target=\"_blank\">&#8216;Homeland&#8217;<\/a>), &#8216;La bestia en m\u00ed&#8217; cuenta la historia de una escritora cuya vida cambi\u00f3 para siempre tras la muerte de su hijo peque\u00f1o. Ha sido incapaz de volver a ser la misma, pero la llegada de un nuevo vecino reactiva su inter\u00e9s. El motivo es que ese hombre, un poderoso magnate, es el principal sospechoso de la desaparici\u00f3n de su mujer y ella se propone descubrir qu\u00e9 pas\u00f3 realmente.<\/p>\n<p>Gran \u00e9xito<\/p>\n<p>Apoyada en el d\u00fao formado por <strong>Claire Danes y Matthew Rhys<\/strong>, &#8216;La bestia en m\u00ed&#8217; es una miniserie de apenas 8 episodios que Netflix estren\u00f3 el pasado 13 de noviembre. Esa misma semana se convirti\u00f3 en la serie de habla no inglesa m\u00e1s vista de la plataforma con 6,9 millones de visualizaciones y durante la siguiente semana a su lanzamiento sigui\u00f3 arrasando.<\/p>\n<p>    <a href=\"https:\/\/www.espinof.com\/listas\/mejores-miniseries-netflix\" class=\"pivot-outboundlink\" data-vars-post-title=\"Las 16 mejores miniseries de Netflix\" rel=\"nofollow noopener\" target=\"_blank\"><br \/>\n     <img loading=\"lazy\" decoding=\"async\" alt=\"Las 16 mejores miniseries de Netflix\" width=\"375\" height=\"142\" src=\"https:\/\/www.europesays.com\/es\/wp-content\/uploads\/2025\/07\/1753465448_562_375_142.jpeg\"\/><br \/>\n    <\/a><\/p>\n<p>Desde <a rel=\"noopener, noreferrer nofollow\" href=\"https:\/\/flixpatrol.com\/title\/the-beast-in-me\/\" target=\"_blank\">Flixpatrol<\/a> aclaran que &#8216;La bestia en m\u00ed&#8217; ha tocado techo por ahora alcanzando el n\u00famero 1 en 41 pa\u00edses, pero no conviene descartar que esa cifra siga creciendo. Eso s\u00ed, en Espa\u00f1a ha quedado eclipsada por el \u00e9xito de <strong>&#8216;El cuco de cristal&#8217;<\/strong>, la nueva adaptaci\u00f3n de una novela de suspense de <strong>Javier Castillo<\/strong>, autor que ya inspir\u00f3 la muy exitosa <a class=\"text-outboundlink\" href=\"https:\/\/www.espinof.com\/criticas\/chica-nieve-engancha-entretiene-serie-netflix-contundente-thriller-basado-novela-javier-castillo\" data-vars-post-title=\"&#039;La chica de nieve&#039; engancha y entretiene: la serie de Netflix es un contundente thriller basado en la novela de Javier Castillo\" data-vars-post-url=\"https:\/\/www.espinof.com\/criticas\/chica-nieve-engancha-entretiene-serie-netflix-contundente-thriller-basado-novela-javier-castillo\" rel=\"nofollow noopener\" target=\"_blank\">&#8216;La chica de nieve&#8217;<\/a>.<\/p>\n<p>Por cierto, &#8216;La bestia en m\u00ed&#8217; tambi\u00e9n es <strong>una de la series de Netflix con mejores cr\u00edticas de lo que llevamos de a\u00f1o<\/strong>, pues ha conseguido un 84% de valoraciones positivas <a rel=\"noopener, noreferrer nofollow\" href=\"https:\/\/www.rottentomatoes.com\/tv\/the_beast_in_me\" target=\"_blank\">en Rotten Tomatoes<\/a>, mientras que <a rel=\"noopener, noreferrer nofollow\" href=\"https:\/\/www.metacritic.com\/tv\/the-beast-in-me\/\" target=\"_blank\">en Metacritic<\/a> tiene una nota media de 71 sobre 100. Nada mal.<\/p>\n<p>En Espinof | <a class=\"text-outboundlink\" href=\"https:\/\/www.espinof.com\/listas\/mejores-series-netflix-2025\" data-vars-post-title=\"Las 18 mejores series de Netflix en 2025 (por ahora)\" data-vars-post-url=\"https:\/\/www.espinof.com\/listas\/mejores-series-netflix-2025\" rel=\"nofollow noopener\" target=\"_blank\">Las mejores series de Netflix en 2025<\/a><\/p>\n<p>En Espinof | <a class=\"text-outboundlink\" href=\"https:\/\/www.espinof.com\/listas\/mejores-peliculas-netflix-2025\" data-vars-post-title=\"Las 11 mejores pel\u00edculas de Netflix en 2025 (por ahora)\" data-vars-post-url=\"https:\/\/www.espinof.com\/listas\/mejores-peliculas-netflix-2025\" rel=\"nofollow noopener\" target=\"_blank\">Las mejores pel\u00edculas de Netflix en 2025<\/a><\/p>\n","protected":false},"excerpt":{"rendered":"Los \u00e9xitos y los fracasos se le acumulan a Netflix, ya que su incesante ritmo de estrenos y&hellip;\n","protected":false},"author":2,"featured_media":253280,"comment_status":"","ping_status":"","sticky":false,"template":"","format":"standard","meta":{"footnotes":""},"categories":[171],"tags":[146,147,25,24,23,214],"class_list":{"0":"post-253279","1":"post","2":"type-post","3":"status-publish","4":"format-standard","5":"has-post-thumbnail","7":"category-tv","8":"tag-entertainment","9":"tag-entretenimiento","10":"tag-es","11":"tag-espana","12":"tag-spain","13":"tag-tv"},"share_on_mastodon":{"url":"https:\/\/pubeurope.com\/@es\/115605068257233578","error":""},"_links":{"self":[{"href":"https:\/\/www.europesays.com\/es\/wp-json\/wp\/v2\/posts\/253279","targetHints":{"allow":["GET"]}}],"collection":[{"href":"https:\/\/www.europesays.com\/es\/wp-json\/wp\/v2\/posts"}],"about":[{"href":"https:\/\/www.europesays.com\/es\/wp-json\/wp\/v2\/types\/post"}],"author":[{"embeddable":true,"href":"https:\/\/www.europesays.com\/es\/wp-json\/wp\/v2\/users\/2"}],"replies":[{"embeddable":true,"href":"https:\/\/www.europesays.com\/es\/wp-json\/wp\/v2\/comments?post=253279"}],"version-history":[{"count":0,"href":"https:\/\/www.europesays.com\/es\/wp-json\/wp\/v2\/posts\/253279\/revisions"}],"wp:featuredmedia":[{"embeddable":true,"href":"https:\/\/www.europesays.com\/es\/wp-json\/wp\/v2\/media\/253280"}],"wp:attachment":[{"href":"https:\/\/www.europesays.com\/es\/wp-json\/wp\/v2\/media?parent=253279"}],"wp:term":[{"taxonomy":"category","embeddable":true,"href":"https:\/\/www.europesays.com\/es\/wp-json\/wp\/v2\/categories?post=253279"},{"taxonomy":"post_tag","embeddable":true,"href":"https:\/\/www.europesays.com\/es\/wp-json\/wp\/v2\/tags?post=253279"}],"curies":[{"name":"wp","href":"https:\/\/api.w.org\/{rel}","templated":true}]}}