{"id":253297,"date":"2025-11-24T14:16:12","date_gmt":"2025-11-24T14:16:12","guid":{"rendered":"https:\/\/www.europesays.com\/es\/253297\/"},"modified":"2025-11-24T14:16:12","modified_gmt":"2025-11-24T14:16:12","slug":"los-votantes-de-junts-no-rompen-con-sanchez-que-arrolla-a-feijoo-como-su-lider-espanol-preferido-espana","status":"publish","type":"post","link":"https:\/\/www.europesays.com\/es\/253297\/","title":{"rendered":"Los votantes de Junts no rompen con S\u00e1nchez, que arrolla a Feij\u00f3o como su l\u00edder espa\u00f1ol preferido | Espa\u00f1a"},"content":{"rendered":"<p class=\"\">La decisi\u00f3n se anunci\u00f3 en dos fases. Primero, el <a href=\"https:\/\/elpais.com\/espana\/catalunya\/2025-10-27\/las-claves-de-la-comparecencia-de-puigdemont-la-ruptura-con-el-psoe-en-cinco-frases.html\" rel=\"nofollow noopener\" target=\"_blank\">27 de octubre<\/a>, Carles Puigdemont dio por rota la relaci\u00f3n de Junts con el Gobierno. Despu\u00e9s, <a href=\"https:\/\/elpais.com\/espana\/2025-11-06\/junts-anuncia-que-bloqueara-todas-las-leyes-de-sanchez-no-habra-mas-colaboracion-ni-mas-negociacion.html\" rel=\"nofollow noopener\" target=\"_blank\">el 6 de noviembre<\/a>, la portavoz del partido en el Congreso, M\u00edriam Nogueras, aport\u00f3 concreci\u00f3n solemnizando el \u201cbloqueo\u201d de todas las leyes del Ejecutivo. Desde entonces, se repiten una serie de preguntas: \u00bfCu\u00e1l ser\u00e1 el siguiente paso de Junts? \u00bfSe acercar\u00e1 al PP? \u00bfEs posible <a href=\"https:\/\/elpais.com\/espana\/2025-10-28\/el-gobierno-confia-en-que-la-ruptura-no-sea-definitiva-y-ve-alejarse-la-mocion-de-censura.html\" rel=\"nofollow noopener\" target=\"_blank\">una moci\u00f3n de censura<\/a> junto al PP y Vox que lleve a Alberto N\u00fa\u00f1ez Feij\u00f3o a La Moncloa, aunque solo sea para precipitar un adelanto electoral? <\/p>\n<p class=\"\">Con los datos demosc\u00f3picos en la mano, si tienen que elegir entre Feij\u00f3o y Pedro S\u00e1nchez, los votantes de Junts prefieren al segundo. Y con diferencia. La distancia es considerable en tres indicadores con los que se suele medir la proximidad del electorado de un partido al l\u00edder de otro. Adem\u00e1s, es una distancia que se ha ensanchado <a href=\"https:\/\/elpais.com\/espana\/2022-04-02\/feijoo-promete-una-oposicion-moderada-que-facilite-pactos-de-estado.html\" rel=\"nofollow noopener\" target=\"_blank\">desde que Feij\u00f3o lleg\u00f3 a la presidencia del PP<\/a>. Los n\u00fameros levantan un muro invisible que hace que Junts lo tenga dif\u00edcil para acercarse al principal partido de la derecha espa\u00f1ola sin contrariar a su propio electorado. <\/p>\n<p class=\"\"><b>Preferencia como presidente. <\/b>Cuando el CIS pregunta a qui\u00e9n prefieren como presidente del Gobierno entre los principales l\u00edderes pol\u00edticos, el 42,1% de los votantes de Junts en las generales de 2023 contestan que a S\u00e1nchez, seg\u00fan el \u00faltimo bar\u00f3metro, <a href=\"https:\/\/elpais.com\/espana\/2025-11-19\/el-pp-recorta-distancia-con-el-psoe-que-ganaria-las-elecciones-con-un-326-segun-el-barometro-del-cis-de-noviembre.html\" rel=\"nofollow noopener\" target=\"_blank\">publicado la semana pasada<\/a>. Se trata de respuestas espont\u00e1neas, en las que los encuestados, incluso los que votan a partidos nacionalistas, tienden a centrarse en los grandes l\u00edderes estatales, que son los que tienen opciones de ser presidente. La diferencia entre S\u00e1nchez y Feij\u00f3o es abismal. Solo un 1,6% de los votantes de Junts prefieren al l\u00edder del PP. <\/p>\n<p class=\"\">La encuesta, con m\u00e1s de 4.000 entrevistas, se realiz\u00f3 entre el 3 y el 12 de noviembre, es decir, en pleno \u00f3rdago de Junts al Gobierno. Pese a todo, el nivel de preferencia de S\u00e1nchez como presidente ha subido del 30,5% del anterior bar\u00f3metro al 42,1%. Esta subida ha contribuido a que la brecha entre ambos l\u00edderes sea ahora mayor que cuando Feij\u00f3o fue elegido presidente del PP, en abril de 2022.<\/p>\n<p class=\"\"><b>Puntuaci\u00f3n a los l\u00edderes. <\/b>S\u00e1nchez recibe de los votantes de Junts una puntuaci\u00f3n del 5,04, siendo uno \u201cmuy mal\u201d y 10 \u201cmuy bien\u201d, seg\u00fan el bar\u00f3metro de noviembre. Feij\u00f3o se queda en un 2,48, por detr\u00e1s de Yolanda D\u00edaz (Sumar). De entre los principales l\u00edderes nacionales, solo Santiago Abascal (Vox) obtiene peor nota. La trayectoria de Feij\u00f3o desde su llegada a G\u00e9nova ha sido descendente; la de S\u00e1nchez, levemente ascendente.<\/p>\n<p class=\"\"><b>Confianza. <\/b>M\u00e1s de un tercio de los votantes de Junts tienen \u201cmucha\u201d o \u201cbastante\u201d confianza en S\u00e1nchez, seg\u00fan el bar\u00f3metro de octubre, el \u00faltimo en el que el CIS pregunt\u00f3 por ello. El resultado de Feij\u00f3o no podr\u00eda ser peor: el 0% de los votantes de Junts conf\u00edan en el l\u00edder del PP, que ha dilapidado el 9,7% con el que se estren\u00f3 en G\u00e9nova. En cambio, el presidente del Gobierno ha ganado desde entonces confianza entre los votantes del partido de Puigdemont.<\/p>\n<p class=\"\">Toni Aira, profesor de Comunicaci\u00f3n Pol\u00edtica en la Universitat Pompeu Fabra-Barcelona School of Management, ve l\u00f3gica la \u201cbaja estima\u201d del electorado de Junts por Feij\u00f3o. En primer lugar, porque para estos votantes el PP es el partido que <a href=\"https:\/\/elpais.com\/politica\/2017\/10\/11\/actualidad\/1507705563_381296.html\" rel=\"nofollow noopener\" target=\"_blank\">\u201caplic\u00f3 el 155<\/a>, recogi\u00f3 <a href=\"https:\/\/elpais.com\/elpais\/2006\/04\/25\/actualidad\/1145953019_850215.html\" rel=\"nofollow noopener\" target=\"_blank\">firmas contra el Estatut<\/a>, <a href=\"https:\/\/elpais.com\/espana\/2025-05-26\/los-socialistas-acusan-al-pp-de-maniobrar-en-europa-para-sabotear-el-reconocimiento-del-catalan-el-euskera-y-el-gallego.html\" rel=\"nofollow noopener\" target=\"_blank\">maniobra contra el catal\u00e1n en la UE<\/a> y llama golpistas a los l\u00edderes independentistas\u201d. Adem\u00e1s, a\u00f1ade, Feij\u00f3o \u201caporta poco\u201d como l\u00edder \u201ca la marca PP\u201d. Las expectativas que gener\u00f3 como el presidente de Galicia que \u201cquer\u00eda hacer pol\u00edtica para adultos y hablaba en gallego no se han traducido en nada\u201d, a\u00f1ade el autor de <a href=\"https:\/\/www.todostuslibros.com\/libros\/mitologos_978-84-10214-68-2\" rel=\"nofollow noopener\" target=\"_blank\">Mit\u00f3logos. El arte de seducir a las masas<\/a> (Debate, 2025).<\/p>\n<p class=\"\">Experto en pol\u00edtica catalana, Aira se\u00f1ala que el salto que va desde CiU hasta Junts dificulta el pacto con el PP. CiU, dice, era \u201cun partido atrapalotodo\u201d, con perfiles diversos tanto en el eje ideol\u00f3gico como en el identitario. En los tiempos de CiU, a\u00f1ade, pod\u00edan adoptarse posiciones favorables a \u201cconstruir Espa\u00f1a desde Catalu\u00f1a\u201d, abriendo el abanico de posibles pactos dentro de una estrategia pragm\u00e1tica, lo que Jordi Pujol llamaba <a href=\"https:\/\/elpais.com\/politica\/2015\/02\/17\/actualidad\/1424193589_368930.html\" rel=\"nofollow noopener\" target=\"_blank\">peix al cove<\/a>, algo as\u00ed como \u201cp\u00e1jaro en mano\u201d. \u201cAhora, m\u00e1s all\u00e1 de cierta diversidad en el eje izquierda-derecha, en el eje nacional la composici\u00f3n de Junts es muy independentista, \u00bfc\u00f3mo vas a acercarte al PP?\u201d, razona. <\/p>\n<p class=\"\">La ruptura de Junts con el Gobierno es, a juicio de Aira, fruto de la \u201cimposibilidad de materializar\u201d el acuerdo con el Ejecutivo en \u201calgo concreto que vender\u201d a su electorado, lo que lleva a marcar distancias con el PSOE. \u201cPero eso no quiere decir que vayan a votar con el PP estrat\u00e9gicamente. La idea de que alejarse del PSOE supone acercarse al PP es propia de an\u00e1lisis fuera del <a href=\"https:\/\/elpais.com\/espana\/2024-08-18\/el-nacionalismo-mas-pragmatico-sale-ganando.html\" rel=\"nofollow noopener\" target=\"_blank\">universo independentista<\/a>\u201d, a\u00f1ade. \u00bfMoci\u00f3n de censura? \u201cNo tendr\u00eda ning\u00fan sentido. A Puigdemont ya le cost\u00f3 dar apoyo a la <a href=\"https:\/\/elpais.com\/politica\/2018\/06\/01\/actualidad\/1527833707_590950.html\" rel=\"nofollow noopener\" target=\"_blank\">moci\u00f3n de censura de S\u00e1nchez<\/a> [en 2018]. Ellos no van a Madrid a solucionar la papeleta a los partidos espa\u00f1oles, sino a conseguir r\u00e9dito\u201d, a\u00f1ade. Que Puigdemont piense que no ha obtenido del PSOE un r\u00e9dito suficiente no significa que tenga expectativas de lograrlo con el PP, a\u00f1ade.<\/p>\n<p><img decoding=\"auto\" class=\"_re lazyload a_m-h\" height=\"286\"  width=\"414\"  src=\"https:\/\/www.europesays.com\/es\/wp-content\/uploads\/2025\/11\/2ULW4PTGJFH45KKTF3ZLEQC2OQ.jpg\" loading=\"lazy\"\/>Jos\u00e9 Mar\u00eda Aznar, presidente del PP, y Jordi Pujol, presidente de la Generalitat de Catalu\u00f1a,  en el hotel Majestic de Barcelona, donde acordaron la investidura de Aznar en 1996. A la derecha, el tambi\u00e9n dirigente nacionalista Josep Antoni Duran i Lleida.Carles Ribas<\/p>\n<p class=\"\">\u201cVa a ser complicado para Junts\u201d, afirma el polit\u00f3logo Llu\u00eds Orriols, \u201ctejer alianzas con el PP, al menos estables, porque tendr\u00edan un alto riesgo\u201d para el partido de Puigdemont. Para Orriols no es posible utilizar el ejemplo de aquel CiU que se acerc\u00f3 a Jos\u00e9 Mar\u00eda Aznar siendo l\u00edder en el campo nacionalista para intentar pronosticar las maniobras de este Junts con el que ERC compite de t\u00fa a t\u00fa y que adem\u00e1s se enfrenta a la <a href=\"https:\/\/elpais.com\/espana\/catalunya\/2025-08-20\/del-campo-a-la-ciudad-alianca-catalana-se-infiltra-en-el-feudo-de-junts-como-hizo-vox-con-el-pp.html\" rel=\"nofollow noopener\" target=\"_blank\">amenaza creciente de de Alian\u00e7a Catalana<\/a>. <\/p>\n<p class=\"\">\u201cCuando se firm\u00f3 el <a href=\"https:\/\/elpais.com\/diario\/1996\/04\/29\/espana\/830728801_850215.html\" rel=\"nofollow noopener\" target=\"_blank\">pacto del Majestic<\/a> [el acuerdo de Pujol con Aznar para la <a href=\"https:\/\/elpais.com\/diario\/1996\/05\/05\/espana\/831247229_850215.html\" rel=\"nofollow noopener\" target=\"_blank\">investidura del l\u00edder del PP<\/a> en 1996], la situaci\u00f3n era mucho m\u00e1s favorable para CiU que ahora para Junts. Por eso Pujol se presentaba como quien daba mayor\u00edas a cambio cesiones. Se lo pod\u00eda permitir, porque ten\u00eda la hegemon\u00eda nacionalista y era lo que en Catalu\u00f1a llamamos pal de paller, el palo del pajar, el que lo sosten\u00eda todo. En esa posici\u00f3n de fuerza, ten\u00eda margen para pensar a largo plazo y arriesgar. Y aun as\u00ed, aquello electoralmente no fue bueno para CiU. Ahora Junts ni siquiera tiene ese margen. No est\u00e1 en fase de grandes estrategias, sino de supervivencia. Y en un momento de mayor polarizaci\u00f3n nacional que entonces, un acuerdo con el PP es de alto riesgo para un partido en supervivencia. Una moci\u00f3n de censura, incluso instrumental [solo para convocar elecciones], ser\u00eda de alt\u00edsimo riesgo\u201d, expone el autor de <a href=\"https:\/\/www.todostuslibros.com\/libros\/democracia-de-trincheras_978-84-1100-132-8\" rel=\"nofollow noopener\" target=\"_blank\">Democracia de trinchera. Por qu\u00e9 votamos a quienes votamos<\/a> (Pen\u00ednsula, 2023).<\/p>\n<p><img decoding=\"auto\" class=\"_re lazyload a_m-h\" height=\"276\"  width=\"414\"  src=\"https:\/\/www.europesays.com\/es\/wp-content\/uploads\/2025\/11\/OV3RCDKZGJMFVME5XENIV5MUSY.jpg\" loading=\"lazy\"\/>El expresidente del Gobierno Mariano Rajoy y el actual l\u00edder del PP, Alberto N\u00fa\u00f1ez Feij\u00f3o, la pasada semana en Madrid en la presentaci\u00f3n de un libro del jefe del Gobierno andaluz, Juan Manuel Moreno.FERNANDO VILLAR (EFE)<\/p>\n<p class=\"\">La ruptura con el Gobierno, seg\u00fan Orriols, no constituye el preludio de un acercamiento al PP, sino una \u201coperaci\u00f3n conservadora\u201d destinada \u2014afirma\u2014 a que Junts no sea percibido como un partido pr\u00f3ximo a los socialistas cuando queda un a\u00f1o y medio para las elecciones municipales y es una inc\u00f3gnita cu\u00e1nto para las generales. \u201cJunts ha estado hasta ahora present\u00e1ndose como quien obtiene m\u00e1s beneficios en Madrid. Pero, claro, los r\u00e9ditos de esa estrategia pueden tardar demasiado. A corto plazo lo que se ve es una cercan\u00eda al PSOE que es utilizada a su favor por Alian\u00e7a en un clima de polarizaci\u00f3n nacionalista y fuerte sentimiento antipol\u00edtico. Por eso Junts marca distancias con el PSOE, no porque est\u00e9 previsto un acercamiento al PP\u201d, concluye el profesor.<\/p>\n<p class=\"\">Aunque Junts se ha colocado junto el PP en votaciones con fuerte repercusi\u00f3n, como al <a href=\"https:\/\/elpais.com\/espana\/2025-09-16\/junts-vuelve-a-unir-sus-votos-a-pp-y-vox-para-tumbar-en-el-congreso-la-creacion-de-una-agencia-anticorrupcion.html\" rel=\"nofollow noopener\" target=\"_blank\">rechazar una agencia anticorrupci\u00f3n<\/a> y \u2014sobre todo\u2014 al oponerse a la <a href=\"https:\/\/elpais.com\/espana\/2025-09-10\/el-congreso-tumba-la-reduccion-de-la-jornada-laboral-con-los-votos-de-pp-vox-y-junts.html\" rel=\"nofollow noopener\" target=\"_blank\">reducci\u00f3n de la jornada laboral<\/a>, no ha llegado a establecer un patr\u00f3n de apoyo a los populares. Desde que anunci\u00f3 su ruptura, ha hecho ejercicios de <a href=\"https:\/\/elpais.com\/espana\/2025-11-14\/el-equilibrismo-de-junts-vota-con-el-pp-contra-aznar-y-salva-al-gobierno-en-las-nucleares.html\" rel=\"nofollow noopener\" target=\"_blank\">equilibrismo<\/a> para tratar de ce\u00f1irse al \u201cbloqueo\u201d al Gobierno sin ser visto como un aliado del PP. <\/p>\n<p class=\"\">Un ejemplo de esta ambivalencia lo ofreci\u00f3 el 12 de noviembre, cuando Junts libr\u00f3 al Gobierno de una derrota al evitar que se aprobara una iniciativa del PP para <a href=\"https:\/\/elpais.com\/espana\/2025-11-13\/junts-salva-al-gobierno-con-una-abstencion-que-impide-aprobar-la-iniciativa-del-pp-sobre-la-vida-de-las-centrales-nucleares.html\" rel=\"nofollow noopener\" target=\"_blank\">alargar la vida de las nucleares<\/a>, decisi\u00f3n que la portavoz Nogueras valor\u00f3 as\u00ed, en un mensaje dirigido a los socialistas: \u201cSi algunos piensan que esto es una victoria, m\u00e1s grande ser\u00e1 la derrota\u201d. Unos d\u00edas antes, en Catalu\u00f1a se hab\u00edan o\u00eddo <a href=\"https:\/\/elpais.com\/espana\/catalunya\/2025-11-09\/la-ruptura-con-el-psoe-despierta-criticas-de-alcaldes-de-junts.html\" rel=\"nofollow noopener\" target=\"_blank\">cr\u00edticas de alcaldes de Junts a la decisi\u00f3n de romper con el Ejecutivo<\/a>. Una prueba m\u00e1s de que el bloqueo tiene un coste para el bloqueado, pero tambi\u00e9n para el que bloquea. <\/p>\n","protected":false},"excerpt":{"rendered":"La decisi\u00f3n se anunci\u00f3 en dos fases. Primero, el 27 de octubre, Carles Puigdemont dio por rota la&hellip;\n","protected":false},"author":2,"featured_media":253298,"comment_status":"","ping_status":"","sticky":false,"template":"","format":"standard","meta":{"footnotes":""},"categories":[8],"tags":[17,18,3834,1980,25,24,13,14,248,11,3837,19,20,35916,9,10,15,16,2959,21589,23,12,21,22],"class_list":{"0":"post-253297","1":"post","2":"type-post","3":"status-publish","4":"format-standard","5":"has-post-thumbnail","7":"category-espana","8":"tag-breaking-news","9":"tag-breakingnews","10":"tag-carles-puigdemont","11":"tag-cataluna","12":"tag-es","13":"tag-espana","14":"tag-featured-news","15":"tag-featurednews","16":"tag-gobierno-de-espana","17":"tag-headlines","18":"tag-juntsxcat","19":"tag-latest-news","20":"tag-latestnews","21":"tag-miriam-nogueras","22":"tag-news","23":"tag-noticias","24":"tag-noticias-destacadas","25":"tag-noticiasdestacadas","26":"tag-pedro-sanchez","27":"tag-presupuestos-generales-estado","28":"tag-spain","29":"tag-titulares","30":"tag-ultimas-noticias","31":"tag-ultimasnoticias"},"share_on_mastodon":{"url":"https:\/\/pubeurope.com\/@es\/115605103418400989","error":""},"_links":{"self":[{"href":"https:\/\/www.europesays.com\/es\/wp-json\/wp\/v2\/posts\/253297","targetHints":{"allow":["GET"]}}],"collection":[{"href":"https:\/\/www.europesays.com\/es\/wp-json\/wp\/v2\/posts"}],"about":[{"href":"https:\/\/www.europesays.com\/es\/wp-json\/wp\/v2\/types\/post"}],"author":[{"embeddable":true,"href":"https:\/\/www.europesays.com\/es\/wp-json\/wp\/v2\/users\/2"}],"replies":[{"embeddable":true,"href":"https:\/\/www.europesays.com\/es\/wp-json\/wp\/v2\/comments?post=253297"}],"version-history":[{"count":0,"href":"https:\/\/www.europesays.com\/es\/wp-json\/wp\/v2\/posts\/253297\/revisions"}],"wp:featuredmedia":[{"embeddable":true,"href":"https:\/\/www.europesays.com\/es\/wp-json\/wp\/v2\/media\/253298"}],"wp:attachment":[{"href":"https:\/\/www.europesays.com\/es\/wp-json\/wp\/v2\/media?parent=253297"}],"wp:term":[{"taxonomy":"category","embeddable":true,"href":"https:\/\/www.europesays.com\/es\/wp-json\/wp\/v2\/categories?post=253297"},{"taxonomy":"post_tag","embeddable":true,"href":"https:\/\/www.europesays.com\/es\/wp-json\/wp\/v2\/tags?post=253297"}],"curies":[{"name":"wp","href":"https:\/\/api.w.org\/{rel}","templated":true}]}}