{"id":253309,"date":"2025-11-24T14:26:11","date_gmt":"2025-11-24T14:26:11","guid":{"rendered":"https:\/\/www.europesays.com\/es\/253309\/"},"modified":"2025-11-24T14:26:11","modified_gmt":"2025-11-24T14:26:11","slug":"entrenen-vale-la-pena-as-com","status":"publish","type":"post","link":"https:\/\/www.europesays.com\/es\/253309\/","title":{"rendered":"\u201cEntrenen&#8230; vale la pena\u201d &#8211; AS.com"},"content":{"rendered":"<p class=\"\"><b>El Atl\u00e9tico se ha ejercitado esta ma\u00f1ana en las instalaciones de Majadahonda pensando ya en el choque ante el Inter.<\/b> El equipo rojiblanco se enfrenta este mi\u00e9rcoles al italiano con la idea de seguir teniendo opciones de meterse entre los ocho primeros. Simeone est\u00e1 pendiente de varios jugadores de cara a este encuentro. <\/p>\n<p class=\"\"><b>Oblak hizo trabajo en el gimnasio, mientras que Giuliano se ejercit\u00f3 en el terreno de juego junto a uno de los recuperadores del equipo rojiblanc<\/b>o. El argentino es duda para el partido y habr\u00e1 que ver si Simeone y el cuerpo t\u00e9cnico quieren arriesgar o prefieren no hacerlo y que el jugador tenga m\u00e1s descanso de cara a que sus problemas f\u00edsicos mejoren. <\/p>\n<p class=\"\"><b>Le Normand tampoco est\u00e1 disponible y al c\u00e9sped saltaron los futbolistas que no jugaron<\/b> o que lo hicieron el segundo tiempo ante el Getafe. Fue una sesi\u00f3n muy t\u00e9cnica en la que el entrenador del Atl\u00e9tico dispuso de varios mini-partidillos. <\/p>\n<p class=\"\"><b>\u201cEntrenen&#8230; merece la pena\u201d, dijo Simeone a sus jugadores en varios momentos de la sesi\u00f3n de trabajo<\/b>. El Cholo anim\u00f3 constantemente a Cardoso, quien apenas ha podido jugar esta temporada. <b>Y tambi\u00e9n a un Gallagher que tuvo pocos minutos ante el Getafe, pero que rindi\u00f3 muy bien<\/b>.<\/p>\n<p>Noticias relacionadas<a href=\"https:\/\/as.com\/futbol\/primera\/optimismo-con-oblak-tras-las-pruebas-realizadas-f202511-n\/\" class=\"s_m_w\" title=\"Al portero del Atl\u00e9tico le han realizado pruebas que descartan una lesi\u00f3n importante. Es duda para el Getafe. \" data-tb-link=\"\" rel=\"nofollow noopener\" target=\"_blank\"><img decoding=\"async\" src=\"https:\/\/www.europesays.com\/es\/wp-content\/uploads\/2025\/11\/TXI6CIHC4ZOU5JIPXCATT2LQIE.jpg\" alt=\"Optimismo con Oblak tras las pruebas realizadas\" class=\"\" height=\"9\" width=\"16\"   loading=\"lazy\" data-tb-thumbnail=\"\"\/><\/a><a href=\"https:\/\/as.com\/futbol\/primera\/gallagher-irme-soy-muy-feliz-aqui-y-quiero-ganar-titulos-con-el-atletico-f202511-n\/\" class=\"s_m_w\" title=\"El ingl\u00e9s atiende a AS en este par\u00f3n de selecciones. Admite que quiere jugar m\u00e1s minutos: \u201cNo estoy satisfecho\u201d, pero cierra las puertas a una posible salida en el mercado de invierno: \u201cQuiero ayudar al equipo\u201d.\" data-tb-link=\"\" rel=\"nofollow noopener\" target=\"_blank\"><img decoding=\"async\" src=\"https:\/\/www.europesays.com\/es\/wp-content\/uploads\/2025\/11\/5CLR2NCRQJMIPNYZTBV67ZJOII.jpg\" alt=\"Gallagher: \u201c\u00bfIrme? Soy muy feliz aqu\u00ed y quiero ganar t\u00edtulos con el Atl\u00e9tico\u201d\" class=\"\" height=\"9\" width=\"16\"   loading=\"lazy\" data-tb-thumbnail=\"\"\/><\/a><\/p>\n<p class=\"\"><b>El Atl\u00e9tico le ha ido recortando puntos al Real Madrid. Ahora se encuentra a cuatro<\/b> y el equipo ha enlazado una racha de cinco encuentros consecutivos ganando. Simeone les quiere a todos muy enchufados, muy metidos en faena.<\/p>\n<p class=\"\"><b>\u00a1Tus opiniones importan!<\/b> Comenta en los art\u00edculos y suscr\u00edbete gratis a nuestra <a href=\"https:\/\/asfan.as.com\/newsletters\/\" target=\"_blank\" rel=\"nofollow noopener\" title=\"https:\/\/asfan.as.com\/newsletters\/\">newsletter<\/a> y a las alertas informativas en la <a href=\"https:\/\/as.com\/aplicacion-de-as-n\/\" target=\"_blank\" rel=\"nofollow noopener\" title=\"https:\/\/as.com\/aplicacion-de-as-n\/\">App<\/a> o el canal de <a href=\"https:\/\/www.whatsapp.com\/channel\/0029VaAasdA7j6g745nz9M10\" target=\"_blank\" rel=\"nofollow noopener\" title=\"https:\/\/www.whatsapp.com\/channel\/0029VaAasdA7j6g745nz9M10\">WhatsApp<\/a>. \u00bfBuscas licenciar contenido? Haz clic <a href=\"https:\/\/profesional.elpais.com\/soluciones-sindicacion?utm_medium=interno&amp;utm_source=crosslinking&amp;utm_campaign=sindicacion_as_pie_articulos\" target=\"_blank\" rel=\"nofollow noopener\" title=\"https:\/\/profesional.elpais.com\/soluciones-sindicacion?utm_medium=interno&amp;utm_source=crosslinking&amp;utm_campaign=sindicacion_as_pie_articulos\">aqu\u00ed<\/a><\/p>\n","protected":false},"excerpt":{"rendered":"El Atl\u00e9tico se ha ejercitado esta ma\u00f1ana en las instalaciones de Majadahonda pensando ya en el choque ante&hellip;\n","protected":false},"author":2,"featured_media":253310,"comment_status":"","ping_status":"","sticky":false,"template":"","format":"standard","meta":{"footnotes":""},"categories":[268],"tags":[168,25,24,280,282,281,23,167],"class_list":{"0":"post-253309","1":"post","2":"type-post","3":"status-publish","4":"format-standard","5":"has-post-thumbnail","7":"category-futbol","8":"tag-deportes","9":"tag-es","10":"tag-espana","11":"tag-football","12":"tag-futbol","13":"tag-soccer","14":"tag-spain","15":"tag-sports"},"share_on_mastodon":{"url":"https:\/\/pubeurope.com\/@es\/115605142955070571","error":""},"_links":{"self":[{"href":"https:\/\/www.europesays.com\/es\/wp-json\/wp\/v2\/posts\/253309","targetHints":{"allow":["GET"]}}],"collection":[{"href":"https:\/\/www.europesays.com\/es\/wp-json\/wp\/v2\/posts"}],"about":[{"href":"https:\/\/www.europesays.com\/es\/wp-json\/wp\/v2\/types\/post"}],"author":[{"embeddable":true,"href":"https:\/\/www.europesays.com\/es\/wp-json\/wp\/v2\/users\/2"}],"replies":[{"embeddable":true,"href":"https:\/\/www.europesays.com\/es\/wp-json\/wp\/v2\/comments?post=253309"}],"version-history":[{"count":0,"href":"https:\/\/www.europesays.com\/es\/wp-json\/wp\/v2\/posts\/253309\/revisions"}],"wp:featuredmedia":[{"embeddable":true,"href":"https:\/\/www.europesays.com\/es\/wp-json\/wp\/v2\/media\/253310"}],"wp:attachment":[{"href":"https:\/\/www.europesays.com\/es\/wp-json\/wp\/v2\/media?parent=253309"}],"wp:term":[{"taxonomy":"category","embeddable":true,"href":"https:\/\/www.europesays.com\/es\/wp-json\/wp\/v2\/categories?post=253309"},{"taxonomy":"post_tag","embeddable":true,"href":"https:\/\/www.europesays.com\/es\/wp-json\/wp\/v2\/tags?post=253309"}],"curies":[{"name":"wp","href":"https:\/\/api.w.org\/{rel}","templated":true}]}}