{"id":253311,"date":"2025-11-24T14:27:16","date_gmt":"2025-11-24T14:27:16","guid":{"rendered":"https:\/\/www.europesays.com\/es\/253311\/"},"modified":"2025-11-24T14:27:16","modified_gmt":"2025-11-24T14:27:16","slug":"jordi-gonzalez-desvela-cuanto-dinero-llego-a-cobrar-en-telecinco-y-adelanta-su-jubilacion-es-mi-epilogo-seguro","status":"publish","type":"post","link":"https:\/\/www.europesays.com\/es\/253311\/","title":{"rendered":"Jordi Gonz\u00e1lez desvela cu\u00e1nto dinero lleg\u00f3 a cobrar en Telecinco, y adelanta su jubilaci\u00f3n: \u00abEs mi ep\u00edlogo, seguro\u00bb"},"content":{"rendered":"<p class=\"article-text\">\n        <strong>Jordi Gonz\u00e1lez<\/strong> est\u00e1 en plena recta final de su carrera televisiva. Una carrera larga y dichosa en lo profesional, con multitud de programas de \u00e9xito, pero tambi\u00e9n en lo econ\u00f3mico, pues al presentador no le da apuro reconocer que ha ganado mucho dinero a lo largo de su trayectoria. De hecho, acaba de desvelar en una entrevista para el diario <a href=\"https:\/\/es.ara.cat\/media\/colapso-epilogo-no-hare-programa_128_5570193.html\" target=\"_blank\" data-mrf-recirculation=\"links-noticia\" class=\"link\" rel=\"nofollow noopener\">ARA<\/a> cu\u00e1l fue el mayor sueldo que lleg\u00f3 a tener durante su etapa en <strong>Telecinco<\/strong>: \u201cEn 1999 cobraba <strong>20 millones de pesetas por programa<\/strong>\u201d. Es decir, 120.000 euros.\n    <\/p>\n<p>    <a href=\"https:\/\/www.eldiario.es\/vertele\/noticias\/pedro-ruiz-explica-vuelto-telecinco-emma-garcia-sincera-he-pensado-pedante_1_12790528.html\" data-mrf-recirculation=\"saber-mas\" data-dl-event=\"saber-mas\" rel=\"nofollow noopener\" target=\"_blank\"><\/p>\n<p class=\"know-more__title\">Pedro Ruiz explica por qu\u00e9 ha vuelto a Telecinco y Emma Garc\u00eda se \u00absincera\u00bb con \u00e9l: \u00abSiempre he pensado que eras muy pedante\u00bb<\/p>\n<p>            <img decoding=\"async\" class=\"lazy\" loading=\"lazy\" data-src=\"https:\/\/static.eldiario.es\/clip\/ba1813dc-69b9-433e-9cde-b8702f313214_16-9-aspect-ratio_default_0.jpg\" src=\"data:image\/svg+xml,%3Csvg xmlns=\" http:=\"\" viewbox=\"0 0 880 495\" alt=\"Pedro Ruiz explica por qu\u00e9 ha vuelto a Telecinco y Emma Garc\u00eda se &quot;sincera&quot; con \u00e9l: &quot;Siempre he pensado que eras muy pedante&quot;\"\/><\/p>\n<p>                        <\/a><\/p>\n<p class=\"article-text\">\n        Por aquel entonces, Gonz\u00e1lez estaba dando sus primeros pasos en Telecinco, a la que hab\u00eda llegado un a\u00f1o antes. El primer paso lo dio presentando la segunda temporada de Moros y cristianos, y justo despu\u00e9s, el programa La noche por delante. Adem\u00e1s, en aquel lejano 1999 tambi\u00e9n conduc\u00eda <strong>Les 1000 i una<\/strong>, de TV3, as\u00ed que amas\u00f3 una buena suma de dinero.\n    <\/p>\n<p class=\"article-text\">\n        \u201cYo entr\u00e9 en Telecinco en 1998 y pagaban una barbaridad. Los colaboradores, cuando iban a un programa como <strong>La noria<\/strong>, cobraban 1.500 euros. Ahora est\u00e1n pagando entre 200 y 300. Yo entr\u00e9 en Telecinco en una \u00e9poca dorada, cuando ficharon tambi\u00e9n a <strong>Ana Rosa<\/strong>, <strong>Jes\u00fas V\u00e1zquez<\/strong>, <strong>Pedro Piqueras<\/strong> y a m\u00ed. <strong>Vasile<\/strong> nos dec\u00eda que \u00e9ramos la aristocracia de la tele\u201d, cuenta sobre sus inicios en el canal de Mediaset. Eso s\u00ed, r\u00e1pidamente aclara que las cosas empezaron a cambiar muy pronto. \u201cDespu\u00e9s de los 2000, los sueldos se fueron moderando (&#8230;) Yo en el 2002 ya no cobraba tanto. Y cuando lleg\u00f3 la crisis nos recortaron a todos un 50%\u201d, asegura en este sentido.\n    <\/p>\n<p class=\"article-text\">\n        En cualquier caso, Gonz\u00e1lez ha ganado tanto dinero a lo largo de su carrera que ahora mismo sigue en televisi\u00f3n m\u00e1s por gusto que por necesidad. De hecho, \u201chace ya tiempo\u201d que comunic\u00f3 a su c\u00edrculo m\u00e1s cercano que<strong> iba a jubilarse<\/strong>, sobre todo despu\u00e9s de la grave enfermedad que le tuvo al borde de la muerte a principios de a\u00f1o. \u201cTengo cuartos, no tengo hijos, pues adelante\u201d, era su pensamiento hasta que TV3 le llam\u00f3 para presentar Col\u00b7lapse y aplaz\u00f3 su retirada con alegr\u00eda: \u201cEs un programa con reputaci\u00f3n, audiencia, solvente, en Catalu\u00f1a y en catal\u00e1n. Adem\u00e1s, no solo presento, sino que tambi\u00e9n soy director.\u00a0Pens\u00e9: &#8216;C\u00f3gelo porque es una manera muy satisfactoria de acabar una carrera&#8217;.\u201d\n    <\/p>\n<p>    <a href=\"https:\/\/www.eldiario.es\/vertele\/series\/ena-rtve-serie-javier-olivares-ataque-directo-eliminar-competidora-ficcion-la-1_1_12781512.html\" data-mrf-recirculation=\"saber-mas-abajo\" data-dl-event=\"saber-mas-abajo\" rel=\"nofollow noopener\" target=\"_blank\"><\/p>\n<p class=\"know-more__title\">La 1 estrena &#8216;ENA&#8217; y Olivares denuncia el \u201cataque directo\u201d a RTVE: \u201cQuieren eliminarla como competidora de ficci\u00f3n\u201d\n<\/p>\n<p>            <img decoding=\"async\" class=\"lazy\" loading=\"lazy\" data-src=\"https:\/\/static.eldiario.es\/clip\/de44e753-c781-44fd-b1b8-69cf1e65fe0c_16-9-aspect-ratio_default_0.jpg\" src=\"data:image\/svg+xml,%3Csvg xmlns=\" http:=\"\" viewbox=\"0 0 880 495\" alt=\"La 1 estrena 'ENA' y Olivares denuncia el &quot;ataque directo&quot; a RTVE: &quot;Quieren eliminarla como competidora de ficci\u00f3n&quot;\"\/><\/p>\n<p>                        <\/a><\/p>\n<p class=\"article-text\">\n        Y as\u00ed ser\u00e1, pues \u00e9l lo tiene clar\u00edsimo: \u201c<strong>Es mi ep\u00edlogo, seguro<\/strong>. Lo podemos escribir ante notario. Puede durar tres meses o tres a\u00f1os, pero <strong>no har\u00e9 otro programa<\/strong>\u201d. Otra cosa que tiene clara es lo que har\u00e1 cuando se jubile: \u201cAl d\u00eda siguiente ir\u00e9 a Jap\u00f3n, que todav\u00eda no he ido. Y\u00a0quiero aprender ingl\u00e9s y aprender a cocinar. Son las cosas que me propuse cuando ten\u00eda 40 a\u00f1os y que todav\u00eda no he podido hacer.\u201d\n    <\/p>\n","protected":false},"excerpt":{"rendered":"Jordi Gonz\u00e1lez est\u00e1 en plena recta final de su carrera televisiva. Una carrera larga y dichosa en lo&hellip;\n","protected":false},"author":2,"featured_media":253312,"comment_status":"","ping_status":"","sticky":false,"template":"","format":"standard","meta":{"footnotes":""},"categories":[174],"tags":[294,255,10190,4083,534,146,147,5482,25,24,256,44752,8881,17359,4760,23,692],"class_list":{"0":"post-253311","1":"post","2":"type-post","3":"status-publish","4":"format-standard","5":"has-post-thumbnail","7":"category-famosos","8":"tag-adelanta","9":"tag-celebrities","10":"tag-cobrar","11":"tag-desvela","12":"tag-dinero","13":"tag-entertainment","14":"tag-entretenimiento","15":"tag-epilogo","16":"tag-es","17":"tag-espana","18":"tag-famosos","19":"tag-jordi-gonzalez","20":"tag-jubilacion","21":"tag-llego","22":"tag-seguro","23":"tag-spain","24":"tag-telecinco"},"share_on_mastodon":{"url":"https:\/\/pubeurope.com\/@es\/115605146410814148","error":""},"_links":{"self":[{"href":"https:\/\/www.europesays.com\/es\/wp-json\/wp\/v2\/posts\/253311","targetHints":{"allow":["GET"]}}],"collection":[{"href":"https:\/\/www.europesays.com\/es\/wp-json\/wp\/v2\/posts"}],"about":[{"href":"https:\/\/www.europesays.com\/es\/wp-json\/wp\/v2\/types\/post"}],"author":[{"embeddable":true,"href":"https:\/\/www.europesays.com\/es\/wp-json\/wp\/v2\/users\/2"}],"replies":[{"embeddable":true,"href":"https:\/\/www.europesays.com\/es\/wp-json\/wp\/v2\/comments?post=253311"}],"version-history":[{"count":0,"href":"https:\/\/www.europesays.com\/es\/wp-json\/wp\/v2\/posts\/253311\/revisions"}],"wp:featuredmedia":[{"embeddable":true,"href":"https:\/\/www.europesays.com\/es\/wp-json\/wp\/v2\/media\/253312"}],"wp:attachment":[{"href":"https:\/\/www.europesays.com\/es\/wp-json\/wp\/v2\/media?parent=253311"}],"wp:term":[{"taxonomy":"category","embeddable":true,"href":"https:\/\/www.europesays.com\/es\/wp-json\/wp\/v2\/categories?post=253311"},{"taxonomy":"post_tag","embeddable":true,"href":"https:\/\/www.europesays.com\/es\/wp-json\/wp\/v2\/tags?post=253311"}],"curies":[{"name":"wp","href":"https:\/\/api.w.org\/{rel}","templated":true}]}}