{"id":253315,"date":"2025-11-24T14:30:19","date_gmt":"2025-11-24T14:30:19","guid":{"rendered":"https:\/\/www.europesays.com\/es\/253315\/"},"modified":"2025-11-24T14:30:19","modified_gmt":"2025-11-24T14:30:19","slug":"todo-sobre-stranger-things-5-fecha-hora-de-estreno-trailer-y-reparto-de-la-ultima-temporada-de-la-serie-de-netflix","status":"publish","type":"post","link":"https:\/\/www.europesays.com\/es\/253315\/","title":{"rendered":"Todo sobre \u2018Stranger Things 5\u2019: fecha, hora de estreno, tr\u00e1iler y reparto de la \u00faltima temporada de la serie de Netflix"},"content":{"rendered":"<p class=\"\">Ha llovido mucho desde 2016, a\u00f1o en el que Will Byers, un ni\u00f1o del pueblo de Hawkins, desapareci\u00f3 sin dejar rastro. M\u00e1s adelante, sus amigos descubrieron que estaba en el Mundo del Rev\u00e9s, un lugar horrible que repleto de monstruos. Ahora, la que para muchos es la mejor serie de Netflix est\u00e1 a punto de volver para poner punto y final a la historia, pues <b>\u2018<\/b><a href=\"https:\/\/as.com\/meristation\/series\/los-protagonistas-de-stranger-things-se-pronuncian-sobre-el-final-de-sus-personajes-y-anticipan-cambios-que-no-gustaran-a-todos-f202511-n\/\" target=\"_blank\" rel=\"noreferrer nofollow noopener\" title=\"https:\/\/as.com\/meristation\/series\/los-protagonistas-de-stranger-things-se-pronuncian-sobre-el-final-de-sus-personajes-y-anticipan-cambios-que-no-gustaran-a-todos-f202511-n\/\"><b>Stranger Things 5<\/b><\/a><b>\u2032 se estrena el d\u00eda 26 de noviembre de 2025<\/b>. \u00bfDamos un repaso a todo lo que hay que saber sobre la \u00faltima temporada?<\/p>\n<p><b>Fecha de estreno de \u2018Stranger Things 5\u2019<\/b><\/p>\n<ul>\n<li><b>Parte 1<\/b> &#8211; 26 de noviembre de 2025: episodios 1, 2, 3 y 4<\/li>\n<li><b>Parte 2<\/b> &#8211; 25 de diciembre de 2025: episodios 5 y 6<\/li>\n<li><b>Parte 3<\/b> &#8211; 31 de diciembre de 2025: episodio 7 (final)<\/li>\n<\/ul>\n<p class=\"\">Como puedes ver, la quinta temporada no estar\u00e1 disponible al completo desde el primer d\u00eda, ya que sus creadores han decidido mantener la expectaci\u00f3n al m\u00e1ximo durante todo un mes. <a href=\"https:\/\/as.com\/meristation\/series\/stranger-things-y-su-final-estan-malditos-y-seran-basicamente-8-peliculas-n\/\" target=\"_blank\" rel=\"noreferrer nofollow noopener\" title=\"https:\/\/as.com\/meristation\/series\/stranger-things-y-su-final-estan-malditos-y-seran-basicamente-8-peliculas-n\/\">\u00a1El d\u00eda de Nochevieja va a ser hist\u00f3rico!<\/a><\/p>\n<p><b>\u00bfA qu\u00e9 hora se estrena la nueva temporada de \u2018Stranger Things 5\u2032?<\/b><\/p>\n<p class=\"\">En Espa\u00f1a,<b> los tres actos de la nueva temporada llegar\u00e1n a Netflix a las 2:00 de la madrugada<\/b>, obligando a los seguidores a trasnochar si quieren ver el estreno desde el primer minuto.<\/p>\n<p><b>Tr\u00e1iler de la quinta temporada de \u2018Stranger Things 5\u2032<\/b><b>Reparto de \u2018Stranger Things 5\u2032<\/b><\/p>\n<ul>\n<li><b>Millie Bobby Brown<\/b> (Once)<\/li>\n<li><b>Finn Wolfhard<\/b> como (Mike)<\/li>\n<li><b>Noah Schnapp<\/b> como (Will Byers)<\/li>\n<li><b>Gaten Matarazzo<\/b> como (Dustin Henderson)<\/li>\n<li><b>Caleb McLaughlin<\/b> como (Lucas Sinclair)<\/li>\n<li><b>David Harbour<\/b> como (Jim Hopper)<\/li>\n<li><b>Winona Ryder<\/b> como (Joyce Byers)<\/li>\n<li><b>Sadie Sink<\/b> como (Max Mayfield)<\/li>\n<li><b>Natalia Dyer<\/b> como (Nancy Wheeler)<\/li>\n<li><b>Charlie Heaton<\/b> como (Jonathan Byers)<\/li>\n<li><b>Joe Keery<\/b> como (Steve Harrington)<\/li>\n<li><b>Maya Hawke<\/b> como (Robin Buckley)<\/li>\n<li><b>Priah Ferguson<\/b> (Erica Sinclair)<\/li>\n<li><b>Brett Gelman<\/b> (Murray Bauman)<\/li>\n<\/ul>\n<p><img decoding=\"async\" src=\"https:\/\/www.europesays.com\/es\/wp-content\/uploads\/2025\/11\/1763994619_505_EYI27XBJK5AZDN4I3F6YYLZ6KY.jpg\" alt=\"Todo sobre \u2018Stranger Things 5\u2019: fecha, hora de estreno, tr\u00e1iler y reparto de la \u00faltima temporada de la serie de Netflix\" height=\"675\" width=\"1200\"   loading=\"lazy\"\/><b>\u2018Stranger Things\u2019 volver\u00e1 en 2026<\/b><\/p>\n<p class=\"\">S\u00ed, la serie est\u00e1 a punto de terminar, pero lo que ya es toda una franquicia tiene cuerda para rato. Sin ir m\u00e1s lejos, Netflix ya tiene preparada <b>una nueva serie de animaci\u00f3n de \u2018Stranger Things\u2019 para 2026<\/b>. Se llama <b>\u2018Relatos del 85\u2032<\/b> y aqu\u00ed tienes <a href=\"https:\/\/as.com\/meristation\/series\/primer-trailer-de-stranger-things-relatos-del-85-la-nueva-serie-de-netflix-ambientada-en-hawkins-f202511-v\/\" target=\"_blank\" rel=\"noreferrer nofollow noopener\" title=\"https:\/\/as.com\/meristation\/series\/primer-trailer-de-stranger-things-relatos-del-85-la-nueva-serie-de-netflix-ambientada-en-hawkins-f202511-v\/\">toda la informaci\u00f3n sobre d\u00f3nde y cu\u00e1ndo se ambienta<\/a>.<\/p>\n<p>Noticias relacionadas<\/p>\n<p class=\"\">Suscr\u00edbete al <a href=\"https:\/\/www.youtube.com\/@meristation\" target=\"_self\" rel=\"nofollow noopener\" title=\"https:\/\/www.youtube.com\/@meristation\">canal de MeriStation en YouTube<\/a>, tu web de videojuegos y entretenimiento para conocer todas las noticias y novedades sobre el mundo del videojuego, cine, series, manga y anime. An\u00e1lisis, entrevistas, tr\u00e1ileres, gameplays, p\u00f3dcast y mucho m\u00e1s. Tambi\u00e9n te animamos a seguir <a href=\"https:\/\/www.tiktok.com\/@meristation\" rel=\"nofollow noopener\" title=\"https:\/\/www.tiktok.com\/@meristation\" target=\"_blank\">nuestra cuenta de TikTok<\/a>. <\/p>\n<p class=\"\">\u00a1S\u00edguenos en ambas y, si est\u00e1s interesado en licenciar este contenido, pincha <a href=\"https:\/\/profesional.elpais.com\/landing-sindicacion\/?utm_medium=interno&amp;utm_source=crosslinking&amp;utm_campaign=sindicacion_as_pie_articulos\" target=\"_blank\" rel=\"nofollow noopener\" title=\"https:\/\/profesional.elpais.com\/landing-sindicacion\/?utm_medium=interno&amp;utm_source=crosslinking&amp;utm_campaign=sindicacion_as_pie_articulos\">aqu\u00ed<\/a>!<\/p>\n<p><script async src=\"\/\/www.tiktok.com\/embed.js\"><\/script><\/p>\n","protected":false},"excerpt":{"rendered":"Ha llovido mucho desde 2016, a\u00f1o en el que Will Byers, un ni\u00f1o del pueblo de Hawkins, desapareci\u00f3&hellip;\n","protected":false},"author":2,"featured_media":243042,"comment_status":"","ping_status":"","sticky":false,"template":"","format":"standard","meta":{"footnotes":""},"categories":[171],"tags":[146,147,25,24,23,214],"class_list":{"0":"post-253315","1":"post","2":"type-post","3":"status-publish","4":"format-standard","5":"has-post-thumbnail","7":"category-tv","8":"tag-entertainment","9":"tag-entretenimiento","10":"tag-es","11":"tag-espana","12":"tag-spain","13":"tag-tv"},"share_on_mastodon":{"url":"https:\/\/pubeurope.com\/@es\/115605158668397786","error":""},"_links":{"self":[{"href":"https:\/\/www.europesays.com\/es\/wp-json\/wp\/v2\/posts\/253315","targetHints":{"allow":["GET"]}}],"collection":[{"href":"https:\/\/www.europesays.com\/es\/wp-json\/wp\/v2\/posts"}],"about":[{"href":"https:\/\/www.europesays.com\/es\/wp-json\/wp\/v2\/types\/post"}],"author":[{"embeddable":true,"href":"https:\/\/www.europesays.com\/es\/wp-json\/wp\/v2\/users\/2"}],"replies":[{"embeddable":true,"href":"https:\/\/www.europesays.com\/es\/wp-json\/wp\/v2\/comments?post=253315"}],"version-history":[{"count":0,"href":"https:\/\/www.europesays.com\/es\/wp-json\/wp\/v2\/posts\/253315\/revisions"}],"wp:featuredmedia":[{"embeddable":true,"href":"https:\/\/www.europesays.com\/es\/wp-json\/wp\/v2\/media\/243042"}],"wp:attachment":[{"href":"https:\/\/www.europesays.com\/es\/wp-json\/wp\/v2\/media?parent=253315"}],"wp:term":[{"taxonomy":"category","embeddable":true,"href":"https:\/\/www.europesays.com\/es\/wp-json\/wp\/v2\/categories?post=253315"},{"taxonomy":"post_tag","embeddable":true,"href":"https:\/\/www.europesays.com\/es\/wp-json\/wp\/v2\/tags?post=253315"}],"curies":[{"name":"wp","href":"https:\/\/api.w.org\/{rel}","templated":true}]}}