{"id":253322,"date":"2025-11-24T14:34:10","date_gmt":"2025-11-24T14:34:10","guid":{"rendered":"https:\/\/www.europesays.com\/es\/253322\/"},"modified":"2025-11-24T14:34:10","modified_gmt":"2025-11-24T14:34:10","slug":"una-vacuna-libera-de-un-raro-cancer-de-higado-sin-tratamiento-a-9-pacientes","status":"publish","type":"post","link":"https:\/\/www.europesays.com\/es\/253322\/","title":{"rendered":"Una vacuna libera de un raro c\u00e1ncer de h\u00edgado sin tratamiento a 9 pacientes"},"content":{"rendered":"<p style=\"\">Una vacuna experimental ha mostrado resultados muy prometedores en un ensayo cl\u00ednico de fase I realizado en 16 pacientes afectados de un tipo extremadamente infrecuente de c\u00e1ncer de h\u00edgado que afecta sobre todo a ni\u00f1os y adultos j\u00f3venes. <\/p>\n<p style=\"\">El estudio, liderado por investigadores de <a href=\"https:\/\/www.stjude.org\/\" target=\"_self\" data-voc-vtm-id=\"in-text-traffic\" title=\"Johns Hopkins y del St. Jude Children&#039;s Research Hospital\" data-mrf-link=\"www.stjude.org\" rel=\"nofollow noopener\">Johns Hopkins y del St. Jude Children&#8217;s Research Hospital<\/a> &#8230; , mostr\u00f3 que el 75% de los participantes (9 pacientes) con carcinoma fibrolamelar (FLC) lograron controlar la enfermedad, ya fuera mediante estabilizaci\u00f3n tumoral o respuestas inmunitarias medibles. <\/p>\n<p class=\"voc-p\" style=\"\">Tres pacientes (25%) obtuvieron respuestas profundas y se consideran actualmente libres de c\u00e1ncer, entre ellos un ni\u00f1o de 13 a\u00f1os que alcanz\u00f3 una respuesta casi completa y continu\u00f3 con inmunoterapia durante dos a\u00f1os.<\/p>\n<p class=\"voc-p\" style=\"\">Los resultados se publican en la revista &#8216;<a href=\"https:\/\/www.nature.com\/nm\/\" target=\"_self\" data-voc-vtm-id=\"in-text-traffic\" title=\"Nature Medicine\" data-mrf-link=\"www.nature.com\" rel=\"nofollow noopener\">Nature Medicine<\/a>&#8216;.<\/p>\n<p class=\"voc-p\" style=\"\">La mayor\u00eda de los participantes ya hab\u00eda recibido al menos una l\u00ednea de quimioterapia sin \u00e9xito. En uno de los casos, la combinaci\u00f3n de la vacuna con inmunoterapia permiti\u00f3 la extirpaci\u00f3n quir\u00fargica del tumor, algo que antes del tratamiento se consideraba inviable debido al dolor y la progresi\u00f3n de la enfermedad. El paciente mostr\u00f3 mejor\u00eda en los primeros meses de participar en el ensayo.<\/p>\n<p class=\"voc-p\" style=\"\">\u00abLos resultados son extraordinarios\u00bb, afirma el coautor del estudio, <a href=\"https:\/\/profiles.hopkinsmedicine.org\/provider\/mark-yarchoan\/2705259\" target=\"_self\" data-voc-vtm-id=\"in-text-traffic\" title=\"Mark Yarchoan\" data-mrf-link=\"profiles.hopkinsmedicine.org\" rel=\"nofollow noopener\">Mark Yarchoan<\/a>, profesor asociado de Oncolog\u00eda en la Facultad de Medicina de la Universidad Johns Hopkins. \u00abVer respuestas tan profundas y duraderas, y que los pacientes puedan alcanzar hitos importantes en sus vidas, resulta tremendamente alentador\u00bb.<\/p>\n<p class=\"voc-title\">La enfermedad carece de tratamientos  y presenta un pron\u00f3stico  desfavorable cuando el tumor no se puede operar<\/p>\n<p class=\"voc-p\" style=\"\">El carcinoma fibrolamelar es un c\u00e1ncer de h\u00edgado muy raro, representando entre el 1% y el 5% de todos los carcinomas hepatocelulares. Su incidencia se estima en aproximadamente 0,02 casos por cada 100,000 personas por a\u00f1o, y suele afectar a adultos j\u00f3venes y adolescentes sin enfermedad hep\u00e1tica previa. explica la autora principal del estudio, <a href=\"https:\/\/profiles.hopkinsmedicine.org\/provider\/marina-baretti\/2708392\" target=\"_self\" data-voc-vtm-id=\"in-text-traffic\" title=\"Marina Baretti\" data-mrf-link=\"profiles.hopkinsmedicine.org\" rel=\"nofollow noopener\">Marina Baretti<\/a>, profesora asistente de Oncolog\u00eda en Johns Hopkins. \u00abLa enfermedad carece de tratamientos aprobados y presenta un pron\u00f3stico especialmente desfavorable cuando el tumor no se puede operar\u00bb.<\/p>\n<p class=\"voc-p\" style=\"\">Lo que convierte al FLC en un candidato ideal para una vacuna es la presencia, en todos los pacientes, de una misma alteraci\u00f3n gen\u00e9tica: la fusi\u00f3n de las prote\u00ednas DNAJB1 y PRKACA, que act\u00faa como impulsor tumoral. Esta caracter\u00edstica com\u00fan permite dise\u00f1ar una vacuna universal dirigida a ese objetivo molecular, se\u00f1ala Yarchoan.<\/p>\n<p class=\"voc-p\" style=\"\">El ensayo, desarrollado entre abril de 2020 y septiembre de 2022, incluy\u00f3 16 pacientes de 12 a\u00f1os en adelante con tumores no resecables. Tras varias retiradas, 12 pacientes completaron la evaluaci\u00f3n. El tratamiento constaba de una fase de inducci\u00f3n de 10 semanas y una fase de mantenimiento de hasta dos a\u00f1os, combinada con f\u00e1rmacos inhibidores de puntos de control inmunitario usados en otros c\u00e1nceres hep\u00e1ticos.<\/p>\n<p class=\"voc-p\" style=\"\">La vacuna mostr\u00f3 un perfil de <strong>seguridad favorable<\/strong>; los efectos adversos m\u00e1s comunes fueron reacciones en el lugar de la inyecci\u00f3n, cefaleas y fatiga.<\/p>\n<p class=\"voc-p\" style=\"\">Los investigadores ya trabajan en la ampliaci\u00f3n del estudio y en la preparaci\u00f3n de un ensayo cl\u00ednico de mayor envergadura.<\/p>\n","protected":false},"excerpt":{"rendered":"Una vacuna experimental ha mostrado resultados muy prometedores en un ensayo cl\u00ednico de fase I realizado en 16&hellip;\n","protected":false},"author":2,"featured_media":253323,"comment_status":"","ping_status":"","sticky":false,"template":"","format":"standard","meta":{"footnotes":""},"categories":[92],"tags":[1066,25,24,165,6550,63964,63963,1817,166,23,8177],"class_list":{"0":"post-253322","1":"post","2":"type-post","3":"status-publish","4":"format-standard","5":"has-post-thumbnail","7":"category-salud","8":"tag-cancer","9":"tag-es","10":"tag-espana","11":"tag-health","12":"tag-higado","13":"tag-infrecuente","14":"tag-libera","15":"tag-pacientes","16":"tag-salud","17":"tag-spain","18":"tag-vacuna"},"share_on_mastodon":{"url":"https:\/\/pubeurope.com\/@es\/115605174106231947","error":""},"_links":{"self":[{"href":"https:\/\/www.europesays.com\/es\/wp-json\/wp\/v2\/posts\/253322","targetHints":{"allow":["GET"]}}],"collection":[{"href":"https:\/\/www.europesays.com\/es\/wp-json\/wp\/v2\/posts"}],"about":[{"href":"https:\/\/www.europesays.com\/es\/wp-json\/wp\/v2\/types\/post"}],"author":[{"embeddable":true,"href":"https:\/\/www.europesays.com\/es\/wp-json\/wp\/v2\/users\/2"}],"replies":[{"embeddable":true,"href":"https:\/\/www.europesays.com\/es\/wp-json\/wp\/v2\/comments?post=253322"}],"version-history":[{"count":0,"href":"https:\/\/www.europesays.com\/es\/wp-json\/wp\/v2\/posts\/253322\/revisions"}],"wp:featuredmedia":[{"embeddable":true,"href":"https:\/\/www.europesays.com\/es\/wp-json\/wp\/v2\/media\/253323"}],"wp:attachment":[{"href":"https:\/\/www.europesays.com\/es\/wp-json\/wp\/v2\/media?parent=253322"}],"wp:term":[{"taxonomy":"category","embeddable":true,"href":"https:\/\/www.europesays.com\/es\/wp-json\/wp\/v2\/categories?post=253322"},{"taxonomy":"post_tag","embeddable":true,"href":"https:\/\/www.europesays.com\/es\/wp-json\/wp\/v2\/tags?post=253322"}],"curies":[{"name":"wp","href":"https:\/\/api.w.org\/{rel}","templated":true}]}}