{"id":253324,"date":"2025-11-24T14:35:12","date_gmt":"2025-11-24T14:35:12","guid":{"rendered":"https:\/\/www.europesays.com\/es\/253324\/"},"modified":"2025-11-24T14:35:12","modified_gmt":"2025-11-24T14:35:12","slug":"el-centro-andaluz-de-las-letras-colabora-en-el-ciclo-la-hora-del-cuento-en-el-que-participan-elvira-navarro-eloy-tizon-y-marina-perezagua-noticias","status":"publish","type":"post","link":"https:\/\/www.europesays.com\/es\/253324\/","title":{"rendered":"El Centro Andaluz de las Letras colabora en el ciclo \u2018La hora del cuento\u2019 en el que participan Elvira Navarro, Eloy Tiz\u00f3n y Marina Perezagua &#8211; Noticias"},"content":{"rendered":"<p class=\"western\"><img decoding=\"async\" alt=\"Elvira Navarro, escritora y Premio Andaluc\u00eda de la Cr\u00edtica\" data-entity-type=\"file\" data-entity-uuid=\"82165279-d994-41b7-8ee5-ff9c940de4ca\" src=\"https:\/\/www.europesays.com\/es\/wp-content\/uploads\/2025\/11\/Elvira Navarro @Random_2_0.jpg\"\/><\/p>\n<p class=\"western\"><strong>Elvira Navarro<\/strong>, escritora y Premio Andaluc\u00eda de la Cr\u00edtica.<\/p>\n<p class=\"western\">El Centro Andaluz de las Letras, dependiente de la Consejer\u00eda de Cultura y Deporte y gestionado a trav\u00e9s de la Agencia Andaluza de Instituciones Culturales, invita en C\u00e1diz a adentrarse en el cuento y la evoluci\u00f3n de este g\u00e9nero de la mano de grandes nombres como Elvira Navarro, Eloy Tiz\u00f3n y Marina Perezagua. Las citas se desarrollar\u00e1n en el Espacio de Cultura Contempor\u00e1nea ECCO entre ma\u00f1ana martes 25 de noviembre y el pr\u00f3ximo viernes, d\u00eda 28. Estas actividades se enmarcan en las XIV Jornadas de la Fundaci\u00f3n Ory \u2018La hora del cuento\u2019, que se est\u00e1n celebrando en colaboraci\u00f3n con el Ministerio de Cultura y la Fundaci\u00f3n Municipal de Cultura del Ayuntamiento de C\u00e1diz. <\/p>\n<p class=\"western\"><strong>Elvira Navarro<\/strong>, escritora y Premio Andaluc\u00eda de la Cr\u00edtica, conversar\u00e1 el martes 25 de noviembre junto a Daniel Ruiz sobre los cuentos de Ignacio Aldecoa, autor al que la Fundaci\u00f3n Carlos Edmundo de Ory dedica la presente edici\u00f3n de las jornadas. El encuentro comenzar\u00e1 a las 19 horas para todos los p\u00fablicos. Al d\u00eda siguiente, mi\u00e9rcoles, Navarro dialogar\u00e1 con estudiantes de secundaria sobre su \u00faltimo libro de relatos \u2018La sangre est\u00e1 cayendo al patio\u2019 a las 11 horas. Ambas actividades tienen entrada libre hasta completar el aforo. <\/p>\n<p class=\"western\">Navarro se convirti\u00f3 en una de las voces de referencia de la literatura contempor\u00e1nea en espa\u00f1ol tras la publicaci\u00f3n de \u2018La trabajadora\u2019 en 2014, novela que narra la descomposici\u00f3n del sujeto actual por la crisis. En 2010 form\u00f3 parte de la lista de los 22 mejores narradores en lengua espa\u00f1ola menores de treinta y cinco a\u00f1os de la revista \u2018Granta\u2019. Su libro de cuentos \u2018La isla de los conejos\u2019 fue nominado al National Book Award de literatura extranjera y por \u2018Las voces de Adriana\u2019 cosech\u00f3 el Premio C\u00e1lamo Extraordinario 2023. Daniel Ruiz es escritor y periodista. Inici\u00f3 su carrera con \u2018Chatarra\u2019, Premio de Novela Corta de la Universidad Polit\u00e9cnica de Madrid, que inspir\u00f3 un corto cinematogr\u00e1fico preseleccionado para los Oscar en 2006. Ha publicado diversas novelas, entre ellas \u2018La gran ola\u2019, Premio Tusquets de Novela; posteriormente sac\u00f3 a la luz un tr\u00edptico de historias, \u2018Maleza\u2019, \u2018El calentamiento global\u2019 y \u2018Amigos para siempre\u2019. Su \u00faltimo libro es \u2018Mosturito\u2019.<\/p>\n<p class=\"western\">La siguiente velada literaria contar\u00e1 con Eloy Tiz\u00f3n, autor de \u2018Velocidad de los jardines\u2019, considerado uno de los mejores libros de cuentos de la literatura espa\u00f1ola del siglo XX. Bajo el t\u00edtulo \u2018Iluminaciones y alumbramientos\u2019 conversar\u00e1 con Andr\u00e9s Neuman el mi\u00e9rcoles 26 de noviembre a las 20 horas. <\/p>\n<p class=\"western\"><strong>Eloy Tiz\u00f3n<\/strong> es autor de tres libros de cuentos y de tres novelas. Ha sido incluido entre los mejores narradores europeos en la antolog\u00eda \u2018Best European Fiction 2013\u2019. Sus obras forman parte de diversas antolog\u00edas y han sido traducidas a varios idiomas. Neuman, por su parte, es otro exponente del cuento. Es autor de los libros de cuentos \u2018Alumbramiento\u2019 y \u2018Hacerse el muerto\u2019; y de las novelas \u2018Bariloche\u2019, Premio Herralde, y \u2018El viajero del siglo\u2019, Premio de la Cr\u00edtica. Cuenta adem\u00e1s con el premio Hiperi\u00f3n de Poes\u00eda y es miembro de la lista Bogot\u00e1-39.<\/p>\n<p class=\"western\">La \u00faltima aportaci\u00f3n del Centro a las Jornadas \u2018La hora del cuento\u2019 ser\u00e1 un di\u00e1logo entre la autora de relatos y novelas Marina Perezagua con el escritor Carlos Cast\u00e1n. Ambos disertar\u00e1n sobre el g\u00e9nero en una intervenci\u00f3n titulada \u2018El aroma de lo oscuro\u2019 con la moderaci\u00f3n de Mercedes Duque Espiau el viernes 28 de noviembre las 19.30 horas. <\/p>\n<p class=\"western\"><strong>Marina Perezagua<\/strong> es autora de las colecciones de relatos \u2018Criaturas abisales\u2019 y \u2018Leche\u2019, as\u00ed como de las novelas \u2018Yoro\u2019, \u2018Don Quijote en Manhattan\u2019, \u2018Seis formas de morir en Texas\u2019 y \u2018La playa\u2019. Su obra ha sido traducida a nueve idiomas y es colaboradora de \u2018El Pa\u00eds\u2019. <\/p>\n<p class=\"western\">\u2018La hora del cuento\u2019 recupera la memoria literaria de Aldecoa y Ory, al tiempo que conecta esa tradici\u00f3n con la narrativa contempor\u00e1nea. La propuesta combina reflexi\u00f3n acad\u00e9mica, creatividad educativa y espect\u00e1culos culturales con objetivo de trazar una panor\u00e1mica del cuento en espa\u00f1ol desde el medio siglo hasta nuestros d\u00edas con especialistas y autores contempor\u00e1neos de gran relevancia. <\/p>\n<p class=\"western\"><strong>Todos los autores y actividades<\/strong> pueden consultarte en la web de las jornadas y en <a href=\"http:\/\/www.centroandaluzdelasletras.es\/\" rel=\"nofollow noopener\" target=\"_blank\">www.centroandaluzdelasletras.es<\/a>. <\/p>\n","protected":false},"excerpt":{"rendered":"Elvira Navarro, escritora y Premio Andaluc\u00eda de la Cr\u00edtica. El Centro Andaluz de las Letras, dependiente de la&hellip;\n","protected":false},"author":2,"featured_media":253325,"comment_status":"","ping_status":"","sticky":false,"template":"","format":"standard","meta":{"footnotes":""},"categories":[91],"tags":[146,147,25,24,5131,23],"class_list":{"0":"post-253324","1":"post","2":"type-post","3":"status-publish","4":"format-standard","5":"has-post-thumbnail","7":"category-entretenimiento","8":"tag-entertainment","9":"tag-entretenimiento","10":"tag-es","11":"tag-espana","12":"tag-letras","13":"tag-spain"},"share_on_mastodon":{"url":"https:\/\/pubeurope.com\/@es\/115605178284986919","error":""},"_links":{"self":[{"href":"https:\/\/www.europesays.com\/es\/wp-json\/wp\/v2\/posts\/253324","targetHints":{"allow":["GET"]}}],"collection":[{"href":"https:\/\/www.europesays.com\/es\/wp-json\/wp\/v2\/posts"}],"about":[{"href":"https:\/\/www.europesays.com\/es\/wp-json\/wp\/v2\/types\/post"}],"author":[{"embeddable":true,"href":"https:\/\/www.europesays.com\/es\/wp-json\/wp\/v2\/users\/2"}],"replies":[{"embeddable":true,"href":"https:\/\/www.europesays.com\/es\/wp-json\/wp\/v2\/comments?post=253324"}],"version-history":[{"count":0,"href":"https:\/\/www.europesays.com\/es\/wp-json\/wp\/v2\/posts\/253324\/revisions"}],"wp:featuredmedia":[{"embeddable":true,"href":"https:\/\/www.europesays.com\/es\/wp-json\/wp\/v2\/media\/253325"}],"wp:attachment":[{"href":"https:\/\/www.europesays.com\/es\/wp-json\/wp\/v2\/media?parent=253324"}],"wp:term":[{"taxonomy":"category","embeddable":true,"href":"https:\/\/www.europesays.com\/es\/wp-json\/wp\/v2\/categories?post=253324"},{"taxonomy":"post_tag","embeddable":true,"href":"https:\/\/www.europesays.com\/es\/wp-json\/wp\/v2\/tags?post=253324"}],"curies":[{"name":"wp","href":"https:\/\/api.w.org\/{rel}","templated":true}]}}