{"id":253338,"date":"2025-11-24T14:46:08","date_gmt":"2025-11-24T14:46:08","guid":{"rendered":"https:\/\/www.europesays.com\/es\/253338\/"},"modified":"2025-11-24T14:46:08","modified_gmt":"2025-11-24T14:46:08","slug":"vinegaard-replica-a-pedersen-por-los-criteriums-siguen-siendo-competiciones","status":"publish","type":"post","link":"https:\/\/www.europesays.com\/es\/253338\/","title":{"rendered":"Vinegaard replica a Pedersen por los Crit\u00e9riums: \u00abSiguen siendo competiciones\u00bb"},"content":{"rendered":"<p data-mrf-recirculation=\"Links P\u00e1rrafos\" class=\"ue-c-article__paragraph paragraph ue-c-article--first-letter-highlighted\">Los <strong>crit\u00e9riums ciclistas<\/strong> suelen ser las pruebas que abrochan las temporadas. Una actividad l\u00fadica y a menudo lucrativa que acerca el ciclismo y sus estrellas a mercados que tienen un acceso imposible a las bicis profesionales durante los extenuantes meses de competici\u00f3n.\u00a0<\/p>\n<p>As\u00ed fue el triunfo de Vingegaard en el Criterium de Saitama 2025ASO<\/p>\n<p data-mrf-recirculation=\"Links P\u00e1rrafos\" class=\"ue-c-article__paragraph paragraph\"><strong>Mads Pedersen <\/strong><a href=\"https:\/\/www.marca.com\/ciclismo\/2025\/11\/15\/pedersen-carga-costumbre-arraigada-ciclismo-son-horribles.html\" rel=\"nofollow noopener\" target=\"_blank\">critic\u00f3 en su podcast, Lang Distance, <\/a>este tipo de eventos aludiendo a la falta de competencia por parte de los contendientes: \u00abSon horribles.\u00a0Al final se trata de ponerse un casco tuneado, hacer un par de gestos para la grada y poco m\u00e1s. <strong>Para eso est\u00e1n.\u00a0Lo he rechazado varias veces.<\/strong> Nunca se debe decir nunca, pero es lo \u00faltimo que quiero a final de temporada\u00bb.<\/p>\n<p data-mrf-recirculation=\"Links P\u00e1rrafos\" class=\"ue-c-article__paragraph paragraph\"><strong>Jonas Vingegaard<\/strong> ha participado en el <a href=\"https:\/\/www.marca.com\/ciclismo\/2025\/11\/08\/saitama-celebra-ultima-fiesta-ano-vingegaard-roglic-estrellas-tour-francia.html\" rel=\"nofollow noopener\" target=\"_blank\">Criterium de Saitama <\/a>y en el<a href=\"https:\/\/www.marca.com\/ciclismo\/2025\/10\/19\/roglic-campeon-campeones-corona-andorra-jornada-irrepetible.html\" rel=\"nofollow noopener\" target=\"_blank\">\u00a0Andorra Cycling Masters<\/a> este final de curso. El dan\u00e9s ha respondido a las cr\u00edticas de su compatriota.\u00a0<\/p>\n<p data-mrf-recirculation=\"Links P\u00e1rrafos\" class=\"ue-c-article__paragraph paragraph\">\u00abEst\u00e1 claro que probablemente no sea la carrera ciclista m\u00e1s dura de <strong>Jap\u00f3n<\/strong>, pero siguen siendo carreras y no siempre son f\u00e1ciles. Tambi\u00e9n he participado en algunas carreras en Singapur, donde casi tuve que abandonar\u00bb, ha replicado el dan\u00e9s.<\/p>\n<p data-mrf-recirculation=\"Links P\u00e1rrafos\" class=\"ue-c-article__paragraph paragraph\"><strong>Vingegaard<\/strong>, que viaj\u00f3 con su familia a<strong>l Criterium de Saitama<\/strong>, cont\u00f3 su experiencia en Jap\u00f3n, en la que sufri\u00f3 una ca\u00edda sin consecuencias. \u00abEstaba lloviendo en Jap\u00f3n y el terreno estaba un poco resbaladizo, as\u00ed que acab\u00e9 cay\u00e9ndome. Quiz\u00e1s no fue una decisi\u00f3n muy inteligente, pero creo que fue una buena experiencia. Tanto la carrera ciclista como todo el viaje a Jap\u00f3n\u00bb.<\/p>\n","protected":false},"excerpt":{"rendered":"Los crit\u00e9riums ciclistas suelen ser las pruebas que abrochan las temporadas. Una actividad l\u00fadica y a menudo lucrativa&hellip;\n","protected":false},"author":2,"featured_media":253339,"comment_status":"","ping_status":"","sticky":false,"template":"","format":"standard","meta":{"footnotes":""},"categories":[273],"tags":[313,312,168,25,24,23,167],"class_list":{"0":"post-253338","1":"post","2":"type-post","3":"status-publish","4":"format-standard","5":"has-post-thumbnail","7":"category-ciclismo","8":"tag-ciclismo","9":"tag-cycling","10":"tag-deportes","11":"tag-es","12":"tag-espana","13":"tag-spain","14":"tag-sports"},"share_on_mastodon":{"url":"https:\/\/pubeurope.com\/@es\/115605221108859122","error":""},"_links":{"self":[{"href":"https:\/\/www.europesays.com\/es\/wp-json\/wp\/v2\/posts\/253338","targetHints":{"allow":["GET"]}}],"collection":[{"href":"https:\/\/www.europesays.com\/es\/wp-json\/wp\/v2\/posts"}],"about":[{"href":"https:\/\/www.europesays.com\/es\/wp-json\/wp\/v2\/types\/post"}],"author":[{"embeddable":true,"href":"https:\/\/www.europesays.com\/es\/wp-json\/wp\/v2\/users\/2"}],"replies":[{"embeddable":true,"href":"https:\/\/www.europesays.com\/es\/wp-json\/wp\/v2\/comments?post=253338"}],"version-history":[{"count":0,"href":"https:\/\/www.europesays.com\/es\/wp-json\/wp\/v2\/posts\/253338\/revisions"}],"wp:featuredmedia":[{"embeddable":true,"href":"https:\/\/www.europesays.com\/es\/wp-json\/wp\/v2\/media\/253339"}],"wp:attachment":[{"href":"https:\/\/www.europesays.com\/es\/wp-json\/wp\/v2\/media?parent=253338"}],"wp:term":[{"taxonomy":"category","embeddable":true,"href":"https:\/\/www.europesays.com\/es\/wp-json\/wp\/v2\/categories?post=253338"},{"taxonomy":"post_tag","embeddable":true,"href":"https:\/\/www.europesays.com\/es\/wp-json\/wp\/v2\/tags?post=253338"}],"curies":[{"name":"wp","href":"https:\/\/api.w.org\/{rel}","templated":true}]}}