{"id":253342,"date":"2025-11-24T14:49:17","date_gmt":"2025-11-24T14:49:17","guid":{"rendered":"https:\/\/www.europesays.com\/es\/253342\/"},"modified":"2025-11-24T14:49:17","modified_gmt":"2025-11-24T14:49:17","slug":"cristiano-ronaldo-emula-mitico-gol-de-chilena-con-el-al-nasrr","status":"publish","type":"post","link":"https:\/\/www.europesays.com\/es\/253342\/","title":{"rendered":"Cristiano Ronaldo emula m\u00edtico gol de chilena con el Al-Nasrr"},"content":{"rendered":"<p><a href=\"https:\/\/www.record.com.mx\/futbol\/futbol-internacional\/dardos-de-la-fifa-cristiano-ronaldo-encuentran-curiosidades-en-cartel\" rel=\"nofollow noopener\" target=\"_blank\"><strong>Cristiano Ronaldo<\/strong> <\/a>volvi\u00f3 anotar en <strong>Arabia Saudita<\/strong>, <a href=\"https:\/\/www.record.com.mx\/mundial-2026\/las-condiciones-que-cristiano-ronaldo-y-portugal-ponen-para-elegir-venir-mexico-de\" rel=\"nofollow noopener\" target=\"_blank\"><strong>&#8216;El<\/strong> <strong>Comandante&#8217;<\/strong><\/a> realiz\u00f3 una formidable ejecuci\u00f3n desde la altura del punto penal para realizar una extraordinaria chilena y sellar la goleada del<strong> Al Nassr <\/strong>sobre Al Khaleej.<\/p>\n<p>Chilena de CR7 l AlNassrFC<\/p>\n<p>\u00a0<\/p>\n<p>El momento sucedi\u00f3 cuando el minuto se encontraba en el tiempo de compensaci\u00f3n, momento en el que una jugada por la banda derecha provocar\u00eda un servico a las inmediaciones del \u00e1rea grande quedando retrasado para el delantero que midi\u00f3 y de inmediato sac\u00f3 la chilena.<\/p>\n<p>El tiro sali\u00f3 con gran fuerza pese al lanzamiento del guardameta el bal\u00f3n termin\u00f3 por incrustarse en las redes y con ello se cerr\u00f3 la goleada de 4-1. Previamente Joao F\u00e9lix, Wesley Gassova y Sadio Mane hab\u00edan adelantado a los amarillos.\u00a0<\/p>\n<p>Cristiano Ronaldo l AlNassrFC<\/p>\n<p>\u00bfEmula el fant\u00e1stico gol con Real Madrid ante Juventus?<\/p>\n<p>El 3 de abril de 2018, en el Juventus Stadium de Tur\u00edn, Cristiano Ronaldo firm\u00f3 uno de esos momentos eternos: una chilena impecable, suspendida en el aire como si el tiempo se hubiese rendido ante \u00e9l y mand\u00f3 el bal\u00f3n al fondo.<\/p>\n<p>A los 64 minutos del duelo entre Real Madrid y Juventus por la ida de los cuartos de final, Dani Carvajal envi\u00f3 un centro al coraz\u00f3n del \u00e1rea. Cristiano, siempre intuitivo, atac\u00f3 el bal\u00f3n de espaldas a la porter\u00eda y, en un movimiento acrob\u00e1tico perfecto, conect\u00f3 una chilena que se elev\u00f3 por encima de la defensa italiana y venci\u00f3 la estirada de Gianluigi Buffon.<\/p>\n<p>Al Nassr l AlNassrFC<\/p>\n<p>El estadio qued\u00f3 en silencio, incr\u00e9dulo ante la precisi\u00f3n t\u00e9cnica del disparo. Segundos despu\u00e9s, los propios aficionados de la Juventus se pusieron de pie para aplaudir al portugu\u00e9s: un gesto pocas veces visto en el f\u00fatbol de alta competici\u00f3n.El gol signific\u00f3 el 0-2 parcial en un partido que terminar\u00eda 0-3 a favor del Real Madrid, pero su impacto fue mucho m\u00e1s all\u00e1 del marcador. Entrenadores, exjugadores y analistas coincidieron en definirlo como una obra maestra, un s\u00edmbolo del esp\u00edritu competitivo de Cristiano y de la magnitud del torneo.<\/p>\n<p>La chilena en Tur\u00edn no solo qued\u00f3 inscrita como una de las m\u00e1s bellas en la historia de la Champions League, sino tambi\u00e9n como un recordatorio de que, incluso en un deporte saturado de im\u00e1genes, hay instantes capaces de sorprender, emocionar y quedarse grabados para siempre en la memoria del aficionado.<\/p>\n<p>CR7 l AlNassrFC<\/p>\n<p>\u00bfCu\u00e1l fue el mejor?\u00a0<\/p>\n<p>Ambas anotaciones fueron de alto grado de dificultad; sin embargo, el gesto hecho con el Real Madrid podr\u00eda tener mayor peso debido a la competici\u00f3n rival y momento en el que se ejecuta, pero ambos han destacado entre los m\u00e1s bonitos del futbol.<\/p>\n<p>\u00a0<\/p>\n<blockquote class=\"twitter-tweet\">\n<p lang=\"en\" dir=\"ltr\">Best caption wins! <a href=\"https:\/\/t.co\/EodMPG9Mt0\" rel=\"nofollow\">pic.twitter.com\/EodMPG9Mt0<\/a><\/p>\n<p>\u2014 Cristiano Ronaldo (@Cristiano) <a href=\"https:\/\/twitter.com\/Cristiano\/status\/1992686096980062618?ref_src=twsrc%5Etfw\" rel=\"nofollow noopener\" target=\"_blank\">November 23, 2025<\/a><\/p>\n<\/blockquote>\n<p><script async src=\"https:\/\/platform.twitter.com\/widgets.js\" charset=\"utf-8\"><\/script><\/p>\n","protected":false},"excerpt":{"rendered":"Cristiano Ronaldo volvi\u00f3 anotar en Arabia Saudita, &#8216;El Comandante&#8217; realiz\u00f3 una formidable ejecuci\u00f3n desde la altura del punto&hellip;\n","protected":false},"author":2,"featured_media":253343,"comment_status":"","ping_status":"","sticky":false,"template":"","format":"standard","meta":{"footnotes":""},"categories":[268],"tags":[19034,13744,8432,168,25,24,280,282,2661,3048,281,23,167],"class_list":{"0":"post-253342","1":"post","2":"type-post","3":"status-publish","4":"format-standard","5":"has-post-thumbnail","7":"category-futbol","8":"tag-al-nassr","9":"tag-chilena","10":"tag-cristiano-ronaldo","11":"tag-deportes","12":"tag-es","13":"tag-espana","14":"tag-football","15":"tag-futbol","16":"tag-internacionales","17":"tag-real-madrid","18":"tag-soccer","19":"tag-spain","20":"tag-sports"},"share_on_mastodon":{"url":"https:\/\/pubeurope.com\/@es\/115605233022735507","error":""},"_links":{"self":[{"href":"https:\/\/www.europesays.com\/es\/wp-json\/wp\/v2\/posts\/253342","targetHints":{"allow":["GET"]}}],"collection":[{"href":"https:\/\/www.europesays.com\/es\/wp-json\/wp\/v2\/posts"}],"about":[{"href":"https:\/\/www.europesays.com\/es\/wp-json\/wp\/v2\/types\/post"}],"author":[{"embeddable":true,"href":"https:\/\/www.europesays.com\/es\/wp-json\/wp\/v2\/users\/2"}],"replies":[{"embeddable":true,"href":"https:\/\/www.europesays.com\/es\/wp-json\/wp\/v2\/comments?post=253342"}],"version-history":[{"count":0,"href":"https:\/\/www.europesays.com\/es\/wp-json\/wp\/v2\/posts\/253342\/revisions"}],"wp:featuredmedia":[{"embeddable":true,"href":"https:\/\/www.europesays.com\/es\/wp-json\/wp\/v2\/media\/253343"}],"wp:attachment":[{"href":"https:\/\/www.europesays.com\/es\/wp-json\/wp\/v2\/media?parent=253342"}],"wp:term":[{"taxonomy":"category","embeddable":true,"href":"https:\/\/www.europesays.com\/es\/wp-json\/wp\/v2\/categories?post=253342"},{"taxonomy":"post_tag","embeddable":true,"href":"https:\/\/www.europesays.com\/es\/wp-json\/wp\/v2\/tags?post=253342"}],"curies":[{"name":"wp","href":"https:\/\/api.w.org\/{rel}","templated":true}]}}