{"id":253346,"date":"2025-11-24T14:54:11","date_gmt":"2025-11-24T14:54:11","guid":{"rendered":"https:\/\/www.europesays.com\/es\/253346\/"},"modified":"2025-11-24T14:54:11","modified_gmt":"2025-11-24T14:54:11","slug":"esta-tarde-en-y-ahora-sonsoles-recibimos-a-miguel-angel-cabrera-exintegrante-de-camela","status":"publish","type":"post","link":"https:\/\/www.europesays.com\/es\/253346\/","title":{"rendered":"Esta tarde en Y ahora Sonsoles, recibimos a Miguel \u00c1ngel Cabrera, exintegrante de Camela"},"content":{"rendered":"<p><b>Camela<\/b> ha puesto m\u00fasica a la historia de nuestro pa\u00eds. Su &#8216;Sue\u00f1o Contigo&#8217; o &#8216;Cuando zarpa el amor&#8217; siguen sonando en discotecas y han sido la banda sonora de toda una generaci\u00f3n. Sin embargo, hay quien a\u00fan no sabe que el famoso d\u00fao un d\u00eda estuvo formado por tres personas: D<b>ioni Mart\u00edn, Mar\u00eda \u00c1ngeles Mu\u00f1oz <\/b>y <b>Miguel \u00c1ngel Cabrera. <\/b><\/p>\n<p>Dioni y Miguel \u00c1ngel Cabrera se conocieron siendo muy j\u00f3venes y <b>la m\u00fasica les uni\u00f3<\/b>. Ambos comenzaron a plantearse formar un grupo y pronto se les uni\u00f3 \u00c1ngeles, con quien formaron el alma de Camela durante <b>dos d\u00e9cadas. <\/b><\/p>\n<p>En <b>2013<\/b>, Miguel \u00c1ngel Cabrera<b> abandon\u00f3 el grupo <\/b>por las tensiones internas, una decisi\u00f3n que marc\u00f3 su futuro. Hoy, repasamos con \u00e9l su paso por el grupo y su nueva vida tras salir de Camela, marcada por la<b> tr\u00e1gica muerte de su hijo<\/b>. \u00a1No te lo pierdas, <b>a partir de las 17:00h<\/b> en Antena 3!<\/p>\n","protected":false},"excerpt":{"rendered":"Camela ha puesto m\u00fasica a la historia de nuestro pa\u00eds. Su &#8216;Sue\u00f1o Contigo&#8217; o &#8216;Cuando zarpa el amor&#8217;&hellip;\n","protected":false},"author":2,"featured_media":253347,"comment_status":"","ping_status":"","sticky":false,"template":"","format":"standard","meta":{"footnotes":""},"categories":[171],"tags":[146,147,25,24,23,214],"class_list":{"0":"post-253346","1":"post","2":"type-post","3":"status-publish","4":"format-standard","5":"has-post-thumbnail","7":"category-tv","8":"tag-entertainment","9":"tag-entretenimiento","10":"tag-es","11":"tag-espana","12":"tag-spain","13":"tag-tv"},"share_on_mastodon":{"url":"https:\/\/pubeurope.com\/@es\/115605252652457713","error":""},"_links":{"self":[{"href":"https:\/\/www.europesays.com\/es\/wp-json\/wp\/v2\/posts\/253346","targetHints":{"allow":["GET"]}}],"collection":[{"href":"https:\/\/www.europesays.com\/es\/wp-json\/wp\/v2\/posts"}],"about":[{"href":"https:\/\/www.europesays.com\/es\/wp-json\/wp\/v2\/types\/post"}],"author":[{"embeddable":true,"href":"https:\/\/www.europesays.com\/es\/wp-json\/wp\/v2\/users\/2"}],"replies":[{"embeddable":true,"href":"https:\/\/www.europesays.com\/es\/wp-json\/wp\/v2\/comments?post=253346"}],"version-history":[{"count":0,"href":"https:\/\/www.europesays.com\/es\/wp-json\/wp\/v2\/posts\/253346\/revisions"}],"wp:featuredmedia":[{"embeddable":true,"href":"https:\/\/www.europesays.com\/es\/wp-json\/wp\/v2\/media\/253347"}],"wp:attachment":[{"href":"https:\/\/www.europesays.com\/es\/wp-json\/wp\/v2\/media?parent=253346"}],"wp:term":[{"taxonomy":"category","embeddable":true,"href":"https:\/\/www.europesays.com\/es\/wp-json\/wp\/v2\/categories?post=253346"},{"taxonomy":"post_tag","embeddable":true,"href":"https:\/\/www.europesays.com\/es\/wp-json\/wp\/v2\/tags?post=253346"}],"curies":[{"name":"wp","href":"https:\/\/api.w.org\/{rel}","templated":true}]}}