{"id":253361,"date":"2025-11-24T15:03:09","date_gmt":"2025-11-24T15:03:09","guid":{"rendered":"https:\/\/www.europesays.com\/es\/253361\/"},"modified":"2025-11-24T15:03:09","modified_gmt":"2025-11-24T15:03:09","slug":"yolanda-diaz-absuelve-a-garcia-ortiz-y-lamenta-que-haya-dimitido-un-hombre-bueno","status":"publish","type":"post","link":"https:\/\/www.europesays.com\/es\/253361\/","title":{"rendered":"Yolanda D\u00edaz absuelve a Garc\u00eda Ortiz y lamenta que haya dimitido \u00abun hombre bueno\u00bb"},"content":{"rendered":"<p class=\"articleParagraph\">La vicepresidenta segunda del Gobierno y ministra de Trabajo y Econom\u00eda Social, Yolanda D\u00edaz, ha lamentado la dimisi\u00f3n del fiscal general del Estado, \u00c1lvaro Garc\u00eda Ortiz, al que ha calificado como \u00abun hombre bueno\u00bb e \u00abinocente\u00bb, y<b> ha vuelto a instar a la gente a movilizarse<\/b> por la democracia.<\/p>\n<p class=\"articleParagraph\"><b>\u00abHa dimitido hoy un hombre bueno, un grand\u00edsimo profesional, un hombre que es inocente\u00bb<\/b>, ha expresado D\u00edaz. Adem\u00e1s, considera que lo sucedido es \u00abun punto de inflexi\u00f3n\u00bb y ha atacado a parte de la judicatura, que se cree \u00abimpune\u00bb y ha tomado parte \u00abvulnerando su mandato constitucional y la separaci\u00f3n de poderes\u00bb.<\/p>\n<p class=\"articleParagraph\">En un acto para conmemorar los 40 a\u00f1os de las escuelas taller en Espa\u00f1a, la ministra ha se\u00f1alado que el fiscal ha sido condenado a dos a\u00f1os de inhabilitaci\u00f3n y una multa econ\u00f3mica a la pareja de Isabel D\u00edaz Ayuso, el empresario Gonz\u00e1lez Amador, <b>sin haberse publicado la sentencia.<\/b><\/p>\n<p>Anima a la poblaci\u00f3n a movilizarse \u00aben defensa de la democracia\u00bb<\/p>\n<p class=\"articleParagraph\">Por todo ello, la vicepresidenta segunda ha instado a la poblaci\u00f3n a movilizarse \u00aben defensa de la democracia y el respeto institucional\u00bb. Una arenga que ya pronunci\u00f3 el pasado s\u00e1bado en la inauguraci\u00f3n de la Conferencia Pol\u00edtica de Sumar, donde pidi\u00f3 a la ciudadan\u00eda \u00ab<b>que agarre la democracia con sus manos <\/b>y que salgan a defender no al Gobierno de Espa\u00f1a, sino los derechos de la gente trabajadora\u00bb.<\/p>\n<p class=\"articleParagraph\">El portavoz de Sumar y ministro de Cultura, Ernest Urtasun, tambi\u00e9n hizo un llamamiento a la poblaci\u00f3n para movilizarse y <b>se mostr\u00f3 convencido de que cuando se convoquen elecciones, los ciudadanos van a tener en cuenta \u00abtodos estos atropellos\u00bb.<\/b><\/p>\n<p>Concentraciones en Madrid y Santiago de Compostela<\/p>\n<p class=\"articleParagraph\">Sin ir m\u00e1s lejos, este domingo se han producido <b>las primeras manifestaciones contra la condena al fiscal general.<\/b> En Madrid, cientos de personas se congregaron frente al Tribunal Supremo al grito de \u00abgolpistas con toga\u00bb, \u00abverg\u00fcenza\u00bb o \u00abesto es pol\u00edtica, no justicia\u00bb. A esta manifestaci\u00f3n acudi\u00f3 el exjuez de la Audiencia Nacional, Baltasar Garz\u00f3n, que calific\u00f3 la sentencia de \u00abinjusta\u00bb y \u00abarbitraria\u00bb, en declaraciones a EFE.<\/p>\n<p class=\"articleParagraph\">Al t\u00e9rmino de la concentraci\u00f3n se ley\u00f3 un texto escrito \u00abpor gente de a pie, dem\u00f3cratas, sin siglas, ni banderas, ni partidos, ni plataformas\u00bb en el que se ha expresado la preocupaci\u00f3n porque \u00aben este proceso<b> no se haya respetado plenamente la presunci\u00f3n de inocencia\u00bb. <\/b><\/p>\n<p class=\"articleParagraph\">En Santiago de Compostela tambi\u00e9n se concentraron alrededor de 500 personas en la plaza del Obradoiro. Al grito de \u00abfuera fascistas del Tribunal Supremo\u00bb, <b>\u00abNo al golpe de Estado en la Justicia\u00bb o \u00abJueces fascistas\u00bb.<\/b> A esta, acudi\u00f3 la exdirigente del BNG, Encarna Otero, quien considera que la sentencia contra Garc\u00eda Ortiz es \u00abun intento de golpe de Estado\u00bb.<\/p>\n","protected":false},"excerpt":{"rendered":"La vicepresidenta segunda del Gobierno y ministra de Trabajo y Econom\u00eda Social, Yolanda D\u00edaz, ha lamentado la dimisi\u00f3n&hellip;\n","protected":false},"author":2,"featured_media":253362,"comment_status":"","ping_status":"","sticky":false,"template":"","format":"standard","meta":{"footnotes":""},"categories":[8],"tags":[17,18,25,24,13,14,11,19,20,9,10,15,16,23,12,21,22],"class_list":{"0":"post-253361","1":"post","2":"type-post","3":"status-publish","4":"format-standard","5":"has-post-thumbnail","7":"category-espana","8":"tag-breaking-news","9":"tag-breakingnews","10":"tag-es","11":"tag-espana","12":"tag-featured-news","13":"tag-featurednews","14":"tag-headlines","15":"tag-latest-news","16":"tag-latestnews","17":"tag-news","18":"tag-noticias","19":"tag-noticias-destacadas","20":"tag-noticiasdestacadas","21":"tag-spain","22":"tag-titulares","23":"tag-ultimas-noticias","24":"tag-ultimasnoticias"},"share_on_mastodon":{"url":"https:\/\/pubeurope.com\/@es\/115605288127978569","error":""},"_links":{"self":[{"href":"https:\/\/www.europesays.com\/es\/wp-json\/wp\/v2\/posts\/253361","targetHints":{"allow":["GET"]}}],"collection":[{"href":"https:\/\/www.europesays.com\/es\/wp-json\/wp\/v2\/posts"}],"about":[{"href":"https:\/\/www.europesays.com\/es\/wp-json\/wp\/v2\/types\/post"}],"author":[{"embeddable":true,"href":"https:\/\/www.europesays.com\/es\/wp-json\/wp\/v2\/users\/2"}],"replies":[{"embeddable":true,"href":"https:\/\/www.europesays.com\/es\/wp-json\/wp\/v2\/comments?post=253361"}],"version-history":[{"count":0,"href":"https:\/\/www.europesays.com\/es\/wp-json\/wp\/v2\/posts\/253361\/revisions"}],"wp:featuredmedia":[{"embeddable":true,"href":"https:\/\/www.europesays.com\/es\/wp-json\/wp\/v2\/media\/253362"}],"wp:attachment":[{"href":"https:\/\/www.europesays.com\/es\/wp-json\/wp\/v2\/media?parent=253361"}],"wp:term":[{"taxonomy":"category","embeddable":true,"href":"https:\/\/www.europesays.com\/es\/wp-json\/wp\/v2\/categories?post=253361"},{"taxonomy":"post_tag","embeddable":true,"href":"https:\/\/www.europesays.com\/es\/wp-json\/wp\/v2\/tags?post=253361"}],"curies":[{"name":"wp","href":"https:\/\/api.w.org\/{rel}","templated":true}]}}