{"id":253395,"date":"2025-11-24T15:27:08","date_gmt":"2025-11-24T15:27:08","guid":{"rendered":"https:\/\/www.europesays.com\/es\/253395\/"},"modified":"2025-11-24T15:27:08","modified_gmt":"2025-11-24T15:27:08","slug":"intervencion-del-presidente-del-gobierno-pedro-sanchez-a-su-llegada-a-ceremonia-de-apertura-de-la-cumbre-de-la-union-europea-union-africana","status":"publish","type":"post","link":"https:\/\/www.europesays.com\/es\/253395\/","title":{"rendered":"Intervenci\u00f3n del presidente del Gobierno, Pedro S\u00e1nchez, a su llegada a ceremonia de apertura de la Cumbre de la Uni\u00f3n Europea-Uni\u00f3n Africana"},"content":{"rendered":"<p class=\"news-location\">Luanda (Angola)<\/p>\n<p class=\"Centrado\"><strong>INTERVENCI\u00d3N DEL PRESIDENTE DEL GOBIERNO, PEDRO S\u00c1NCHEZ<\/strong><\/p>\n<p class=\"Justificado\"><strong>P.- Presidente, Buenos d\u00edas, \u00bfQu\u00e9 tal?<\/strong><\/p>\n<p class=\"Justificado\"><strong>Presidente.-<\/strong> Buenos d\u00edas, \u00bfqu\u00e9 tal est\u00e1is? Pues nos ha puesto toda la m\u00fasica. Pero bueno.<\/p>\n<p class=\"Justificado\">Oye, lo primero de todo, creo que felicitar al\u2026 \u00bfme alejo? Felicitar al Gobierno de Angola por la celebraci\u00f3n de esta Cumbre de la Uni\u00f3n Europea con la Uni\u00f3n Africana. Creo que es muy importante, lo ver\u00e1n posteriormente, la adopci\u00f3n de las conclusiones.<\/p>\n<p class=\"Justificado\">Se ha trabajado muy intensamente para hablar de esa agenda compartida entre la Uni\u00f3n Europea y la Uni\u00f3n Africana en m\u00faltiples \u00e1mbitos en el \u00e1mbito por supuesto el crecimiento econ\u00f3mico, de la creaci\u00f3n de empleo, tambi\u00e9n de la lucha contra la migraci\u00f3n irregular, pero, al mismo tiempo, tambi\u00e9n crear mecanismos de migraci\u00f3n regular, porque los necesitamos. Y, por supuesto, tambi\u00e9n todo lo que tiene que ver con la emergencia clim\u00e1tica y el respeto al derecho internacional en algunos de los conflictos que est\u00e1n asolando desgraciadamente al continente africano.<\/p>\n<p class=\"Justificado\">Yo creo que, visto en perspectiva, primero la Cumbre Uni\u00f3n Europea-CELAC que se celebr\u00f3 en la ciudad de Colombia de Santa Marta, y tambi\u00e9n ahora aqu\u00ed en Angola, en su capital, en Luanda, la Uni\u00f3n Europea est\u00e1 desplegando una agenda multilateral de cooperaci\u00f3n birregional que me parece, que en estos momentos tan dif\u00edciles que est\u00e1 viviendo el mundo, donde se est\u00e1n acumulando el n\u00famero de desaf\u00edos globales que exigen de esa cooperaci\u00f3n y de esa multilateralidad , la Uni\u00f3n Europea est\u00e1 abanderando junto, en este caso, con la unidad africana una respuesta multilateral.<\/p>\n<p class=\"Justificado\">Nosotros queremos dar la enhorabuena al presidente de Angola, por supuesto a este pa\u00eds, que es un pa\u00eds que quiere a Espa\u00f1a, como Espa\u00f1a quiere Angola. Y, desde luego, tambi\u00e9n por ser geogr\u00e1ficamente pr\u00f3ximos a \u00c1frica, el celebrar que se celebre una cumbre tan importante para los intereses de la Uni\u00f3n Europea y tambi\u00e9n para los intereses de Espa\u00f1a.<\/p>\n<p class=\"Justificado\"><strong>P.-_ Presidente, la dimisi\u00f3n del fiscal general del Estado. \u00bfTiene un nombre ya para el nombramiento?<\/strong><\/p>\n<p class=\"Justificado\"><strong>Presidente.-<\/strong> Bueno, ayer cuando me preguntaron, ya lo dije. El Gobierno de Espa\u00f1a iba a poner en marcha el proceso de nombramiento del nuevo fiscal general del Estado Y en cuanto tengamos ese procedimiento abierto, por supuesto, ustedes sabr\u00e1n el nombre. Bueno.<\/p>\n<p class=\"Justificado\"><strong>P.- Sobre su reuni\u00f3n con Otegui, presidente.<\/strong><\/p>\n<p class=\"Justificado\"><strong>Presidente.-<\/strong> Pero, \u00bfcu\u00e1l es la informaci\u00f3n?<\/p>\n<p class=\"Justificado\"><strong>P.- Que se reuni\u00f3 usted con el Sr. Cerd\u00e1n y con Otegui en un caser\u00edo para la moci\u00f3n de censura.<\/strong><\/p>\n<p class=\"Justificado\"><strong>Presidente.-<\/strong> Eso es mentira.<\/p>\n<p class=\"Justificado\"><strong>P.- Presidente, sobre Ucrania,<\/strong> <strong>\u00bfhay nuevas conclusiones despu\u00e9s de la cumbre expr\u00e9s que han hecho todos los socios europeos?<\/strong><\/p>\n<p class=\"Justificado\"><strong>Presidente.-<\/strong> Bueno, creo que es importante la reuni\u00f3n que hemos mantenido por videoconferencia con aquellos que no han podido acudir a esta Cumbre UE-UA, pero s\u00ed decirles que, como dije ayer en Johannesburgo, Espa\u00f1a tiene muy claro cu\u00e1l es la situaci\u00f3n y cu\u00e1l debe ser la orientaci\u00f3n. Europa, Ucrania y Espa\u00f1a tambi\u00e9n hemos querido siempre la paz. Nunca Ucrania ha buscado la guerra ni ha sido una amenaza para para Rusia y, por tanto, lo que necesitamos es trabajar no solamente por una paz ef\u00edmera, sino por una paz que sea justa y duradera. \u00bfY eso qu\u00e9 significa? Uno, que es evidente que tenemos que respetar ese acuerdo, el orden multilateral y, por tanto, la Carta de Naciones Unidas y, en consecuencia, la integridad territorial de un pa\u00eds que hoy est\u00e1 siendo violada su integridad territorial precisamente por la fuerza invasora de Putin. Y a partir de ah\u00ed, efectivamente, crear un horizonte de reconstrucci\u00f3n y de seguridad para que estas invasiones, este tipo de conflictos b\u00e9licos, no se pueda producir en el futuro.<\/p>\n<p class=\"Justificado\">Creo que es muy importante, m\u00e1s all\u00e1 de la fecha, si es antes o despu\u00e9s del Thanksgiving en Estados Unidos. Lo importante es que el acuerdo que se pueda alcanzar sea un acuerdo que garantice esa paz justa y duradera, que Ucrania, en todos aquellos aspectos que est\u00e9n vinculados con su libertad, con su independencia y con su pol\u00edtica nacional y exterior, sea decidido por Ucrania de manera compartida tambi\u00e9n, l\u00f3gicamente, con el resto de aliados, cuando estamos hablando de la arquitectura de seguridad europea o cuando estamos hablando de la Alianza Transatl\u00e1ntica que se circunscribe a la OTAN.<\/p>\n<p class=\"Justificado\">Por tanto, yo creo que hay todav\u00eda muchos elementos por debatir y Espa\u00f1a en lo que est\u00e1 es, evidentemente, en apoyar a Ucrania, en fortalecer la unidad europea y en participar de manera activa en la definici\u00f3n de esa arquitectura de seguridad europea, que quien ha puesto en cuesti\u00f3n ha sido precisamente la unilateralidad y la guerra de Putin en Ucrania.<\/p>\n<p class=\"Justificado\"><strong>P.- Disculpe, presidente, la carta del fiscal general del Estado, \u00bfla ha podido leer?<\/strong><\/p>\n<p class=\"Justificado\"><strong>Presidente.-<\/strong> La he le\u00eddo esta ma\u00f1ana, la he conocido por los medios de comunicaci\u00f3n. Me parece una carta que refleja el servidor p\u00fablico que hemos tenido al frente de la Fiscal\u00eda General durante todo este tiempo. Yo le deseo toda la suerte. Tiene todo mi respeto y mi consideraci\u00f3n. Y, en fin, como presidente del Gobierno lo que puedo decir es que hemos puesto en marcha ya el mecanismo para el nombramiento del nuevo fiscal general y ustedes tendr\u00e1n cumplida cuenta de ello en un breve espacio de tiempo.<\/p>\n<p class=\"Justificado\">Much\u00edsimas gracias.<\/p>\n<p class=\"Derecha\">  (Transcripci\u00f3n editada por la Secretar\u00eda de Estado de Comunicaci\u00f3n)<br \/>(Intervenci\u00f3n original en espa\u00f1ol)<\/p>\n","protected":false},"excerpt":{"rendered":"Luanda (Angola) INTERVENCI\u00d3N DEL PRESIDENTE DEL GOBIERNO, PEDRO S\u00c1NCHEZ P.- Presidente, Buenos d\u00edas, \u00bfQu\u00e9 tal? Presidente.- Buenos d\u00edas,&hellip;\n","protected":false},"author":2,"featured_media":153856,"comment_status":"","ping_status":"","sticky":false,"template":"","format":"standard","meta":{"footnotes":""},"categories":[5],"tags":[17,18,25,24,13,14,11,3481,19,20,9,10,15,16,1461,23,12,21,22],"class_list":{"0":"post-253395","1":"post","2":"type-post","3":"status-publish","4":"format-standard","5":"has-post-thumbnail","7":"category-titulares","8":"tag-breaking-news","9":"tag-breakingnews","10":"tag-es","11":"tag-espana","12":"tag-featured-news","13":"tag-featurednews","14":"tag-headlines","15":"tag-intervenciones","16":"tag-latest-news","17":"tag-latestnews","18":"tag-news","19":"tag-noticias","20":"tag-noticias-destacadas","21":"tag-noticiasdestacadas","22":"tag-presidente","23":"tag-spain","24":"tag-titulares","25":"tag-ultimas-noticias","26":"tag-ultimasnoticias"},"share_on_mastodon":{"url":"https:\/\/pubeurope.com\/@es\/115605382290278045","error":""},"_links":{"self":[{"href":"https:\/\/www.europesays.com\/es\/wp-json\/wp\/v2\/posts\/253395","targetHints":{"allow":["GET"]}}],"collection":[{"href":"https:\/\/www.europesays.com\/es\/wp-json\/wp\/v2\/posts"}],"about":[{"href":"https:\/\/www.europesays.com\/es\/wp-json\/wp\/v2\/types\/post"}],"author":[{"embeddable":true,"href":"https:\/\/www.europesays.com\/es\/wp-json\/wp\/v2\/users\/2"}],"replies":[{"embeddable":true,"href":"https:\/\/www.europesays.com\/es\/wp-json\/wp\/v2\/comments?post=253395"}],"version-history":[{"count":0,"href":"https:\/\/www.europesays.com\/es\/wp-json\/wp\/v2\/posts\/253395\/revisions"}],"wp:featuredmedia":[{"embeddable":true,"href":"https:\/\/www.europesays.com\/es\/wp-json\/wp\/v2\/media\/153856"}],"wp:attachment":[{"href":"https:\/\/www.europesays.com\/es\/wp-json\/wp\/v2\/media?parent=253395"}],"wp:term":[{"taxonomy":"category","embeddable":true,"href":"https:\/\/www.europesays.com\/es\/wp-json\/wp\/v2\/categories?post=253395"},{"taxonomy":"post_tag","embeddable":true,"href":"https:\/\/www.europesays.com\/es\/wp-json\/wp\/v2\/tags?post=253395"}],"curies":[{"name":"wp","href":"https:\/\/api.w.org\/{rel}","templated":true}]}}