{"id":253400,"date":"2025-11-24T15:36:12","date_gmt":"2025-11-24T15:36:12","guid":{"rendered":"https:\/\/www.europesays.com\/es\/253400\/"},"modified":"2025-11-24T15:36:12","modified_gmt":"2025-11-24T15:36:12","slug":"eric-garcia-el-hombre-que-vencio-al-runrun-para-triunfar","status":"publish","type":"post","link":"https:\/\/www.europesays.com\/es\/253400\/","title":{"rendered":"Eric Garcia, el hombre que venci\u00f3 al runr\u00fan para triunfar"},"content":{"rendered":"<p data-gtm-element-container=\"modulo-texto-link\" class=\"paragraph\">En el minuto 75, la grada del Spotify Camp Nou se puso en pie para despedir a un futbolista del <a href=\"https:\/\/www.lavanguardia.com\/deportes\/resultados\/laliga-primera-division\/calendario\/barcelona\" target=\"_blank\" rel=\"noopener noreferrer nofollow\">Barcelona<\/a>, sustituido pensando en Stamford Bridge. Uno que no es delantero ni suele figurar en las portadas. Quiz\u00e1s el m\u00e1s alejado del concepto actual de crack. Pero la afici\u00f3n quiso reconocerle el gran inicio de temporada a un futbolista que habla poco y trabaja mucho, el que est\u00e1 m\u00e1s en forma. <a href=\"https:\/\/www.lavanguardia.com\/deportes\/fc-barcelona\/20251122\/11292538\/comienza-una-historia-que-no-tiene-final-camp-nou.html\" rel=\"nofollow noopener\" target=\"_blank\">Que la primera gran ovaci\u00f3n de esta nueva etapa del coliseo blaugrana fuese para Eric Garcia<\/a> era tan impensable como merecida fue. Ha transformado el runr\u00fan en aplausos.<\/p>\n<p data-gtm-element-container=\"modulo-texto-link\" class=\"paragraph\"><a href=\"https:\/\/www.lavanguardia.com\/deportes\/fc-barcelona\/20251122\/11291787\/barca-regala-triunfo-perfecto-regreso-camp-nou.html\" rel=\"nofollow noopener\" target=\"_blank\">Las dos asistencias que dio<\/a>, a Lewandowski en el 1-0, tras reba\u00f1arle la posesi\u00f3n a Sancet, y a Ferm\u00edn en el 3-0, con una recuperaci\u00f3n a Ruiz de Galarreta, ambas en tres cuartos, son la confirmaci\u00f3n del que est\u00e1 siendo su mejor a\u00f1o.<\/p>\n<p>1.284 minutos<br \/>\nEl de Martorell es el m\u00e1s utilizado de la plantilla y desde enero del 2025 solo se ha perdido tres partidos<\/p>\n<p data-gtm-element-container=\"modulo-texto-link\" class=\"paragraph\">Ni siquiera la m\u00e1scara que luce puede esconder un secreto tan grande. Es el preferido de Flick, se ha erigido en sustituto de I\u00f1igo Mart\u00ednez en defensa, y la fractura nasal que sufri\u00f3 en Brujas no le ha descabalgado de las alineaciones.<\/p>\n<p data-gtm-element-container=\"modulo-texto-link\" class=\"paragraph\">Eric es el \u00fanico blaugrana que ha disputado los 17 partidos de la temporada ya que Rashford, con gripe, fue baja el s\u00e1bado. Con 1.284 minutos, es el hombre que m\u00e1s veces ha sido titular (14) y el m\u00e1s utilizado por el t\u00e9cnico alem\u00e1n, al que ha conquistado por su inteligencia t\u00e1ctica y su car\u00e1cter, hasta el punto de que se cerr\u00f3 en banda a una salida del futbolista.<\/p>\n<p data-gtm-element-container=\"modulo-texto-link\" class=\"paragraph\">A estas alturas del 2024, Eric Garcia se com\u00eda la cabeza pensando que tal vez su futuro estuviese lejos del Barcelona, por qu\u00e9 no en el <a href=\"https:\/\/www.lavanguardia.com\/deportes\/resultados\/laliga-primera-division\/calendario\/girona\" target=\"_blank\" rel=\"noopener noreferrer nofollow\">Girona<\/a>, donde estuvo cedido un a\u00f1o y M\u00edchel le esperaba con los brazos abiertos. Tambi\u00e9n le enviaron cantos de sirena Cesc y el Como. El dinero de un traspaso hubiera sido gloria para las hojas de c\u00e1lculo de la econom\u00eda del <a href=\"https:\/\/www.lavanguardia.com\/deportes\/resultados\/laliga-primera-division\/calendario\/barcelona\" target=\"_blank\" rel=\"noopener noreferrer nofollow\">Bar\u00e7a<\/a>, algo que ve\u00eda con buenos ojos la secretar\u00eda t\u00e9cnica. Pero entonces se impuso la voz de Flick. \u201cNo te vas\u201d, zanj\u00f3.<\/p>\n<p>Polivalente y gran competidor<br \/>\nParec\u00eda un buen suplente de Kound\u00e9 y Cubars\u00ed, pero ha adelantado a Ara\u00fajo y hasta a Casad\u00f3 y Bernal<\/p>\n<p data-gtm-element-container=\"modulo-texto-link\" class=\"paragraph\">Aquella conversaci\u00f3n lo cambi\u00f3 todo. Eric, que ven\u00eda de ganar el oro en los Juegos Ol\u00edmpicos de Par\u00eds, se lo crey\u00f3 m\u00e1s, sac\u00f3 su esp\u00edritu competitivo y su polivalencia hizo el resto. Desde enero del 2025, el Bar\u00e7a ha jugado 52 encuentros y el canterano ha estado en 49, 28 de entrada.<\/p>\n<p data-gtm-element-container=\"modulo-texto-link\" class=\"paragraph\">La cuesti\u00f3n es que en verano parec\u00eda ser un buen complemento, un buen suplente de Kound\u00e9 en la banda derecha o para Cubars\u00ed en el eje. Pero Eric Garcia se ha transformado. Ha adelantado a Ara\u00fajo, el te\u00f3rico beneficiado por la marcha de I\u00f1igo a Riad, pero tambi\u00e9n a Casado o Bernal en el pivote. En los tres \u00faltimos partidos ha ocupado tres posiciones distintas. En B\u00e9lgica jug\u00f3 de central, en Vigo actu\u00f3 de lateral y<a href=\"https:\/\/www.lavanguardia.com\/deportes\/20251122\/11292308\/barca-barcelona-athletic-camp-nou-uno-por-uno-notas-evaluacion-jugadores-blaugrana-fermin-eric-lamine-yamal.html\" rel=\"nofollow noopener\" target=\"_blank\"> frente al Athletic se adelant\u00f3 al mediocentro<\/a>.<\/p>\n<p>Dio dos asistencias frente al Athletic<br \/>\nOvacionado en el Spotify Camp Nou, el 30 de junio vence su contrato y su renovaci\u00f3n ya es una prioridad<\/p>\n<p data-gtm-element-container=\"modulo-texto-link\" class=\"paragraph\">Siempre notable, a nadie le extra\u00f1a que sea el segundo futbolista de <a href=\"https:\/\/www.lavanguardia.com\/deportes\/resultados\/laliga-primera-division\" target=\"_blank\" rel=\"noopener noreferrer nofollow\">la Liga<\/a> con m\u00e1s pases buenos (791, solo por detr\u00e1s de Pedri) y que m\u00e1s del 60% sean en campo contrario. Adem\u00e1s, gracias a su colocaci\u00f3n y anticipaci\u00f3n, es el quinto en intercepciones.<\/p>\n<p data-gtm-element-container=\"modulo-texto-link\" class=\"paragraph\">Con 24 a\u00f1os, Eric parece un veterano y lo es porque solo Ter Stegen, Ara\u00fajo y De Jong llevan m\u00e1s tiempo que \u00e9l. Pero es la primera vez en la que el de Martorell se ha afianzado de verdad con continuidad y confianza.<\/p>\n<p data-gtm-element-container=\"modulo-texto-link\" class=\"paragraph\">Para triunfar, Eric ha vencido a los c\u00e1nones f\u00edsicos e incluso al entorno. No hay que olvidar que en e enero del 2021 ya se convirti\u00f3 en un arma electoral. Los candidatos se dividieron entre los que le ped\u00edan a la Gestora su fichaje del City para Koeman y los que prefer\u00edan esperar al final de temporada a que acabase su contrato y llegase gratis. Lo mismo sucede el 30 de junio y su renovaci\u00f3n se ha convertido en prioridad. Por algo es el preferido de Flick.<\/p>\n","protected":false},"excerpt":{"rendered":"En el minuto 75, la grada del Spotify Camp Nou se puso en pie para despedir a un&hellip;\n","protected":false},"author":2,"featured_media":253401,"comment_status":"","ping_status":"","sticky":false,"template":"","format":"standard","meta":{"footnotes":""},"categories":[268],"tags":[168,25,24,280,282,281,23,167],"class_list":{"0":"post-253400","1":"post","2":"type-post","3":"status-publish","4":"format-standard","5":"has-post-thumbnail","7":"category-futbol","8":"tag-deportes","9":"tag-es","10":"tag-espana","11":"tag-football","12":"tag-futbol","13":"tag-soccer","14":"tag-spain","15":"tag-sports"},"share_on_mastodon":{"url":"https:\/\/pubeurope.com\/@es\/115605418145029661","error":""},"_links":{"self":[{"href":"https:\/\/www.europesays.com\/es\/wp-json\/wp\/v2\/posts\/253400","targetHints":{"allow":["GET"]}}],"collection":[{"href":"https:\/\/www.europesays.com\/es\/wp-json\/wp\/v2\/posts"}],"about":[{"href":"https:\/\/www.europesays.com\/es\/wp-json\/wp\/v2\/types\/post"}],"author":[{"embeddable":true,"href":"https:\/\/www.europesays.com\/es\/wp-json\/wp\/v2\/users\/2"}],"replies":[{"embeddable":true,"href":"https:\/\/www.europesays.com\/es\/wp-json\/wp\/v2\/comments?post=253400"}],"version-history":[{"count":0,"href":"https:\/\/www.europesays.com\/es\/wp-json\/wp\/v2\/posts\/253400\/revisions"}],"wp:featuredmedia":[{"embeddable":true,"href":"https:\/\/www.europesays.com\/es\/wp-json\/wp\/v2\/media\/253401"}],"wp:attachment":[{"href":"https:\/\/www.europesays.com\/es\/wp-json\/wp\/v2\/media?parent=253400"}],"wp:term":[{"taxonomy":"category","embeddable":true,"href":"https:\/\/www.europesays.com\/es\/wp-json\/wp\/v2\/categories?post=253400"},{"taxonomy":"post_tag","embeddable":true,"href":"https:\/\/www.europesays.com\/es\/wp-json\/wp\/v2\/tags?post=253400"}],"curies":[{"name":"wp","href":"https:\/\/api.w.org\/{rel}","templated":true}]}}