{"id":253406,"date":"2025-11-24T15:40:15","date_gmt":"2025-11-24T15:40:15","guid":{"rendered":"https:\/\/www.europesays.com\/es\/253406\/"},"modified":"2025-11-24T15:40:15","modified_gmt":"2025-11-24T15:40:15","slug":"gran-hermano-acelera-en-telecinco-con-una-doble-expulsion-no-he-visto-esto-en-mi-vida","status":"publish","type":"post","link":"https:\/\/www.europesays.com\/es\/253406\/","title":{"rendered":"\u2018Gran Hermano\u2019 acelera en Telecinco con una doble expulsi\u00f3n: \u201cNo he visto esto en mi vida\u201d"},"content":{"rendered":"<p class=\"\">La vig\u00e9sima edici\u00f3n de \u2018Gran Hermano\u2019, uno de los realities m\u00e1s longevos e hist\u00f3ricos de nuestra televisi\u00f3n, <b>contin\u00faa su aventura en Telecinco, aunque no con el \u00e9xito esperado. <\/b>Esta nueva entrega parece no convencer a los espectadores, tal y como reflejan los datos de audiencias, sin embargo, la cadena no tira la toalla y sigue modificando la mec\u00e1nica para intentar enganchar al p\u00fablico.<\/p>\n<p class=\"\">Durante la emisi\u00f3n del domingo, que estuvo liderada como cada semana por Ion Aramendi,<b> los concursantes se quedaron totalmente desencajados al descubrir que era noche de expulsi\u00f3n<\/b> y, por supuesto, de nominaciones. \u201cSi la audiencia no me quiere ver no pasa nada. Si la vida tiene otros planes para m\u00ed tampoco pasa nada. Estoy muy agradecida, muy orgullosa y contenta de esta experiencia\u201c, expresaba Lorena al conocer la decisi\u00f3n de la audiencia.<\/p>\n<p class=\"\">La segunda expulsi\u00f3n de la semana supuso el final de la aventura para Lorena y tambi\u00e9n un monumental enfado en algunos de los habitantes de la casa. <b>\u201cYo sigo sin pesar que se van de verdad. No lo he visto en mi vida. Ser\u00eda innovaci\u00f3n total, porque no he visto una expulsi\u00f3n doble a las dos semanas de entrar\u201d<\/b>, comentaba I\u00f1igo a sus compa\u00f1eros. Lo cierto es que en redes sociales son muchos los que creen que esta estrategia se debe a la idea de Mediaset de finalizar el reality cuanto antes.<\/p>\n<p>Nuevos nominados en \u2018Gran Hermano\u2019<\/p>\n<p class=\"\">La emisi\u00f3n del domingo tambi\u00e9n supuso un importante cambio a la hora de llevar a cabo las nominaciones. Y es que los concursantes<b> fueron divididos en dos grupos: los que nominaban a la cara y los que pod\u00edan hacerlo en el confesionario. <\/b>Paula, Jos\u00e9 Manuel, Almudena y Patricia fueron los elegidos por la casa para exponerse a los votos de los espectadores. <\/p>\n<p>Noticias relacionadas<a href=\"https:\/\/as.com\/tikitakas\/famosos\/que-fue-de-chari-lojo-de-gran-hermano-12-a-trabajar-en-una-carcel-f202511-n\/\" class=\"s_m_w\" title=\"La exconcursante andaluza ha dado un cambio radical en su vida tras su pol\u00e9mico paso por el reality de Telecinco.  \" data-tb-link=\"\" rel=\"nofollow noopener\" target=\"_blank\"><img decoding=\"async\" src=\"https:\/\/www.europesays.com\/es\/wp-content\/uploads\/2025\/11\/WOBN6T4UWVFVDJXJEPKSHDWMF4.png\" alt=\"Qu\u00e9 fue de Chari Lojo, de \u2018Gran hermano 12\u2032 a trabajar en una c\u00e1rcel\" class=\"\" height=\"9\" width=\"16\"   loading=\"lazy\" data-tb-thumbnail=\"\"\/><\/a><a href=\"https:\/\/as.com\/tikitakas\/television\/sofia-aunon-rompe-su-silencio-tras-su-abrupta-salida-de-gran-hermano-no-he-tenido-ni-despedida-f202511-n\/\" class=\"s_m_w\" title=\"La primera eliminada de la vig\u00e9sima edici\u00f3n (junto a su novia Noah) ha reaparecido en plat\u00f3 con Jorge Javier V\u00e1zquez.\" data-tb-link=\"\" rel=\"nofollow noopener\" target=\"_blank\"><img decoding=\"async\" src=\"https:\/\/www.europesays.com\/es\/wp-content\/uploads\/2025\/11\/PF7QDLC2BNEF3GAI5A7JPAR5UQ.png\" alt=\"Sof\u00eda Au\u00f1\u00f3n rompe su silencio tras su abrupta salida de \u2018Gran Hermano\u2019: \u201cNo he tenido ni despedida\u201d\" class=\"\" height=\"9\" width=\"16\"   loading=\"lazy\" data-tb-thumbnail=\"\"\/><\/a><\/p>\n<p class=\"\">Ser\u00e1 el pr\u00f3ximo jueves (salvo cambio de \u00faltima hora) <b>el d\u00eda que se conozca el nombre del \u00faltimo expulsado de \u2018Gran Hermano\u2019<\/b>. En la gala presentada por Jorge Javier V\u00e1zquez un nuevo concursante se sumar\u00e1 a la lista de eliminados en la que ya se encuentran Sof\u00eda, Noah, Diego y Lorena. <\/p>\n<p class=\"\"><b>\u00a1Tus opiniones importan!<\/b> Comenta en los art\u00edculos y suscr\u00edbete gratis a nuestra <a href=\"https:\/\/asfan.as.com\/newsletters\/\" target=\"_blank\" rel=\"nofollow noopener\" title=\"https:\/\/asfan.as.com\/newsletters\/\">newsletter<\/a> y a las alertas informativas en la <a href=\"https:\/\/as.com\/aplicacion-de-as-n\/\" target=\"_blank\" rel=\"nofollow noopener\" title=\"https:\/\/as.com\/aplicacion-de-as-n\/\">App<\/a> o el canal de <a href=\"https:\/\/www.whatsapp.com\/channel\/0029VaAasdA7j6g745nz9M10\" target=\"_blank\" rel=\"nofollow noopener\" title=\"https:\/\/www.whatsapp.com\/channel\/0029VaAasdA7j6g745nz9M10\">WhatsApp<\/a>. \u00bfBuscas licenciar contenido? Haz clic <a href=\"https:\/\/profesional.elpais.com\/landing-sindicacion?utm_medium=interno&amp;utm_source=crosslinking&amp;utm_campaign=sindicacion_as_pie_articulos\" target=\"_blank\" rel=\"nofollow noopener\" title=\"https:\/\/profesional.elpais.com\/landing-sindicacion?utm_medium=interno&amp;utm_source=crosslinking&amp;utm_campaign=sindicacion_as_pie_articulos\">aqu\u00ed<\/a><\/p>\n","protected":false},"excerpt":{"rendered":"La vig\u00e9sima edici\u00f3n de \u2018Gran Hermano\u2019, uno de los realities m\u00e1s longevos e hist\u00f3ricos de nuestra televisi\u00f3n, contin\u00faa&hellip;\n","protected":false},"author":2,"featured_media":253407,"comment_status":"","ping_status":"","sticky":false,"template":"","format":"standard","meta":{"footnotes":""},"categories":[171],"tags":[146,147,25,24,23,214],"class_list":{"0":"post-253406","1":"post","2":"type-post","3":"status-publish","4":"format-standard","5":"has-post-thumbnail","7":"category-tv","8":"tag-entertainment","9":"tag-entretenimiento","10":"tag-es","11":"tag-espana","12":"tag-spain","13":"tag-tv"},"share_on_mastodon":{"url":"https:\/\/pubeurope.com\/@es\/115605433886129109","error":""},"_links":{"self":[{"href":"https:\/\/www.europesays.com\/es\/wp-json\/wp\/v2\/posts\/253406","targetHints":{"allow":["GET"]}}],"collection":[{"href":"https:\/\/www.europesays.com\/es\/wp-json\/wp\/v2\/posts"}],"about":[{"href":"https:\/\/www.europesays.com\/es\/wp-json\/wp\/v2\/types\/post"}],"author":[{"embeddable":true,"href":"https:\/\/www.europesays.com\/es\/wp-json\/wp\/v2\/users\/2"}],"replies":[{"embeddable":true,"href":"https:\/\/www.europesays.com\/es\/wp-json\/wp\/v2\/comments?post=253406"}],"version-history":[{"count":0,"href":"https:\/\/www.europesays.com\/es\/wp-json\/wp\/v2\/posts\/253406\/revisions"}],"wp:featuredmedia":[{"embeddable":true,"href":"https:\/\/www.europesays.com\/es\/wp-json\/wp\/v2\/media\/253407"}],"wp:attachment":[{"href":"https:\/\/www.europesays.com\/es\/wp-json\/wp\/v2\/media?parent=253406"}],"wp:term":[{"taxonomy":"category","embeddable":true,"href":"https:\/\/www.europesays.com\/es\/wp-json\/wp\/v2\/categories?post=253406"},{"taxonomy":"post_tag","embeddable":true,"href":"https:\/\/www.europesays.com\/es\/wp-json\/wp\/v2\/tags?post=253406"}],"curies":[{"name":"wp","href":"https:\/\/api.w.org\/{rel}","templated":true}]}}