{"id":253408,"date":"2025-11-24T15:41:09","date_gmt":"2025-11-24T15:41:09","guid":{"rendered":"https:\/\/www.europesays.com\/es\/253408\/"},"modified":"2025-11-24T15:41:09","modified_gmt":"2025-11-24T15:41:09","slug":"natalia-lacunza-desahoga-frustraciones-en-sabes-que-jenesaispop-com","status":"publish","type":"post","link":"https:\/\/www.europesays.com\/es\/253408\/","title":{"rendered":"Natalia Lacunza desahoga frustraciones en &#8216;SABES QU\u00c9???&#8217; \u2013 jenesaispop.com"},"content":{"rendered":"<p>Natalia Lacunza ha lanzado este viernes \u2018N2STAL5IA\u2019, su segundo disco, que ha venido precedido por los singles \u2018<a href=\"https:\/\/jenesaispop.com\/2025\/05\/13\/498995\/natalia-lacunza-castigo\/\" rel=\"nofollow noopener\" target=\"_blank\">Un castigo<\/a>\u2018 con Jesse Baez, \u2018Apego veroz\u2019, \u2018<a href=\"https:\/\/jenesaispop.com\/2025\/10\/03\/508332\/natalia-lacunza-gira-2026\/\" rel=\"nofollow noopener\" target=\"_blank\">Tu culito<\/a>\u2018 y \u2018<a href=\"https:\/\/jenesaispop.com\/2025\/10\/24\/510038\/natalia-lacunza-disco-singapur\/\" rel=\"nofollow noopener\" target=\"_blank\">Singapur<\/a>\u2018.<\/p>\n<p>El disco revela nuevas joyas como \u2018Plastilina\u2019 y el focus track \u2018SABES QU\u00c9???\u2019 se ha promocionado con un videoclip que la propia Lacunza ha co-dirigido.<\/p>\n<p>\u2018SABES QU\u00c9???\u2019 versa sobre el deseo de Lacunza de liberarse de su propio autocontrol. \u00abA veces necesito soltar las pinzas con las que tengo todo cogido y dejar que todo se destroce a mi alrededor\u00bb, ha explicado en una entrevista reciente. En la canci\u00f3n, Lacunza expresa cansancio por ser siempre \u00abla versi\u00f3n correcta\u00bb de s\u00ed misma y desahoga su frustraci\u00f3n ante los sinsabores que le ha dejado la vida, lo cual incluye relaciones confusas, una b\u00fasqueda constante de validaci\u00f3n, y la sensaci\u00f3n de que el fulgor de la juventud -a sus 26 a\u00f1os- va quedando atr\u00e1s: \u00abSol\u00eda brillar, llegu\u00e9 a tener algo especial\u00bb, canta.<\/p>\n<p>Especialmente sonora es esa frase en que canta que, en esta nueva etapa de la vida, ya \u00abno hay consejos de mam\u00e1\u00bb, sino \u00absolo un mont\u00f3n de mierda que no s\u00e9 tragar\u00bb.<\/p>\n<p>Para contar esta historia llena de amargura e insatisfacci\u00f3n vital, Lacunza elige un sonido pr\u00f3ximo al post-punk pero a\u00fan trabajado con sus colaboradores habituales, Pau Riutort y Pablo Stipicic. El sonido de \u2018SABES QU\u00c9???\u2019 remite al del primer Alizzz, el de \u2018<a href=\"https:\/\/jenesaispop.com\/2021\/02\/12\/407178\/cancion-del-dia-ya-no-siento-nada-confirma-que-la-aventura-solista-de-alizzz-va-en-serio\/\" rel=\"nofollow noopener\" target=\"_blank\">Ya no siento nada<\/a>\u2018.<\/p>\n","protected":false},"excerpt":{"rendered":"Natalia Lacunza ha lanzado este viernes \u2018N2STAL5IA\u2019, su segundo disco, que ha venido precedido por los singles \u2018Un&hellip;\n","protected":false},"author":2,"featured_media":253409,"comment_status":"","ping_status":"","sticky":false,"template":"","format":"standard","meta":{"footnotes":""},"categories":[170],"tags":[146,147,25,24,184,185,63973,23],"class_list":{"0":"post-253408","1":"post","2":"type-post","3":"status-publish","4":"format-standard","5":"has-post-thumbnail","7":"category-musica","8":"tag-entertainment","9":"tag-entretenimiento","10":"tag-es","11":"tag-espana","12":"tag-music","13":"tag-musica","14":"tag-natalia-lacunza","15":"tag-spain"},"share_on_mastodon":{"url":"https:\/\/pubeurope.com\/@es\/115605437463553585","error":""},"_links":{"self":[{"href":"https:\/\/www.europesays.com\/es\/wp-json\/wp\/v2\/posts\/253408","targetHints":{"allow":["GET"]}}],"collection":[{"href":"https:\/\/www.europesays.com\/es\/wp-json\/wp\/v2\/posts"}],"about":[{"href":"https:\/\/www.europesays.com\/es\/wp-json\/wp\/v2\/types\/post"}],"author":[{"embeddable":true,"href":"https:\/\/www.europesays.com\/es\/wp-json\/wp\/v2\/users\/2"}],"replies":[{"embeddable":true,"href":"https:\/\/www.europesays.com\/es\/wp-json\/wp\/v2\/comments?post=253408"}],"version-history":[{"count":0,"href":"https:\/\/www.europesays.com\/es\/wp-json\/wp\/v2\/posts\/253408\/revisions"}],"wp:featuredmedia":[{"embeddable":true,"href":"https:\/\/www.europesays.com\/es\/wp-json\/wp\/v2\/media\/253409"}],"wp:attachment":[{"href":"https:\/\/www.europesays.com\/es\/wp-json\/wp\/v2\/media?parent=253408"}],"wp:term":[{"taxonomy":"category","embeddable":true,"href":"https:\/\/www.europesays.com\/es\/wp-json\/wp\/v2\/categories?post=253408"},{"taxonomy":"post_tag","embeddable":true,"href":"https:\/\/www.europesays.com\/es\/wp-json\/wp\/v2\/tags?post=253408"}],"curies":[{"name":"wp","href":"https:\/\/api.w.org\/{rel}","templated":true}]}}