{"id":253415,"date":"2025-11-24T15:45:36","date_gmt":"2025-11-24T15:45:36","guid":{"rendered":"https:\/\/www.europesays.com\/es\/253415\/"},"modified":"2025-11-24T15:45:36","modified_gmt":"2025-11-24T15:45:36","slug":"muere-jimmy-cliff-leyenda-del-reggae-a-los-81-anos-cultura","status":"publish","type":"post","link":"https:\/\/www.europesays.com\/es\/253415\/","title":{"rendered":"Muere Jimmy Cliff, leyenda del \u2018reggae\u2019, a los 81 a\u00f1os | Cultura"},"content":{"rendered":"<p class=\"\">El m\u00fasico Jimmy Cliff, leyenda del reggae e icono cultural, ha muerto a los 81 a\u00f1os. Su esposa, Latifa Chambers, anunci\u00f3 el fallecimiento en redes sociales: \u201cA todos sus fans de todo el mundo, quiero que sepan que su apoyo fue su fuerza a lo largo de toda su carrera&#8230; Jimmy, mi amor, descansa en paz. Seguir\u00e9 tus deseos\u201d, escribi\u00f3 en Instagram. Originario de Jamaica, Cliff fue cantante y actor, con \u00e9xitos como You Can Get It If You Really Want, I Can See Clearly Now y Wonderful World, Beautiful People, y tuvo un papel protagonista en el drama policiaco M\u00e1s dura ser\u00e1 la ca\u00edda (1972). La pel\u00edcula se considera un punto de inflexi\u00f3n en el cine jamaicano. <\/p>\n<p>M\u00e1s informaci\u00f3n<\/p>\n<p class=\"\">Nacido en un suburbio de St. James, en el noroeste de la isla, Cliff se crio con lo m\u00ednimo en un pa\u00eds muy desigual y pobre. \u201cIba al colegio sin zapatos, algunos amigos me llamaban cari\u00f1osamente el ni\u00f1o sin zapatos y hasta que ellos no me lo dec\u00edan a m\u00ed no me preocupaba tenerlos. Me lavaba los dientes con el dedo, sin pasta ni cepillo\u201d, dijo en una entrevista con este peri\u00f3dico en 2015. \u201cEstaba en una fundaci\u00f3n de mi padre en la que nos ayud\u00e1bamos unos a otros en el barrio. Era muy rica mental y espiritualmente\u201d.<\/p>\n<p class=\"\">Con una intensa voz aguda, Cliff, combin\u00f3 trabajos de solidaridad con grandes causas pol\u00edticas o sociales, atendiendo especialmente al continente africano, con un declarado acercamiento al pop, ejemplificado en la popular Many Rivers to Cross. Con sus dos grandes ojos azules abiertos de par en par, cant\u00f3 \u2014durante la conversaci\u00f3n con EL PA\u00cdS\u2014 I Can See Clearly Now y el camerino se inund\u00f3 de resonancias soul. \u201cSoy original. No soy una copia. Mi voz es aut\u00e9ntica, mi estilo tambi\u00e9n, todo lo que ves es real\u201d. <\/p>\n<p class=\"\">Es uno de los pocos m\u00fasicos, junto con Bob Marley y otros, que ha sido galardonado con la Orden del M\u00e9rito de Jamaica.<\/p>\n<p class=\"\">[Noticia en desarrollo. Habr\u00e1 ampliaci\u00f3n]<\/p>\n","protected":false},"excerpt":{"rendered":"El m\u00fasico Jimmy Cliff, leyenda del reggae e icono cultural, ha muerto a los 81 a\u00f1os. Su esposa,&hellip;\n","protected":false},"author":2,"featured_media":253416,"comment_status":"","ping_status":"","sticky":false,"template":"","format":"standard","meta":{"footnotes":""},"categories":[91],"tags":[1014,3061,209,146,147,25,24,29744,63974,185,17897,23],"class_list":{"0":"post-253415","1":"post","2":"type-post","3":"status-publish","4":"format-standard","5":"has-post-thumbnail","7":"category-entretenimiento","8":"tag-actores","9":"tag-cantantes","10":"tag-cultura","11":"tag-entertainment","12":"tag-entretenimiento","13":"tag-es","14":"tag-espana","15":"tag-jamaica","16":"tag-jimmy-cliff","17":"tag-musica","18":"tag-reggae","19":"tag-spain"},"share_on_mastodon":{"url":"https:\/\/pubeurope.com\/@es\/115605453016859526","error":""},"_links":{"self":[{"href":"https:\/\/www.europesays.com\/es\/wp-json\/wp\/v2\/posts\/253415","targetHints":{"allow":["GET"]}}],"collection":[{"href":"https:\/\/www.europesays.com\/es\/wp-json\/wp\/v2\/posts"}],"about":[{"href":"https:\/\/www.europesays.com\/es\/wp-json\/wp\/v2\/types\/post"}],"author":[{"embeddable":true,"href":"https:\/\/www.europesays.com\/es\/wp-json\/wp\/v2\/users\/2"}],"replies":[{"embeddable":true,"href":"https:\/\/www.europesays.com\/es\/wp-json\/wp\/v2\/comments?post=253415"}],"version-history":[{"count":0,"href":"https:\/\/www.europesays.com\/es\/wp-json\/wp\/v2\/posts\/253415\/revisions"}],"wp:featuredmedia":[{"embeddable":true,"href":"https:\/\/www.europesays.com\/es\/wp-json\/wp\/v2\/media\/253416"}],"wp:attachment":[{"href":"https:\/\/www.europesays.com\/es\/wp-json\/wp\/v2\/media?parent=253415"}],"wp:term":[{"taxonomy":"category","embeddable":true,"href":"https:\/\/www.europesays.com\/es\/wp-json\/wp\/v2\/categories?post=253415"},{"taxonomy":"post_tag","embeddable":true,"href":"https:\/\/www.europesays.com\/es\/wp-json\/wp\/v2\/tags?post=253415"}],"curies":[{"name":"wp","href":"https:\/\/api.w.org\/{rel}","templated":true}]}}