{"id":253419,"date":"2025-11-24T15:48:10","date_gmt":"2025-11-24T15:48:10","guid":{"rendered":"https:\/\/www.europesays.com\/es\/253419\/"},"modified":"2025-11-24T15:48:10","modified_gmt":"2025-11-24T15:48:10","slug":"iberdrola-lanza-una-opa-por-el-162-de-su-filial-brasilena-para-llegar-al-100-empresas","status":"publish","type":"post","link":"https:\/\/www.europesays.com\/es\/253419\/","title":{"rendered":"Iberdrola lanza una opa por el 16,2% de su filial brasile\u00f1a para llegar al 100% | Empresas"},"content":{"rendered":"<p class=\"\">Iberdrola ha presentado una oferta p\u00fablica de adquisici\u00f3n de acciones por el 16,2% del capital de su filial brasile\u00f1a, Neoenerg\u00eda. Con esta operaci\u00f3n, el grupo espa\u00f1ol, que ya controla el 83,8% del capital, <a href=\"https:\/\/cincodias.elpais.com\/companias\/2024-09-26\/la-junta-de-avangrid-aprueba-la-fusion-con-iberdrola.html\" target=\"_self\" rel=\"nofollow noopener\" title=\"https:\/\/cincodias.elpais.com\/companias\/2024-09-26\/la-junta-de-avangrid-aprueba-la-fusion-con-iberdrola.html\">pasar\u00eda a hacerse con el 100% de la sociedad<\/a>, seg\u00fan informa en un comunicado de prensa. <\/p>\n<p class=\"\">Iberdrola ofrece el mismo precio pagado en la reciente adquisici\u00f3n de la participaci\u00f3n de Caixa de Previd\u00eancia dos Funcion\u00e1rios do Banco do Brasil (PREVI) correspondiente a un 30,29% del capital de Neoenerg\u00eda (32,5 reales brasile\u00f1os por acci\u00f3n) actualizado por la tasa oficial de tipos de Brasil, la denominada SELIC. Se espera un desembolso total, antes de su actualizaci\u00f3n seg\u00fan la evoluci\u00f3n de la tasa SELIC y asumiendo que Neoenerg\u00eda no abona ning\u00fan dividendo intermedio, de unos 1.030 millones de euros. <\/p>\n<p class=\"\">Iberdrola indica que la operaci\u00f3n \u201cpermitir\u00e1 simplificar la estructura de Neoenergia, dotando a sus operaciones y financiaci\u00f3n de una mayor flexibilidad y reduciendo gastos derivados del mantenimiento de la negociaci\u00f3n de las acciones en el mercado\u201d. <\/p>\n<p class=\"\">Con esta transacci\u00f3n, que sigue los pasos de lo que hizo con su filial estadounidense, Avangrid, de la que tambi\u00e9n tiene el 100%, <a href=\"https:\/\/cincodias.elpais.com\/companias\/2025-10-28\/iberdrola-gana-6128-millones-de-euros-un-3-menos.html\" target=\"_self\" rel=\"nofollow noopener\" title=\"https:\/\/cincodias.elpais.com\/companias\/2025-10-28\/iberdrola-gana-6128-millones-de-euros-un-3-menos.html\">la energ\u00e9tica que preside Ignacio S\u00e1nchez Gal\u00e1n<\/a> reafirma su apuesta por Brasil y por un modelo de crecimiento basado en las redes el\u00e9ctricas, que suponen el 90% del negocio de Neoenergia. <\/p>\n<p class=\"\">Neoenergia suministra electricidad a cerca de 40 millones de brasile\u00f1os a trav\u00e9s de 5 distribuidoras en los estados de Bahia, Rio Grande do Norte, Pernambuco, Sao Paulo, Mato Grosso do Sul y Brasilia y de 18 l\u00edneas de transporte, lo que la convierte en el primer grupo de distribuci\u00f3n del pa\u00eds por n\u00famero de clientes. Neoenerg\u00eda, que est\u00e1 presente en 18 estados y el Distrito Federal, tiene m\u00e1s de 725.000 kil\u00f3metros de l\u00edneas de distribuci\u00f3n el\u00e9ctrica y 8.000 kil\u00f3metros de l\u00edneas de transporte y cuenta con 3.800 MW de generaci\u00f3n renovable, principalmente hidroel\u00e9ctrica. En todo el mundo Iberdrola cuenta ya con 1.400.000 kil\u00f3metros de l\u00edneas de transporte y distribuci\u00f3n el\u00e9ctrica en<a href=\"https:\/\/cincodias.elpais.com\/companias\/2025-01-22\/iberdrola-pide-ampliar-en-15-anos-la-concesion-de-alcantara-hasta-2076-para-rentabilizar-su-bombeo.html\" target=\"_self\" rel=\"nofollow noopener\" title=\"https:\/\/cincodias.elpais.com\/companias\/2025-01-22\/iberdrola-pide-ampliar-en-15-anos-la-concesion-de-alcantara-hasta-2076-para-rentabilizar-su-bombeo.html\"> Estados Unidos, el Reino Unido, Brasil y Espa\u00f1a<\/a>.<\/p>\n","protected":false},"excerpt":{"rendered":"Iberdrola ha presentado una oferta p\u00fablica de adquisici\u00f3n de acciones por el 16,2% del capital de su filial&hellip;\n","protected":false},"author":2,"featured_media":253420,"comment_status":"","ping_status":"","sticky":false,"template":"","format":"standard","meta":{"footnotes":""},"categories":[80],"tags":[82,95,94,2308,25,24,23],"class_list":{"0":"post-253419","1":"post","2":"type-post","3":"status-publish","4":"format-standard","5":"has-post-thumbnail","7":"category-economia","8":"tag-business","9":"tag-economia","10":"tag-economy","11":"tag-empresas","12":"tag-es","13":"tag-espana","14":"tag-spain"},"share_on_mastodon":{"url":"https:\/\/pubeurope.com\/@es\/115605465018421738","error":""},"_links":{"self":[{"href":"https:\/\/www.europesays.com\/es\/wp-json\/wp\/v2\/posts\/253419","targetHints":{"allow":["GET"]}}],"collection":[{"href":"https:\/\/www.europesays.com\/es\/wp-json\/wp\/v2\/posts"}],"about":[{"href":"https:\/\/www.europesays.com\/es\/wp-json\/wp\/v2\/types\/post"}],"author":[{"embeddable":true,"href":"https:\/\/www.europesays.com\/es\/wp-json\/wp\/v2\/users\/2"}],"replies":[{"embeddable":true,"href":"https:\/\/www.europesays.com\/es\/wp-json\/wp\/v2\/comments?post=253419"}],"version-history":[{"count":0,"href":"https:\/\/www.europesays.com\/es\/wp-json\/wp\/v2\/posts\/253419\/revisions"}],"wp:featuredmedia":[{"embeddable":true,"href":"https:\/\/www.europesays.com\/es\/wp-json\/wp\/v2\/media\/253420"}],"wp:attachment":[{"href":"https:\/\/www.europesays.com\/es\/wp-json\/wp\/v2\/media?parent=253419"}],"wp:term":[{"taxonomy":"category","embeddable":true,"href":"https:\/\/www.europesays.com\/es\/wp-json\/wp\/v2\/categories?post=253419"},{"taxonomy":"post_tag","embeddable":true,"href":"https:\/\/www.europesays.com\/es\/wp-json\/wp\/v2\/tags?post=253419"}],"curies":[{"name":"wp","href":"https:\/\/api.w.org\/{rel}","templated":true}]}}