{"id":253423,"date":"2025-11-24T15:50:12","date_gmt":"2025-11-24T15:50:12","guid":{"rendered":"https:\/\/www.europesays.com\/es\/253423\/"},"modified":"2025-11-24T15:50:12","modified_gmt":"2025-11-24T15:50:12","slug":"otegi-se-compromete-a-dimitir-si-alguien-demuestra-su-reunion-con-sanchez-previa-a-la-mocion-de-censura","status":"publish","type":"post","link":"https:\/\/www.europesays.com\/es\/253423\/","title":{"rendered":"Otegi se compromete a dimitir \u00absi alguien demuestra\u00bb su reuni\u00f3n con S\u00e1nchez previa a la moci\u00f3n de censura"},"content":{"rendered":"<p style=\"\">\u00abSi alguien demuestra que esa reuni\u00f3n se produjo me comprometo ante el pueblo vasco a presentar mi dimisi\u00f3n\u00bb, ha dicho hoy Arnaldo Otegi, en reacci\u00f3n a una exclusiva de &#8216;El Espa\u00f1ol&#8217;, seg\u00fan la cual el l\u00edder de EH Bildu se vio con Pedro S\u00e1nchez  &#8230; para negociar la moci\u00f3n de censura a Mariano Rajoy celebrada entre el 31 de mayo y el 1 junio de 2018. Un encuentro que habr\u00eda propiciado Antxon Alonso (due\u00f1o de Servinabar y socio del ex secretario de Organizaci\u00f3n del PSOE, Santos Cerd\u00e1n), que, seg\u00fan reconoci\u00f3 el propio Otegi este verano fue el encargado de establecer un canal de comunicaci\u00f3n \u00abdiscreto\u00bb entre ambos partidos tras su salida de la c\u00e1rcel en 2016. <\/p>\n<p class=\"voc-p\" style=\"\">De acuerdo con la informaci\u00f3n publicada por este medio, hubo diversos encuentros entre Otegi y la direcci\u00f3n socialista despu\u00e9s de la sentencia de l gurtel (24 de mayo de 2018) que deriv\u00f3 en la moci\u00f3n de censura al Gobierno de Rajoy. En una de ellas, Pedro S\u00e1nchez y Santos Cerd\u00e1n, habr\u00edan volado desde Madrid a Bilbao, donde les esperaba Koldo Garc\u00eda para trasladarles en un coche donde tambi\u00e9n acudi\u00f3 Arnaldo Otegi acompa\u00f1ado de otras dos personas de su confianza. <\/p>\n<p class=\"voc-p\" style=\"\">El mu\u00f1idor de esta cumbre, que dur\u00f3 alrededor de 3 horas y donde Koldo Garc\u00eda se qued\u00f3 en la puerta, habr\u00eda sido Antxon Alonso. No fue el \u00fanico encuentro, lo hablado se habr\u00eda concretado en otros dos encuentros en el mismo caser\u00edo, entre Arnaldo Otegi, Santos Cerd\u00e1n y el due\u00f1o de Servinabar. \u00abEs rotundamente falso que existiera esa reuni\u00f3n. Creo que tengo acreditada cierta credibilidad ante nuestro pueblo. Nunca he hablado con Pedro S\u00e1nchez\u00bb, ha dicho este lunes el secretario general de EH Bildu. <\/p>\n<p class=\"voc-p\" style=\"\">Otegi ha negado que tuviera ninguna \u00abresponsabilidad directa\u00bb en la negociaci\u00f3n de la moci\u00f3n de censura: \u00abY si la hubiese tenido no tendr\u00eda ning\u00fan problema en decirlo\u00bb. Adem\u00e1s, ha se\u00f1alado a Koldo Garc\u00eda como \u00abcolaborador de la Guardia Civil\u00bb, acus\u00e1ndole de mentir: \u00abSeguramente estar\u00e1 pactando como salvar su piel ante la judicatura. Es rotundamente falso. Yo jam\u00e1s he estado reunido con Pedro S\u00e1nchez\u00bb. <\/p>\n<p class=\"voc-p\" style=\"\">Fue el pasado mes de junio, en su declaraci\u00f3n ante el Tribunal Supremo y antes de ser enviado a prisi\u00f3n preventiva, cuando Santos Cerd\u00e1n desvel\u00f3 el papel como mediador de Antxon Alonso con EH Bildu y el PNV de cara a la moci\u00f3n de censura. Ambos se conoc\u00edan desde 2006, seg\u00fan las investigaciones de la Guardia Civil, cuando Cerd\u00e1n era concejal en Milagro (Navarra), y el ex secretario de Organizaci\u00f3n del PSOE le utiliz\u00f3 para ponerse en contacto con Otegi, dado que ambos son del mismo pueblo Elgoibar (Guip\u00fazcoa).<\/p>\n<p class=\"voc-p\" style=\"\">As\u00ed, mientras el PNV se apresur\u00f3 a desmentir la mediaci\u00f3n de Antxon Alonso, a pesar de su contrastable relaci\u00f3n con figuras empresariales de la \u00f3rbita nacionalista, el l\u00edder de EH Bildu reconoci\u00f3 su papel en dos ocasiones despu\u00e9s  de su salida de prisi\u00f3n. En un primera reuni\u00f3n, de acuerdo con las palabras de Otegi, Antxon Alonso le traslad\u00f3 que hab\u00eda alguien en el Partido Socialista de Navarra (PSN) que quer\u00eda ponerse en contacto con \u00e9l. <\/p>\n<p class=\"voc-p\" style=\"\">Era Santos Cerd\u00e1n que por aquel entonces (entre 2011 y 2017) ocupaba la secretar\u00eda de Organizaci\u00f3n del PSN y tuvo un papel clave en la recogida de avales en la regi\u00f3n para la candidatura de Pedro S\u00e1nchez a las primarias del PSOE celebradas en 2017. En la segunda reuni\u00f3n con Antxon Alonso reconocida por Otegi ya estaba Cerd\u00e1n, y sirvi\u00f3 para establecer un canal de comunicaci\u00f3n \u00abdiscreto\u00bb entre el PSOE y EH Bildu.<\/p>\n<p class=\"voc-p\" style=\"\">Una \u00abv\u00eda de comunicaci\u00f3n\u00bb que, dando por buenas las palabras de Cerd\u00e1n y Otegi, habr\u00eda sido la primera piedra en la alianza entre Pedro S\u00e1nchez y EH Bildu. Un hecho clave para sus tres investiduras como presidente del Gobierno (en 2018, 2019 y 2023) y m\u00faltiples votaciones de calado en el Congreso de los Diputados, pero tambi\u00e9n para otros l\u00edderes socialistas como Mar\u00eda Chivite. La presidenta de Navarra, que ten\u00eda en Cerd\u00e1n un amigo y valedor, pues coincidi\u00f3 con \u00e9l en su ascenso dentro del PSN, alcanz\u00f3 la presidencia de la Comunidad Foral por primera vez gracias a la abstenci\u00f3n de EH Bildu en 2019. <\/p>\n<p class=\"voc-p\" style=\"\">Cuatro a\u00f1os antes, y a un mes de las elecciones auton\u00f3micas y municipales previas en la comunidad aut\u00f3noma, S\u00e1nchez enunciaba otra de sus frases m\u00e1s recordadas: \u00abCon Bildu no vamos a pactar; si quiere se lo digo 5 veces o 20. Con Bildu no vamos a pactar\u00bb. Tras esto y aunque nunca se ha hecho p\u00fablica la contrapartida exigida por Bildu, se ejecut\u00f3 el traspaso de la Administraci\u00f3n Penitenciaria al Pa\u00eds Vasco en 2021, se complet\u00f3 el acercamiento de los presos etarras poniendo fin a la pol\u00edtica de dispersi\u00f3n en 2023 y en diciembre de ese mismo a\u00f1o el PSN brind\u00f3 la alcald\u00eda de Pamplona a Joseba Asiron, con su voto a favor en la moci\u00f3n de censura a Cristina Ibarrola (UPN). <\/p>\n","protected":false},"excerpt":{"rendered":"\u00abSi alguien demuestra que esa reuni\u00f3n se produjo me comprometo ante el pueblo vasco a presentar mi dimisi\u00f3n\u00bb,&hellip;\n","protected":false},"author":2,"featured_media":253424,"comment_status":"","ping_status":"","sticky":false,"template":"","format":"standard","meta":{"footnotes":""},"categories":[8],"tags":[20948,17,18,3374,2453,7779,28764,25,24,13,14,11,19,20,1351,9,10,15,16,63975,22611,7458,199,23,12,21,22],"class_list":{"0":"post-253423","1":"post","2":"type-post","3":"status-publish","4":"format-standard","5":"has-post-thumbnail","7":"category-espana","8":"tag-alguien","9":"tag-breaking-news","10":"tag-breakingnews","11":"tag-censura","12":"tag-compromete","13":"tag-demuestra","14":"tag-dimitir","15":"tag-es","16":"tag-espana","17":"tag-featured-news","18":"tag-featurednews","19":"tag-headlines","20":"tag-latest-news","21":"tag-latestnews","22":"tag-mocion","23":"tag-news","24":"tag-noticias","25":"tag-noticias-destacadas","26":"tag-noticiasdestacadas","27":"tag-otegi","28":"tag-previa","29":"tag-reunion","30":"tag-sanchez","31":"tag-spain","32":"tag-titulares","33":"tag-ultimas-noticias","34":"tag-ultimasnoticias"},"share_on_mastodon":{"url":"https:\/\/pubeurope.com\/@es\/115605473221705099","error":""},"_links":{"self":[{"href":"https:\/\/www.europesays.com\/es\/wp-json\/wp\/v2\/posts\/253423","targetHints":{"allow":["GET"]}}],"collection":[{"href":"https:\/\/www.europesays.com\/es\/wp-json\/wp\/v2\/posts"}],"about":[{"href":"https:\/\/www.europesays.com\/es\/wp-json\/wp\/v2\/types\/post"}],"author":[{"embeddable":true,"href":"https:\/\/www.europesays.com\/es\/wp-json\/wp\/v2\/users\/2"}],"replies":[{"embeddable":true,"href":"https:\/\/www.europesays.com\/es\/wp-json\/wp\/v2\/comments?post=253423"}],"version-history":[{"count":0,"href":"https:\/\/www.europesays.com\/es\/wp-json\/wp\/v2\/posts\/253423\/revisions"}],"wp:featuredmedia":[{"embeddable":true,"href":"https:\/\/www.europesays.com\/es\/wp-json\/wp\/v2\/media\/253424"}],"wp:attachment":[{"href":"https:\/\/www.europesays.com\/es\/wp-json\/wp\/v2\/media?parent=253423"}],"wp:term":[{"taxonomy":"category","embeddable":true,"href":"https:\/\/www.europesays.com\/es\/wp-json\/wp\/v2\/categories?post=253423"},{"taxonomy":"post_tag","embeddable":true,"href":"https:\/\/www.europesays.com\/es\/wp-json\/wp\/v2\/tags?post=253423"}],"curies":[{"name":"wp","href":"https:\/\/api.w.org\/{rel}","templated":true}]}}