{"id":253425,"date":"2025-11-24T15:51:12","date_gmt":"2025-11-24T15:51:12","guid":{"rendered":"https:\/\/www.europesays.com\/es\/253425\/"},"modified":"2025-11-24T15:51:12","modified_gmt":"2025-11-24T15:51:12","slug":"afectaciones-de-la-movilidad-por-la-manifestacion-del-25-de-noviembre-movilidad-y-transportes","status":"publish","type":"post","link":"https:\/\/www.europesays.com\/es\/253425\/","title":{"rendered":"Afectaciones de la movilidad por la manifestaci\u00f3n del 25 de noviembre | Movilidad y transportes"},"content":{"rendered":"<p>El recorrido de la manifestaci\u00f3n ser\u00e1 el siguiente:<br \/>Rda. Universitat (en sentido contrario) \u2013 pl. Catalunya, lado monta\u00f1a (en sentido contrario) \u2013 rda. Sant Pere (en sentido contrario) \u2013 pl. Urquinaona \u2013 V\u00eda Laietana \u2013 pl. Antoni Maura \u2013 av. Francesc Camb\u00f3.<\/p>\n<p><strong>Prohibici\u00f3n de estacionamiento<\/strong><\/p>\n<p>Se colocar\u00e1 la se\u00f1alizaci\u00f3n excepcional de prohibici\u00f3n de estacionamiento, incluidas las motos en la acera, desde las 14.00 hasta las 22.00 horas del d\u00eda 25 de noviembre, en:<\/p>\n<ul>\n<li>Pl. Universitat, lado mar.<\/li>\n<li>Av. Francesc Camb\u00f3, desde Freixures hasta pl. Antoni Maura (ambos lados).<\/li>\n<\/ul>\n<p>Los veh\u00edculos que, a pesar de la se\u00f1alizaci\u00f3n y las medidas adoptadas por la organizaci\u00f3n, queden estacionados en estos tramos de calles, los retirar\u00e1 el servicio de gr\u00faas de BSM.<\/p>\n<p><strong>Cortes de circulaci\u00f3n<\/strong><\/p>\n<p>Se proh\u00edbe la circulaci\u00f3n de veh\u00edculos, desde las 17.30 horas hasta las 22.00 horas del martes, 25 de noviembre, en:<\/p>\n<ul>\n<li>Rda. Sant Antoni (ambos lados), desde Sep\u00falveda hasta rda. Universitat.<\/li>\n<li>Rda. Universitat (ambos lados), desde pl. Catalunya hasta pl. Universitat.<\/li>\n<li>Pl. Catalunya (ambos lados, calzada mar).<\/li>\n<li>Rda. Sant Pere, desde pl. Urquinaona hasta pl. Catalunya (ambos lados).<\/li>\n<li>Pl. Urquinaona (calzada Llobregat, ambos lados).<\/li>\n<li>Via Laietana (ambos lados), desde pl. Urquinaona hasta av. Catedral.<\/li>\n<li>Pl. Catedral (zona de estacionamiento de motos).<\/li>\n<li>Avda. Francesc Camb\u00f3, desde Mercaders hasta pl. Antoni Maura (ambos lados).<\/li>\n<\/ul>\n<p>El trazado del recorrido provoca que, en determinados tramos, queden zonas rodeadas por el desplazamiento de la manifestaci\u00f3n, sin posibilidad de que los veh\u00edculos estacionados se pongan en movimiento y que el tr\u00e1fico residual tenga salida hasta el paso de la cola. Seg\u00fan las calzadas se vayan liberando de manifestantes, se normalizar\u00e1 progresivamente el tr\u00e1fico.<\/p>\n<p><strong>Transporte p\u00fablico<\/strong><\/p>\n<p>Habr\u00e1 varias l\u00edneas de bus que se desviar\u00e1n o de las cuales se limitar\u00e1 el recorrido durante la movilizaci\u00f3n: <a href=\"https:\/\/www.tmb.cat\/ca\/barcelona\/autobusos\/-\/lineabus\/D50\" rel=\"nofollow noopener\" target=\"_blank\">D50<\/a>, <a href=\"https:\/\/www.tmb.cat\/ca\/barcelona\/autobusos\/-\/lineabus\/H16\" rel=\"nofollow noopener\" target=\"_blank\">H16<\/a>, <a href=\"https:\/\/www.tmb.cat\/ca\/barcelona\/autobusos\/-\/lineabus\/V15\" rel=\"nofollow noopener\" target=\"_blank\">V15<\/a>, <a href=\"https:\/\/www.tmb.cat\/ca\/barcelona\/autobusos\/-\/lineabus\/V17\" rel=\"nofollow noopener\" target=\"_blank\">V17<\/a>, <a href=\"https:\/\/www.tmb.cat\/ca\/barcelona\/autobusos\/-\/lineabus\/19\" rel=\"nofollow noopener\" target=\"_blank\">19<\/a>, <a href=\"https:\/\/www.tmb.cat\/ca\/barcelona\/autobusos\/-\/lineabus\/22\" rel=\"nofollow noopener\" target=\"_blank\">22<\/a>, <a href=\"https:\/\/www.tmb.cat\/ca\/barcelona\/autobusos\/-\/lineabus\/24\" rel=\"nofollow noopener\" target=\"_blank\">24<\/a>, <a href=\"https:\/\/www.tmb.cat\/ca\/barcelona\/autobusos\/-\/lineabus\/39\" rel=\"nofollow noopener\" target=\"_blank\">39<\/a>, <a href=\"https:\/\/www.tmb.cat\/ca\/barcelona\/autobusos\/-\/lineabus\/47\" rel=\"nofollow noopener\" target=\"_blank\">47<\/a>, <a href=\"https:\/\/www.tmb.cat\/ca\/barcelona\/autobusos\/-\/lineabus\/52\" rel=\"nofollow noopener\" target=\"_blank\">52<\/a>, <a href=\"https:\/\/www.tmb.cat\/ca\/barcelona\/autobusos\/-\/lineabus\/54\" rel=\"nofollow noopener\" target=\"_blank\">54<\/a>, <a href=\"https:\/\/www.tmb.cat\/ca\/barcelona\/autobusos\/-\/lineabus\/55\" rel=\"nofollow noopener\" target=\"_blank\">55<\/a>, <a href=\"https:\/\/www.tmb.cat\/ca\/barcelona\/autobusos\/-\/lineabus\/59\" rel=\"nofollow noopener\" target=\"_blank\">59<\/a>, <a href=\"https:\/\/www.tmb.cat\/ca\/barcelona\/autobusos\/-\/lineabus\/63\" rel=\"nofollow noopener\" target=\"_blank\">63<\/a> y\u00a0<a href=\"https:\/\/www.tmb.cat\/ca\/barcelona\/autobusos\/-\/lineabus\/120\" rel=\"nofollow noopener\" target=\"_blank\">120<\/a>.<\/p>\n","protected":false},"excerpt":{"rendered":"El recorrido de la manifestaci\u00f3n ser\u00e1 el siguiente:Rda. Universitat (en sentido contrario) \u2013 pl. Catalunya, lado monta\u00f1a (en&hellip;\n","protected":false},"author":2,"featured_media":253426,"comment_status":"","ping_status":"","sticky":false,"template":"","format":"standard","meta":{"footnotes":""},"categories":[5],"tags":[17,18,25,24,13,14,11,19,20,9,10,15,16,23,12,21,22],"class_list":{"0":"post-253425","1":"post","2":"type-post","3":"status-publish","4":"format-standard","5":"has-post-thumbnail","7":"category-titulares","8":"tag-breaking-news","9":"tag-breakingnews","10":"tag-es","11":"tag-espana","12":"tag-featured-news","13":"tag-featurednews","14":"tag-headlines","15":"tag-latest-news","16":"tag-latestnews","17":"tag-news","18":"tag-noticias","19":"tag-noticias-destacadas","20":"tag-noticiasdestacadas","21":"tag-spain","22":"tag-titulares","23":"tag-ultimas-noticias","24":"tag-ultimasnoticias"},"share_on_mastodon":{"url":"https:\/\/pubeurope.com\/@es\/115605476687297420","error":""},"_links":{"self":[{"href":"https:\/\/www.europesays.com\/es\/wp-json\/wp\/v2\/posts\/253425","targetHints":{"allow":["GET"]}}],"collection":[{"href":"https:\/\/www.europesays.com\/es\/wp-json\/wp\/v2\/posts"}],"about":[{"href":"https:\/\/www.europesays.com\/es\/wp-json\/wp\/v2\/types\/post"}],"author":[{"embeddable":true,"href":"https:\/\/www.europesays.com\/es\/wp-json\/wp\/v2\/users\/2"}],"replies":[{"embeddable":true,"href":"https:\/\/www.europesays.com\/es\/wp-json\/wp\/v2\/comments?post=253425"}],"version-history":[{"count":0,"href":"https:\/\/www.europesays.com\/es\/wp-json\/wp\/v2\/posts\/253425\/revisions"}],"wp:featuredmedia":[{"embeddable":true,"href":"https:\/\/www.europesays.com\/es\/wp-json\/wp\/v2\/media\/253426"}],"wp:attachment":[{"href":"https:\/\/www.europesays.com\/es\/wp-json\/wp\/v2\/media?parent=253425"}],"wp:term":[{"taxonomy":"category","embeddable":true,"href":"https:\/\/www.europesays.com\/es\/wp-json\/wp\/v2\/categories?post=253425"},{"taxonomy":"post_tag","embeddable":true,"href":"https:\/\/www.europesays.com\/es\/wp-json\/wp\/v2\/tags?post=253425"}],"curies":[{"name":"wp","href":"https:\/\/api.w.org\/{rel}","templated":true}]}}