{"id":253427,"date":"2025-11-24T15:57:09","date_gmt":"2025-11-24T15:57:09","guid":{"rendered":"https:\/\/www.europesays.com\/es\/253427\/"},"modified":"2025-11-24T15:57:09","modified_gmt":"2025-11-24T15:57:09","slug":"el-equipo-kern-pharma-anuncia-sus-bajas-entre-las-que-se","status":"publish","type":"post","link":"https:\/\/www.europesays.com\/es\/253427\/","title":{"rendered":"El Equipo Kern Pharma anuncia sus bajas, entre las que se&#8230;"},"content":{"rendered":"<p>                    El equipo farmac\u00e9utico dice adi\u00f3s a Pau Miquel, Jos\u00e9 F\u00e9lix Parra, Unai Aznar, Miguel \u00c1ngel Fern\u00e1ndez, Kiko Galv\u00e1n y Haimar Etxeberria, que fichar\u00e1 por el Red Bull-BORA.<\/p>\n<p class=\"c-mainarticle__date\">\n<p>                    24 de noviembre de 2025 (12:00 CET)<\/p>\n<p>                                                                                                                                        <img fetchpriority=\"high\" decoding=\"async\" src=\"https:\/\/www.europesays.com\/es\/wp-content\/uploads\/2025\/11\/el-equipo-kern-pharma-anuncia-sus-bajas.jpeg\" alt=\"El Equipo Kern Pharma anuncia sus bajas\" title=\"El Equipo Kern Pharma anuncia sus bajas\" class=\"c-mainarticle__img\" loading=\"eager\" width=\"790\" height=\"454\"\/><\/p>\n<p>                    El Equipo Kern Pharma anuncia sus bajas<\/p>\n<p>\u00ab<strong>Decimos adi\u00f3s a seis corredores que no continuar\u00e1n con nosotros en 2026<\/strong>. Gracias por vuestro compromiso, por el trabajo de tantos a\u00f1os y por la manera en que hab\u00e9is formado parte de este proyecto. Hemos re\u00eddo, sufrido y crecido juntos y os deseamos la mejor de las suertes\u00bb<\/p>\n<p>Con este mensaje en sus redes sociales, el <strong>Equipo Kern Pharma dice adi\u00f3s <\/strong>a seis de sus corredores de la plantilla de este a\u00f1o:\u00a0<strong>Pau Miquel<\/strong> (que <a data-external=\"1\" href=\"https:\/\/www.ciclismoafondo.es\/competicion\/noticias-resultados-ciclismo\/pau-miquel-correra-en-bahrain-victorious-dos-proximas-temporadas_314994_102.html\" rel=\"nofollow noopener\" target=\"_blank\" title=\"ha fichado por Bahrain Victorious\">ha fichado por Bahrain Victorious<\/a> para las dos pr\u00f3ximas temporadas), <strong>Jos\u00e9 F\u00e9lix Parra<\/strong> (que <a data-external=\"1\" href=\"https:\/\/www.ciclismoafondo.es\/competicion\/noticias-resultados-ciclismo\/jose-felix-parra-escalador-puro-caja-rural-seguros-rga_315614_102.html\" rel=\"nofollow noopener\" target=\"_blank\" title=\"correr\u00e1 en Caja Rural-Seguros RGA\">correr\u00e1 en Caja Rural-Seguros RGA<\/a>), <strong>Unai Aznar<\/strong>\u00a0(que <a data-external=\"1\" href=\"https:\/\/www.ciclismoafondo.es\/competicion\/noticias-resultados-ciclismo\/unai-aznar-refuerzo-todoterreno-euskaltel-euskadi_318024_102.html\" rel=\"nofollow noopener\" target=\"_blank\" title=\"ha fichado por Euskaltel-Euskadi\">ficha\u00a0por Euskaltel-Euskadi<\/a>), <strong>Miguel \u00c1ngel Fern\u00e1ndez<\/strong>, <strong>Kiko Galv\u00e1n<\/strong> y el guipuzcoano\u00a0<strong>Haimar Etxeberria<\/strong>\u00a0&#8211;<a data-external=\"1\" href=\"https:\/\/www.ciclismoafondo.es\/competicion\/noticias-resultados-ciclismo\/haimar-etxeberria-kern-pharma-conquista-clasica-castilla-leon-en-castillo-penafiel_313587_102.html\" rel=\"nofollow noopener\" target=\"_blank\" title=\"ganador este a\u00f1o de la Vuelta a Castilla y Leon\">ganador este a\u00f1o de la Vuelta a Castilla y Leon<\/a>&#8211; que aunque ten\u00eda contrato hasta 2027 ha negociado la rescinsi\u00f3n del mismo y en breve se podr\u00eda anunciar su fichaje por el\u00a0Red Bull &#8211; BORA &#8211; hansgrohe.<\/p>\n<blockquote class=\"twitter-tweet\"><p>&#13;<\/p>\n<p dir=\"ltr\" lang=\"es\">\ud83d\udc9a Decimos adi\u00f3s a seis corredores que no continuar\u00e1n con nosotros en 2026<\/p>\n<p>Gracias por vuestro compromiso, por el trabajo de tantos a\u00f1os y por la manera en que hab\u00e9is formado parte de este proyecto. Hemos re\u00eddo, sufrido y crecido juntos y os deseamos la mejor de las suertes <a href=\"https:\/\/t.co\/2wB8I6oncc\" rel=\"nofollow\">pic.twitter.com\/2wB8I6oncc<\/a><\/p>\n<p>&#13;<br \/>\n\u2014 Equipo Kern Pharma (@EqKernPharma) <a href=\"https:\/\/twitter.com\/EqKernPharma\/status\/1992886646174585306?ref_src=twsrc%5Etfw\" rel=\"nofollow noopener\" target=\"_blank\">November 24, 2025<\/a>\n<\/p><\/blockquote>\n<p>Tambi\u00e9n ha finalizado contrato el colombiano <strong>Iv\u00e1n Ramiro Sosa<\/strong>, que podr\u00eda renovar con el\u00a0equipo farmac\u00e9utico, aunque oficialmente a\u00fan no se conoce su futuro.\u00a0<\/p>\n<p>En el cap\u00edtulo de altas para 2026\u00a0el\u00a0Equipo Kern Pharma ha oficializado hasta el momento las de\u00a0<strong>Iker G\u00f3mez, C\u00e9sar P\u00e9rez,<\/strong>\u00a0<strong>Unai Ramos<\/strong>\u00a0-los tres procedentes del filial\u00a0Equipo Finisher &#8211; Kern Pharma- y <strong>Jos\u00e9 Mar\u00eda Mart\u00edn <\/strong>(Extremadura &#8211; Pebetero).\u00a0<\/p>\n<p>\u00a0<\/p>\n<p><script async src=\"https:\/\/platform.twitter.com\/widgets.js\" charset=\"utf-8\"><\/script><\/p>\n","protected":false},"excerpt":{"rendered":"El equipo farmac\u00e9utico dice adi\u00f3s a Pau Miquel, Jos\u00e9 F\u00e9lix Parra, Unai Aznar, Miguel \u00c1ngel Fern\u00e1ndez, Kiko Galv\u00e1n&hellip;\n","protected":false},"author":2,"featured_media":253428,"comment_status":"","ping_status":"","sticky":false,"template":"","format":"standard","meta":{"footnotes":""},"categories":[273],"tags":[313,312,168,25,24,23,167],"class_list":{"0":"post-253427","1":"post","2":"type-post","3":"status-publish","4":"format-standard","5":"has-post-thumbnail","7":"category-ciclismo","8":"tag-ciclismo","9":"tag-cycling","10":"tag-deportes","11":"tag-es","12":"tag-espana","13":"tag-spain","14":"tag-sports"},"share_on_mastodon":{"url":"https:\/\/pubeurope.com\/@es\/115605500635796982","error":""},"_links":{"self":[{"href":"https:\/\/www.europesays.com\/es\/wp-json\/wp\/v2\/posts\/253427","targetHints":{"allow":["GET"]}}],"collection":[{"href":"https:\/\/www.europesays.com\/es\/wp-json\/wp\/v2\/posts"}],"about":[{"href":"https:\/\/www.europesays.com\/es\/wp-json\/wp\/v2\/types\/post"}],"author":[{"embeddable":true,"href":"https:\/\/www.europesays.com\/es\/wp-json\/wp\/v2\/users\/2"}],"replies":[{"embeddable":true,"href":"https:\/\/www.europesays.com\/es\/wp-json\/wp\/v2\/comments?post=253427"}],"version-history":[{"count":0,"href":"https:\/\/www.europesays.com\/es\/wp-json\/wp\/v2\/posts\/253427\/revisions"}],"wp:featuredmedia":[{"embeddable":true,"href":"https:\/\/www.europesays.com\/es\/wp-json\/wp\/v2\/media\/253428"}],"wp:attachment":[{"href":"https:\/\/www.europesays.com\/es\/wp-json\/wp\/v2\/media?parent=253427"}],"wp:term":[{"taxonomy":"category","embeddable":true,"href":"https:\/\/www.europesays.com\/es\/wp-json\/wp\/v2\/categories?post=253427"},{"taxonomy":"post_tag","embeddable":true,"href":"https:\/\/www.europesays.com\/es\/wp-json\/wp\/v2\/tags?post=253427"}],"curies":[{"name":"wp","href":"https:\/\/api.w.org\/{rel}","templated":true}]}}