{"id":253431,"date":"2025-11-24T16:00:09","date_gmt":"2025-11-24T16:00:09","guid":{"rendered":"https:\/\/www.europesays.com\/es\/253431\/"},"modified":"2025-11-24T16:00:09","modified_gmt":"2025-11-24T16:00:09","slug":"golea-recupera-efectivos-a-su-mejor-nivel-y-ya-acaricia-el-liderato","status":"publish","type":"post","link":"https:\/\/www.europesays.com\/es\/253431\/","title":{"rendered":"golea, recupera efectivos a su mejor nivel y ya acaricia el liderato"},"content":{"rendered":"<p data-gtm-element-container=\"modulo-texto-link\" class=\"paragraph\">El retorno al<strong> Spotify Camp Nou<\/strong> lleg\u00f3 acompa\u00f1ado de alegr\u00edas para el barcelonismo, y no solo por la vuelta a casa, sino porque el <strong>Bar\u00e7a <\/strong>cada d\u00eda se acerca m\u00e1s a la mejor versi\u00f3n del equipo que deslumbr\u00f3 la temporada pasada. A ello, se sum\u00f3 ayer el pinchazo del <strong>Real Madrid<\/strong> en Elche (2-2), que deja el liderato a solo un punto.\u00a0<\/p>\n<p data-gtm-element-container=\"modulo-texto-link\" class=\"paragraph\">Despu\u00e9s de cambiar el \u2018shit november\u2019 del curso pasado por el \u2018shit october\u2019 de este a\u00f1o, donde el equipo sum\u00f3 tres derrotas en cinco partidos (<strong>PSG, Sevilla y Madrid<\/strong>), adem\u00e1s de ganar por la m\u00ednima al Girona y golear con un resultado algo enga\u00f1oso a <strong>Olympiacos <\/strong>(6-1), el <strong>Bar\u00e7a <\/strong>afronta el decisivo encuentro de este martes ante el <strong>Chelsea <\/strong>en <strong>Stamford Bridge <\/strong>en un momento dulce.  Pese a llegar a acumular hasta siete bajas, en este noviembre los de <strong>Flick <\/strong>han logrado sumar tres triunfos de tres en LaLiga, los dos \u00faltimos con goleadas al <strong>Celta <\/strong>en Bala\u00eddos (2-4) y frente al <strong>Athletic <\/strong>(4-0). Ni siquiera el traspi\u00e9 en <strong>Brujas <\/strong>en la Champions (3-3) puede empa\u00f1ar la racha de resultados \u2013los cul\u00e9s est\u00e1n a solo dos puntos de los puestos que dan acceso directo a octavos\u2013, que adem\u00e1s va acompa\u00f1ada de grandes momentos de forma de algunos jugadores.<\/p>\n<p data-gtm-element-container=\"modulo-texto-link\" class=\"paragraph\"><strong>Robert Lewandowski<\/strong>, que el s\u00e1bado entr\u00f3 en la historia del <strong>Bar\u00e7a <\/strong>por ser el primer goleador del nuevo Spotify Camp Nou, con sus cuatro goles en los dos \u00faltimos partidos se ha alzado ya como el segundo m\u00e1ximo artillero del equipo, con ocho tantos, solo superado por otro inspirado <strong>Ferran Torres <\/strong>(9). El Tibur\u00f3n, a base de trabajo y de constancia, ha peleado por el puesto de \u20189\u2019 y ha logrado rendir a buen nivel cuando el polaco ha estado lesionado, incluso siendo una primera opci\u00f3n para <strong>Flick <\/strong>por delante de <strong>Lewy<\/strong>. El s\u00e1bado se ausent\u00f3 <strong>Rashford <\/strong>por gripe y Ferran respondi\u00f3 a las mil maravillas jugando en la izquierda firmando un doblete.<\/p>\n<p>    Lee tambi\u00e9n<\/p>\n<p data-gtm-element-container=\"modulo-texto-link\" class=\"paragraph\">A ellos se suma <strong>Lamine<\/strong>, que despu\u00e9s de someterse al tratamiento de radiofrecuencia, junto con las intensivas sesiones de trabajo con los fisioterapeutas y el trabajo en el gimnasio, el \u201810\u2019 cada vez da m\u00e1s se\u00f1ales de dejar atr\u00e1s la pubalgia que  no le dej\u00f3 brillar en el <strong>Bernab\u00e9u <\/strong>y lo convirti\u00f3 en el centro de las cr\u00edticas.<\/p>\n<p data-gtm-element-container=\"modulo-texto-link\" class=\"paragraph\">Pero la lista contin\u00faa con <strong>Ferm\u00edn<\/strong>, que a pesar de que en verano recibi\u00f3 la presi\u00f3n del <strong>Chelsea <\/strong>para marcharse, decidi\u00f3 quedarse y pelear por un puesto en el once hasta lograrlo. A d\u00eda de hoy, el de El Campillo le ha pasado por delante a Olmo en la mediapunta. Su hambre, sus ganas y su gol han convencido a <strong>Flick<\/strong>. Por si no fuera poco, <strong>Eric Garcia<\/strong> ha emergido como el multiusos perfecto. Su \u00faltimo recital, ante el Athletic de pivote, donde particip\u00f3 en dos de los cuatro goles. Y ahora vuelven De Jong \u2013tras sanci\u00f3n\u2013, <strong>Raphinha<\/strong>, <strong>Rashford <\/strong>y solo quedar\u00e1 <strong>Pedri<\/strong>, que est\u00e1 cerca, pero no pinta que llegue para ma\u00f1ana.<\/p>\n","protected":false},"excerpt":{"rendered":"El retorno al Spotify Camp Nou lleg\u00f3 acompa\u00f1ado de alegr\u00edas para el barcelonismo, y no solo por la&hellip;\n","protected":false},"author":2,"featured_media":253432,"comment_status":"","ping_status":"","sticky":false,"template":"","format":"standard","meta":{"footnotes":""},"categories":[268],"tags":[168,25,24,280,282,281,23,167],"class_list":{"0":"post-253431","1":"post","2":"type-post","3":"status-publish","4":"format-standard","5":"has-post-thumbnail","7":"category-futbol","8":"tag-deportes","9":"tag-es","10":"tag-espana","11":"tag-football","12":"tag-futbol","13":"tag-soccer","14":"tag-spain","15":"tag-sports"},"share_on_mastodon":{"url":"https:\/\/pubeurope.com\/@es\/115605512174506633","error":""},"_links":{"self":[{"href":"https:\/\/www.europesays.com\/es\/wp-json\/wp\/v2\/posts\/253431","targetHints":{"allow":["GET"]}}],"collection":[{"href":"https:\/\/www.europesays.com\/es\/wp-json\/wp\/v2\/posts"}],"about":[{"href":"https:\/\/www.europesays.com\/es\/wp-json\/wp\/v2\/types\/post"}],"author":[{"embeddable":true,"href":"https:\/\/www.europesays.com\/es\/wp-json\/wp\/v2\/users\/2"}],"replies":[{"embeddable":true,"href":"https:\/\/www.europesays.com\/es\/wp-json\/wp\/v2\/comments?post=253431"}],"version-history":[{"count":0,"href":"https:\/\/www.europesays.com\/es\/wp-json\/wp\/v2\/posts\/253431\/revisions"}],"wp:featuredmedia":[{"embeddable":true,"href":"https:\/\/www.europesays.com\/es\/wp-json\/wp\/v2\/media\/253432"}],"wp:attachment":[{"href":"https:\/\/www.europesays.com\/es\/wp-json\/wp\/v2\/media?parent=253431"}],"wp:term":[{"taxonomy":"category","embeddable":true,"href":"https:\/\/www.europesays.com\/es\/wp-json\/wp\/v2\/categories?post=253431"},{"taxonomy":"post_tag","embeddable":true,"href":"https:\/\/www.europesays.com\/es\/wp-json\/wp\/v2\/tags?post=253431"}],"curies":[{"name":"wp","href":"https:\/\/api.w.org\/{rel}","templated":true}]}}