{"id":253433,"date":"2025-11-24T16:01:12","date_gmt":"2025-11-24T16:01:12","guid":{"rendered":"https:\/\/www.europesays.com\/es\/253433\/"},"modified":"2025-11-24T16:01:12","modified_gmt":"2025-11-24T16:01:12","slug":"maria-escote-opina-sobre-el-look-de-la-reina-sofia-y-letizia-en-el-palacio-real","status":"publish","type":"post","link":"https:\/\/www.europesays.com\/es\/253433\/","title":{"rendered":"Mar\u00eda Escot\u00e9 opina sobre el look de la Reina Sof\u00eda y Letizia en el Palacio Real"},"content":{"rendered":"<p>24\/11\/2025 a las 10:33h.<\/p>\n<p class=\"voc-save-news__paragraph\">Esta funcionalidad es s\u00f3lo para suscriptores<\/p>\n<p><a href=\"https:\/\/secure.abc.es\/suscripcion#vca=suscribete&amp;vso=abc&amp;vmc=on&amp;vli=comentarios-btn-flujo\" data-voc-vtm-id=\"comienzoSuscripcionON\" data-voc-vtm-info=\"btncomentar\" class=\"voc-btn voc-btn--w voc-btn--xs voc-save-news__btn\" rel=\"nofollow noopener\" target=\"_blank\"><br \/>\nSuscribete<br \/>\n<\/a><\/p>\n<p class=\"voc-p\" style=\"\">Esta semana ha sido una de las m\u00e1s especiales para la Reina Sof\u00eda, quien recib\u00eda el Tois\u00f3n de Oro de manos de su hijo, el Rey Felipe VI, por sus d\u00e9cadas de servicio, entrega y lealtad a nuestro pa\u00eds, en un acto que se celebr\u00f3  &#8230; en el Palacio Real y donde derroch\u00f3 complicidad con la Reina Letizia.<\/p>\n<p>\nArt\u00edculo solo para suscriptores\n<\/p>\n<p>Reportar un error<\/p>\n<p class=\"voc-save-news__paragraph\">Esta funcionalidad es s\u00f3lo para suscriptores<\/p>\n<p><a href=\"https:\/\/secure.abc.es\/suscripcion#vca=suscribete&amp;vso=abc&amp;vmc=on&amp;vli=comentarios-btn-flujo\" data-voc-vtm-id=\"comienzoSuscripcionON\" data-voc-vtm-info=\"btncomentar\" class=\"voc-btn voc-btn--w voc-btn--xs voc-save-news__btn\" rel=\"nofollow noopener\" target=\"_blank\"><br \/>\nSuscribete<br \/>\n<\/a><\/p>\n","protected":false},"excerpt":{"rendered":"24\/11\/2025 a las 10:33h. Esta funcionalidad es s\u00f3lo para suscriptores Suscribete Esta semana ha sido una de las&hellip;\n","protected":false},"author":2,"featured_media":253434,"comment_status":"","ping_status":"","sticky":false,"template":"","format":"standard","meta":{"footnotes":""},"categories":[174],"tags":[255,146,147,25,17059,24,256,11644,7486,1932,17332,6481,798,10717,57,11647,23],"class_list":{"0":"post-253433","1":"post","2":"type-post","3":"status-publish","4":"format-standard","5":"has-post-thumbnail","7":"category-famosos","8":"tag-celebrities","9":"tag-entertainment","10":"tag-entretenimiento","11":"tag-es","12":"tag-escote","13":"tag-espana","14":"tag-famosos","15":"tag-letizia","16":"tag-look","17":"tag-maria","18":"tag-opina","19":"tag-palacio","20":"tag-real","21":"tag-reina","22":"tag-sobre","23":"tag-sofia","24":"tag-spain"},"share_on_mastodon":{"url":"https:\/\/pubeurope.com\/@es\/115605516113322755","error":""},"_links":{"self":[{"href":"https:\/\/www.europesays.com\/es\/wp-json\/wp\/v2\/posts\/253433","targetHints":{"allow":["GET"]}}],"collection":[{"href":"https:\/\/www.europesays.com\/es\/wp-json\/wp\/v2\/posts"}],"about":[{"href":"https:\/\/www.europesays.com\/es\/wp-json\/wp\/v2\/types\/post"}],"author":[{"embeddable":true,"href":"https:\/\/www.europesays.com\/es\/wp-json\/wp\/v2\/users\/2"}],"replies":[{"embeddable":true,"href":"https:\/\/www.europesays.com\/es\/wp-json\/wp\/v2\/comments?post=253433"}],"version-history":[{"count":0,"href":"https:\/\/www.europesays.com\/es\/wp-json\/wp\/v2\/posts\/253433\/revisions"}],"wp:featuredmedia":[{"embeddable":true,"href":"https:\/\/www.europesays.com\/es\/wp-json\/wp\/v2\/media\/253434"}],"wp:attachment":[{"href":"https:\/\/www.europesays.com\/es\/wp-json\/wp\/v2\/media?parent=253433"}],"wp:term":[{"taxonomy":"category","embeddable":true,"href":"https:\/\/www.europesays.com\/es\/wp-json\/wp\/v2\/categories?post=253433"},{"taxonomy":"post_tag","embeddable":true,"href":"https:\/\/www.europesays.com\/es\/wp-json\/wp\/v2\/tags?post=253433"}],"curies":[{"name":"wp","href":"https:\/\/api.w.org\/{rel}","templated":true}]}}