{"id":253439,"date":"2025-11-24T16:05:11","date_gmt":"2025-11-24T16:05:11","guid":{"rendered":"https:\/\/www.europesays.com\/es\/253439\/"},"modified":"2025-11-24T16:05:11","modified_gmt":"2025-11-24T16:05:11","slug":"esta-banda-le-rinde-un-homenaje-con-un-tributo-en-diciembre","status":"publish","type":"post","link":"https:\/\/www.europesays.com\/es\/253439\/","title":{"rendered":"esta banda le rinde un homenaje con un tributo en diciembre"},"content":{"rendered":"<p class=\"voc-p\" style=\"\">Al hablar de grupos populares del siglo XX, vienen a la cabeza nombres como Queen, The Rolling Stones, Pink Floyd o, por supuesto, <strong>The Beatles<\/strong>. Un grupo que <strong>marc\u00f3 a la industria musical<\/strong> durante d\u00e9cadas. Es5te grupo brit\u00e1nico comenz\u00f3 a principios de los  &#8230; 60 integrado por cuatro artistas: John Lennon, Paul McCartney, George Harrison y Ringo Star. Este grupo alcanz\u00f3 el estrellato con \u00e1lbumes como Rubber Soul o Abbey Road considerados hitos en la <strong>cultura popular<\/strong> contempor\u00e1nea, elevando el estatus de m\u00fasica popular a una expresi\u00f3n del arte.<\/p>\n<p class=\"voc-p\" style=\"\">Este popular grupo form\u00f3 parte de la <strong>historia del arte musical<\/strong> a pesar de estar \u00fanicamente durante <strong>una d\u00e9cada en activo<\/strong>. En 1970 este grupo se disolvi\u00f3 por tensiones internas y problemas personales en cuanto al \u00e1mbito empresarial y musical. Tras el asesinato de <strong>John Lennon<\/strong> y la posterior muerte de George Harrison, solo dos de sus miembros contin\u00faan en activo en la actualidad.<\/p>\n<p class=\"voc-p\" style=\"\">Para poder <strong>recordar<\/strong> y <strong>homenajear<\/strong> a este legendario grupo a escala internacional, llega a <strong>Sevilla<\/strong> el &#8216;<strong>Beatles Monumental<\/strong>&#8216;. El motivo de este evento es el 60 aniversario del concierto de esta banda de m\u00fasica brit\u00e1nica en las plazas de toros de Madrid y Barcelona durante el a\u00f1o 1965. Esta ocasi\u00f3n ser\u00e1 presentada por <strong>La Banda de Late Motiv<\/strong>.<\/p>\n<p class=\"voc-p\" style=\"\">Este concierto tendr\u00e1 lugar el d\u00eda <strong>6 de diciembre<\/strong> y ser\u00e1 interpretado por Litus como cantante y guitarrista, Pablo Novoa siendo a su vez guitarrista, Coke Santos con la bater\u00eda, Mac Hern\u00e1ndez al bajo y \u00c9rika L\u00f3pez al mando del teclado. Consistiendo as\u00ed en una <strong>hora y media<\/strong> con los grandes \u00e9xitos de este grupo.<\/p>\n<ul class=\"oc-d-c-list__list\">\n<li class=\"voc-d-c-list__item\">\n<p class=\"voc-d-c-list__paragraph\">Fecha: 6 de diciembre<\/p>\n<\/li>\n<li class=\"voc-d-c-list__item\">\n<p class=\"voc-d-c-list__paragraph\">Horario: 21:00 horas<\/p>\n<\/li>\n<li class=\"voc-d-c-list__item\">\n<p class=\"voc-d-c-list__paragraph\">D\u00f3nde: Sala La2<\/p>\n<\/li>\n<li class=\"voc-d-c-list__item\">\n<p class=\"voc-d-c-list__paragraph\">Entrada: 16 euros<\/p>\n<\/li>\n<\/ul>\n<p>\nEntrada\n<\/p>\n<p class=\"voc-p\" style=\"\">El lugar reservado para este evento es en <strong>Sala La2<\/strong>, en la calle Jos\u00e9 D\u00edaz, en plena capital andaluza. La <strong>entrada<\/strong> tiene un precio estipulado de <strong>16 euros<\/strong> por persona con la que se podr\u00e1 acceder a partir de las 19:30 horas, comenzando el evento a las <strong>21:00 horas<\/strong> del d\u00eda indicado.<\/p>\n<p>\nArt\u00edculo solo para suscriptores\n<\/p>\n<p>Reportar un error<\/p>\n","protected":false},"excerpt":{"rendered":"Al hablar de grupos populares del siglo XX, vienen a la cabeza nombres como Queen, The Rolling Stones,&hellip;\n","protected":false},"author":2,"featured_media":253440,"comment_status":"","ping_status":"","sticky":false,"template":"","format":"standard","meta":{"footnotes":""},"categories":[170],"tags":[3677,8714,35329,146,147,25,24,6552,2518,184,185,3656,1171,23,3498,17173,1284,739],"class_list":{"0":"post-253439","1":"post","2":"type-post","3":"status-publish","4":"format-standard","5":"has-post-thumbnail","7":"category-musica","8":"tag-banda","9":"tag-beatles","10":"tag-diciembre","11":"tag-entertainment","12":"tag-entretenimiento","13":"tag-es","14":"tag-espana","15":"tag-homenaje","16":"tag-magia","17":"tag-music","18":"tag-musica","19":"tag-rinde","20":"tag-sevilla","21":"tag-spain","22":"tag-the","23":"tag-tributo","24":"tag-vivir","25":"tag-vuelve"},"share_on_mastodon":{"url":"https:\/\/pubeurope.com\/@es\/115605532100144387","error":""},"_links":{"self":[{"href":"https:\/\/www.europesays.com\/es\/wp-json\/wp\/v2\/posts\/253439","targetHints":{"allow":["GET"]}}],"collection":[{"href":"https:\/\/www.europesays.com\/es\/wp-json\/wp\/v2\/posts"}],"about":[{"href":"https:\/\/www.europesays.com\/es\/wp-json\/wp\/v2\/types\/post"}],"author":[{"embeddable":true,"href":"https:\/\/www.europesays.com\/es\/wp-json\/wp\/v2\/users\/2"}],"replies":[{"embeddable":true,"href":"https:\/\/www.europesays.com\/es\/wp-json\/wp\/v2\/comments?post=253439"}],"version-history":[{"count":0,"href":"https:\/\/www.europesays.com\/es\/wp-json\/wp\/v2\/posts\/253439\/revisions"}],"wp:featuredmedia":[{"embeddable":true,"href":"https:\/\/www.europesays.com\/es\/wp-json\/wp\/v2\/media\/253440"}],"wp:attachment":[{"href":"https:\/\/www.europesays.com\/es\/wp-json\/wp\/v2\/media?parent=253439"}],"wp:term":[{"taxonomy":"category","embeddable":true,"href":"https:\/\/www.europesays.com\/es\/wp-json\/wp\/v2\/categories?post=253439"},{"taxonomy":"post_tag","embeddable":true,"href":"https:\/\/www.europesays.com\/es\/wp-json\/wp\/v2\/tags?post=253439"}],"curies":[{"name":"wp","href":"https:\/\/api.w.org\/{rel}","templated":true}]}}