{"id":253456,"date":"2025-11-24T16:14:21","date_gmt":"2025-11-24T16:14:21","guid":{"rendered":"https:\/\/www.europesays.com\/es\/253456\/"},"modified":"2025-11-24T16:14:21","modified_gmt":"2025-11-24T16:14:21","slug":"igualdad-presenta-una-campana-para-concienciar-sobre-la-violencia-vicaria-el-25n","status":"publish","type":"post","link":"https:\/\/www.europesays.com\/es\/253456\/","title":{"rendered":"Igualdad presenta una campa\u00f1a para concienciar sobre la violencia vicaria el 25N"},"content":{"rendered":"<p>Concienciar y sensibilizar sobre la \u00abcrueldad\u00bb de la violencia vicaria, promover el \u00abrechazo social\u00bb y educar en la idea de que \u00ab<strong>un maltratador no puede ser un buen padre<\/strong>\u00bb es el principal objetivo de la campa\u00f1a institucional que ha lanzado este lunes el Ministerio de Igualdad con motivo del D\u00eda Internacional de la Eliminaci\u00f3n de la Violencia contra las Mujeres, que se celebra este martes 25 de noviembre. <\/p>\n<p>La ministra de Igualdad, <strong>Ana Redondo<\/strong>, y la delegada del Gobierno contra la Violencia de G\u00e9nero, <strong>Carmen Mart\u00ednez<\/strong>, han presentado una<strong> campa\u00f1a protagonizada por Ester Exp\u00f3sito<\/strong> &#8216;La b\u00fasqueda del tesoro&#8217; y que pone el foco en este tipo de violencia que ejercen los agresores contra su v\u00edctima a trav\u00e9s del da\u00f1o y maltrato a las personas que ellas m\u00e1s quieren, principalmente sus hijos e hijas. <\/p>\n<p>En el spot Exp\u00f3sito va narrando una dura historia sobre un padre que secuestra a una menor para hacer da\u00f1o a su expareja y en la que la actriz, por casualidad, se ve implicada. \u00c9l amenaza a su ex con no volver a ver a su hija si no vuelven a ser pareja. Es obra del escritor argentino Hern\u00e1n Casciari. <\/p>\n<p>65 ni\u00f1os y ni\u00f1as asesinadas por violencia vicaria<\/p>\n<p>Redondo ha recordado que 65 ni\u00f1os y ni\u00f1as han sido asesinados desde que existen registros de violencia vicaria en 2013 y que este 2025 ya son tres los muertos por este tipo de violencia de g\u00e9nero. <\/p>\n<p>\u00abEl asesinato es la punta del iceberg, pero hay numerosos casos de violencia vicaria en nuestra sociedad y es una realidad terrible y muchas veces soterrada y cotidiana\u00bb, ha afirmado la ministra, para poner en valor que Espa\u00f1a trabaja en una <strong>ley<\/strong> <strong>para establecer como un delito espec\u00edfico la violencia vicaria<\/strong>.<\/p>\n<p>La delegada del Gobierno ha destacado la importancia de esta campa\u00f1a para visibilizar este tipo de violencia de g\u00e9nero como una vulneraci\u00f3n de los derechos humanos y ha dicho que <strong>es una violencia \u00abque a veces no es visible, pero con da\u00f1os muy profundos y duraderos\u00bb<\/strong> con traumas en los peque\u00f1os que a veces no se superan.  <\/p>\n<p>\u00abEl efecto en la cotidianeidad de las v\u00edctimas es enorme y convierte cada d\u00eda en uno de miedo e incertidumbre\u00bb, ha a\u00f1adido Mart\u00ednez, quien ha puesto el foco en las \u00abse\u00f1ales de alerta\u00bb de que las que deben estar atentos los entornos m\u00e1s cercanos. <\/p>\n<p>Mart\u00ednez ha explicado que en el anuncio <strong>no se ve la violencia, pero se siente, y tampoco al agresor, aunque su presencia pesa todo el tiempo<\/strong>, como met\u00e1fora de la realidad que se da en los padres e hijos que viven esta situaci\u00f3n.<\/p>\n<p>Violencia vicaria, m\u00e1s \u00abcruenta\u00bb cuando la v\u00edctima pone distancia con su agresor<\/p>\n<p>La delegada del Gobierno contra la Violencia de G\u00e9nero ha explicado que la violencia vicaria se hace m\u00e1s \u00abcruenta\u00bb cuando la v\u00edctima pone distancia con su maltratador, que <strong>lo tiene \u00abf\u00e1cil\u00bb a trav\u00e9s de las custodias compartidas y los reg\u00edmenes de visitas a los hijos e hijas<\/strong>. <\/p>\n<p>Desde Igualdad buscan generar una mayor confianza en los servicios institucionales \u00abpara proteger a las mujeres y a su hijos\u00bb. <\/p>\n<p>\u00abNo se puede encontrar jam\u00e1s justificaci\u00f3n y silencio c\u00f3mplice. Como sociedad, debemos decir con una sola voz, alto y claro, que un maltratador no puede ser jam\u00e1s un buen padre. (&#8230;) No podemos como sociedad mirar hacia otro lado, <strong>cada gesto importa, cada llamada importa, cualquiera puede llamar al 016<\/strong>. Protejamos a la infancia, protejamos a las madres\u00bb, ha enfatizado.<\/p>\n<p>Pol\u00edticas del PSOE graban un v\u00eddeo repitiendo insultos que reciben: \u00abPuta\u00bb<\/p>\n<p>Por otro lado, varias ministras y pol\u00edticas del PSOE como Pilar Alegr\u00eda, Mar\u00eda Jes\u00fas Montero o Ana Redondo han grabado un v\u00eddeo pronunciando los insultos machistas que reciben a diario con motivo de este 25N.<\/p>\n<p><strong>\u00abP\u00e9inate\u00bb, \u00abCalladita est\u00e1s m\u00e1s guapa\u00bb, \u00abPuta\u00bb o \u00abA la cocina\u00bb<\/strong> son algunos de los insultos y expresiones m\u00e1s comunes que las dirigentes socialistas reciben <strong>por el hecho de ser mujeres y ocupar espacios de responsabilidad p\u00fablica<\/strong>, y que en la campa\u00f1a publicada este lunes reproducen mirando a c\u00e1mara.<\/p>\n<p>\u00abLa campa\u00f1a no busca provocar, sino mostrar una realidad que se suele maquillar, una violencia que convive con nosotros y que muchas veces se minimiza bajo la etiqueta de &#8216;cr\u00edticas&#8217;. Pero no son cr\u00edticas: son ataques que cuestionan su capacidad, su autoridad, su cuerpo o su libertad\u00bb, ha explicado el PSOE en un comunicado.<\/p>\n<p>El 016 atiende a todas las v\u00edctimas de violencia machista las 24 horas del d\u00eda y en 53 idiomas diferentes, al igual que el correo 016-online@igualdad.gob.es; tambi\u00e9n se presta atenci\u00f3n mediante WhatsApp a trav\u00e9s del n\u00famero 600000016, y los menores pueden dirigirse al tel\u00e9fono de la Fundaci\u00f3n ANAR 900 20 20 10.<\/p>\n<p>En una situaci\u00f3n de emergencia, se puede llamar al 112 o a los tel\u00e9fonos de la Polic\u00eda Nacional (091) y de la Guardia Civil (062) y en caso de no poder llamar se puede recurrir a la aplicaci\u00f3n ALERTCOPS, desde la que se env\u00eda una se\u00f1al de alerta a la Polic\u00eda con geolocalizaci\u00f3n. <\/p>\n","protected":false},"excerpt":{"rendered":"Concienciar y sensibilizar sobre la \u00abcrueldad\u00bb de la violencia vicaria, promover el \u00abrechazo social\u00bb y educar en la&hellip;\n","protected":false},"author":2,"featured_media":253457,"comment_status":"","ping_status":"","sticky":false,"template":"","format":"standard","meta":{"footnotes":""},"categories":[5],"tags":[17,18,25,24,13,14,11,19,20,9,10,15,16,23,12,21,22],"class_list":{"0":"post-253456","1":"post","2":"type-post","3":"status-publish","4":"format-standard","5":"has-post-thumbnail","7":"category-titulares","8":"tag-breaking-news","9":"tag-breakingnews","10":"tag-es","11":"tag-espana","12":"tag-featured-news","13":"tag-featurednews","14":"tag-headlines","15":"tag-latest-news","16":"tag-latestnews","17":"tag-news","18":"tag-noticias","19":"tag-noticias-destacadas","20":"tag-noticiasdestacadas","21":"tag-spain","22":"tag-titulares","23":"tag-ultimas-noticias","24":"tag-ultimasnoticias"},"share_on_mastodon":{"url":"https:\/\/pubeurope.com\/@es\/115605567098103096","error":""},"_links":{"self":[{"href":"https:\/\/www.europesays.com\/es\/wp-json\/wp\/v2\/posts\/253456","targetHints":{"allow":["GET"]}}],"collection":[{"href":"https:\/\/www.europesays.com\/es\/wp-json\/wp\/v2\/posts"}],"about":[{"href":"https:\/\/www.europesays.com\/es\/wp-json\/wp\/v2\/types\/post"}],"author":[{"embeddable":true,"href":"https:\/\/www.europesays.com\/es\/wp-json\/wp\/v2\/users\/2"}],"replies":[{"embeddable":true,"href":"https:\/\/www.europesays.com\/es\/wp-json\/wp\/v2\/comments?post=253456"}],"version-history":[{"count":0,"href":"https:\/\/www.europesays.com\/es\/wp-json\/wp\/v2\/posts\/253456\/revisions"}],"wp:featuredmedia":[{"embeddable":true,"href":"https:\/\/www.europesays.com\/es\/wp-json\/wp\/v2\/media\/253457"}],"wp:attachment":[{"href":"https:\/\/www.europesays.com\/es\/wp-json\/wp\/v2\/media?parent=253456"}],"wp:term":[{"taxonomy":"category","embeddable":true,"href":"https:\/\/www.europesays.com\/es\/wp-json\/wp\/v2\/categories?post=253456"},{"taxonomy":"post_tag","embeddable":true,"href":"https:\/\/www.europesays.com\/es\/wp-json\/wp\/v2\/tags?post=253456"}],"curies":[{"name":"wp","href":"https:\/\/api.w.org\/{rel}","templated":true}]}}