{"id":253458,"date":"2025-11-24T16:20:14","date_gmt":"2025-11-24T16:20:14","guid":{"rendered":"https:\/\/www.europesays.com\/es\/253458\/"},"modified":"2025-11-24T16:20:14","modified_gmt":"2025-11-24T16:20:14","slug":"totalenergies-arranca-su-ultimo-ano-con-rumores-infundados-sobre-el-jefe-del-proyecto-bernaudeau","status":"publish","type":"post","link":"https:\/\/www.europesays.com\/es\/253458\/","title":{"rendered":"TotalEnergies arranca su \u00faltimo a\u00f1o con rumores infundados sobre el jefe del proyecto: Bernaudeau"},"content":{"rendered":"<p>El equipo TotalEnergies afronta en 2026 la \u00faltima temporada con el patrocinio de esta gran empresa francesa. Los franceses, por tanto, est\u00e1n en pleno proceso de b\u00fasqueda de un nuevo sponsor principal. Y lo cierto es que antes incluso de empezar el a\u00f1o, ya viven problemas internos sobre la presencia y continuidad de su fundador: Jean-Ren\u00e9 Bernaudeau.<\/p>\n<p>La prensa europeo explic\u00f3 que<strong> Jean-Ren\u00e9 Bernaudeau<\/strong> hab\u00eda decidido jubilarse, que sus funciones iban a pasar a manos de <strong>Stephane Heulot<\/strong> despu\u00e9s de que Thomas Voeckler rechazarse ese ofrecimiento. Pero ahora es el propio equipo el que sale a desmentir la noticia. Y es que el equipo creado en el a\u00f1o 2000 es gestionado por la empresa SA Vend\u00e9e Cyclisme y son la voz m\u00e1s autorizada para explicar el futuro. Ellos mismos han afirmado en la nota de prensa: \u00abPara anticiparse a los importantes retos a los que se enfrentar\u00e1 el equipo TotalEnergies en los pr\u00f3ximos meses, se est\u00e1 llevando a cabo una <strong>revisi\u00f3n exhaustiva para reforzar la plantilla principal de la empresa<\/strong>. Por el momento no se ha tomado ninguna decisi\u00f3n\u00bb. Pero adem\u00e1s no dejan ninguna duda sobre el tema de Bernaudeau: \u00abTras la informaci\u00f3n publicada inicialmente en las p\u00e1ginas de Ouest-France y difundida en los medios de comunicaci\u00f3n, la SA Vend\u00e9e Cyclisme <strong>confirma la presencia de Jean-Ren\u00e9 Bernaudeau al frente de la empresa por vig\u00e9simo s\u00e9ptimo a\u00f1o consecutivo<\/strong>\u00ab.<\/p>\n<p>Por tanto, no sabemos qu\u00e9 pasar\u00e1 en la gesti\u00f3n del equipo TotalEnergies y la empresa SA Vend\u00e9e Cyclisme, pero no tiene ninguna l\u00f3gica que en el a\u00f1o en el que deben buscar patrocinador, Jean Ren\u00e9 Bernaudeau opte por jubilarse. S\u00ed que parece mucho m\u00e1s l\u00f3gico que Bernaudeau pueda ceder la gesti\u00f3n directa del d\u00eda a d\u00eda del equipo en manos de Heulot, pero tal vez incluso <strong>para centrarse en la b\u00fasqueda de patrocinadores<\/strong> y la consolidaci\u00f3n de una proyecto que tiene invitaci\u00f3n casi garantizada para el Tour de Francia y que es muy importante para el ciclismo profesional franc\u00e9s.<\/p>\n","protected":false},"excerpt":{"rendered":"El equipo TotalEnergies afronta en 2026 la \u00faltima temporada con el patrocinio de esta gran empresa francesa. Los&hellip;\n","protected":false},"author":2,"featured_media":140830,"comment_status":"","ping_status":"","sticky":false,"template":"","format":"standard","meta":{"footnotes":""},"categories":[273],"tags":[313,312,168,25,24,23,167],"class_list":{"0":"post-253458","1":"post","2":"type-post","3":"status-publish","4":"format-standard","5":"has-post-thumbnail","7":"category-ciclismo","8":"tag-ciclismo","9":"tag-cycling","10":"tag-deportes","11":"tag-es","12":"tag-espana","13":"tag-spain","14":"tag-sports"},"share_on_mastodon":{"url":"https:\/\/pubeurope.com\/@es\/115605590680392555","error":""},"_links":{"self":[{"href":"https:\/\/www.europesays.com\/es\/wp-json\/wp\/v2\/posts\/253458","targetHints":{"allow":["GET"]}}],"collection":[{"href":"https:\/\/www.europesays.com\/es\/wp-json\/wp\/v2\/posts"}],"about":[{"href":"https:\/\/www.europesays.com\/es\/wp-json\/wp\/v2\/types\/post"}],"author":[{"embeddable":true,"href":"https:\/\/www.europesays.com\/es\/wp-json\/wp\/v2\/users\/2"}],"replies":[{"embeddable":true,"href":"https:\/\/www.europesays.com\/es\/wp-json\/wp\/v2\/comments?post=253458"}],"version-history":[{"count":0,"href":"https:\/\/www.europesays.com\/es\/wp-json\/wp\/v2\/posts\/253458\/revisions"}],"wp:featuredmedia":[{"embeddable":true,"href":"https:\/\/www.europesays.com\/es\/wp-json\/wp\/v2\/media\/140830"}],"wp:attachment":[{"href":"https:\/\/www.europesays.com\/es\/wp-json\/wp\/v2\/media?parent=253458"}],"wp:term":[{"taxonomy":"category","embeddable":true,"href":"https:\/\/www.europesays.com\/es\/wp-json\/wp\/v2\/categories?post=253458"},{"taxonomy":"post_tag","embeddable":true,"href":"https:\/\/www.europesays.com\/es\/wp-json\/wp\/v2\/tags?post=253458"}],"curies":[{"name":"wp","href":"https:\/\/api.w.org\/{rel}","templated":true}]}}