{"id":253461,"date":"2025-11-24T16:23:10","date_gmt":"2025-11-24T16:23:10","guid":{"rendered":"https:\/\/www.europesays.com\/es\/253461\/"},"modified":"2025-11-24T16:23:10","modified_gmt":"2025-11-24T16:23:10","slug":"que-hara-el-espanyol-contra-el-sevilla-futbol-club","status":"publish","type":"post","link":"https:\/\/www.europesays.com\/es\/253461\/","title":{"rendered":"\u00bfQu\u00e9 har\u00e1 el Espanyol contra el Sevilla F\u00fatbol Club?"},"content":{"rendered":"<p class=\"tdm-descr\"><b>pericos.es<\/b> referente de la informaci\u00f3n del Espanyol. Forma parte del grupo Pericos en Radio Marca.<\/p>\n<p>Somos adem\u00e1s referencia dentro de la ondas blanquiazules con el programa de radio Pericos en Radio Marca que se emite todos los d\u00edas de 14:00 a 15:00 horas, dirigido por Jos\u00e9 Manuel Oliv\u00e1n.<\/p>\n<p>Adem\u00e1s tambi\u00e9n somos el programa m\u00e1s escuchado en las retransmisiones de todos los partidos del Espanyol.<\/p>\n","protected":false},"excerpt":{"rendered":"pericos.es referente de la informaci\u00f3n del Espanyol. Forma parte del grupo Pericos en Radio Marca. Somos adem\u00e1s referencia&hellip;\n","protected":false},"author":2,"featured_media":253462,"comment_status":"","ping_status":"","sticky":false,"template":"","format":"standard","meta":{"footnotes":""},"categories":[268],"tags":[168,25,24,280,282,281,23,167],"class_list":{"0":"post-253461","1":"post","2":"type-post","3":"status-publish","4":"format-standard","5":"has-post-thumbnail","7":"category-futbol","8":"tag-deportes","9":"tag-es","10":"tag-espana","11":"tag-football","12":"tag-futbol","13":"tag-soccer","14":"tag-spain","15":"tag-sports"},"share_on_mastodon":{"url":"https:\/\/pubeurope.com\/@es\/115605602695913236","error":""},"_links":{"self":[{"href":"https:\/\/www.europesays.com\/es\/wp-json\/wp\/v2\/posts\/253461","targetHints":{"allow":["GET"]}}],"collection":[{"href":"https:\/\/www.europesays.com\/es\/wp-json\/wp\/v2\/posts"}],"about":[{"href":"https:\/\/www.europesays.com\/es\/wp-json\/wp\/v2\/types\/post"}],"author":[{"embeddable":true,"href":"https:\/\/www.europesays.com\/es\/wp-json\/wp\/v2\/users\/2"}],"replies":[{"embeddable":true,"href":"https:\/\/www.europesays.com\/es\/wp-json\/wp\/v2\/comments?post=253461"}],"version-history":[{"count":0,"href":"https:\/\/www.europesays.com\/es\/wp-json\/wp\/v2\/posts\/253461\/revisions"}],"wp:featuredmedia":[{"embeddable":true,"href":"https:\/\/www.europesays.com\/es\/wp-json\/wp\/v2\/media\/253462"}],"wp:attachment":[{"href":"https:\/\/www.europesays.com\/es\/wp-json\/wp\/v2\/media?parent=253461"}],"wp:term":[{"taxonomy":"category","embeddable":true,"href":"https:\/\/www.europesays.com\/es\/wp-json\/wp\/v2\/categories?post=253461"},{"taxonomy":"post_tag","embeddable":true,"href":"https:\/\/www.europesays.com\/es\/wp-json\/wp\/v2\/tags?post=253461"}],"curies":[{"name":"wp","href":"https:\/\/api.w.org\/{rel}","templated":true}]}}