{"id":253489,"date":"2025-11-24T16:43:10","date_gmt":"2025-11-24T16:43:10","guid":{"rendered":"https:\/\/www.europesays.com\/es\/253489\/"},"modified":"2025-11-24T16:43:10","modified_gmt":"2025-11-24T16:43:10","slug":"andres-iniesta-rescata-al-equipo-ciclista-israel-premier-tech","status":"publish","type":"post","link":"https:\/\/www.europesays.com\/es\/253489\/","title":{"rendered":"Andr\u00e9s Iniesta rescata al equipo ciclista Israel-Premier Tech"},"content":{"rendered":"<p>La compa\u00f1\u00eda internacional de deportes y entretenimiento NSN (Never Say Never), cuyo cofundador es Andr\u00e9s Iniesta, junto con Stoneweg, la plataforma de inversi\u00f3n hispano-suiza, se han hecho con el control del <b><a title=\"equipo Israel-Premier Tech\" href=\"https:\/\/www.antena3.com\/noticias\/deportes\/ciclismo\/israel-premier-tech-planta-israel-nos-alejamos-identidad-asegurar-futuro-equipo_2025100668e3e619e81f41796939ede4.html\" target=\"_blank\" rel=\"nofollow noopener\">equipo Israel-Premier Tech<\/a><\/b>, que pasar\u00e1 a denominarse NSN Cycling Team. Seg\u00fan ha anunciado NSN en un comunicado, el equipo correr\u00e1 bajo bandera suiza, pero su estructura ser\u00e1 totalmente espa\u00f1ola, con sede entre Barcelona y Girona.<\/p>\n<p>\u00abLa adquisici\u00f3n de la licencia representa un compromiso para fortalecer la actual organizaci\u00f3n deportiva y directiva del equipo, formada por 170 personas, quienes tienen garantizada su participaci\u00f3n los pr\u00f3ximos tres a\u00f1os en el calendario UCI World Tour: Tour de Francia, Giro de Italia y La Vuelta a Espa\u00f1a\u00bb, se asegura en el comunicado.<\/p>\n<p>A principios de mes, Premier Tech, el grupo canadiense que prestaba su nombre al equipo Israel, anunci\u00f3 que retiraba su patrocinio al considerar que era \u00abinsostenible\u00bb continuar con el mismo por las <b><a title=\"continuas protestas a ra\u00edz del conflicto b\u00e9lico en Gaza\" href=\"https:\/\/www.antena3.com\/noticias\/deportes\/ciclismo\/protestas-israelpremier-tech-frenan-tres-ciclistas-ascenso-angliru_2025090568bb15efee9f0221df3c0aa7.html\" target=\"_blank\" rel=\"nofollow noopener\">continuas protestas a ra\u00edz del conflicto b\u00e9lico en Gaza<\/a><\/b>.<\/p>\n<p>Fuerte potencial de crecimiento global<\/p>\n<p>NSN defini\u00f3 al ciclismo como \u00abun deporte con un fuerte potencial de crecimiento global en los pr\u00f3ximos a\u00f1os, que representa valores muy alineados con la compa\u00f1\u00eda\u00bb. \u00abTambi\u00e9n valoran la oportunidad de fortalecer el panorama del ciclismo profesional y de apoyar a un equipo comprometido con el desarrollo de j\u00f3venes talentos\u00bb, indic\u00f3.<\/p>\n<p>\u00abGracias a esta operaci\u00f3n, NSN refuerza su papel en el \u00e1mbito del deporte y el entretenimiento a nivel mundial. Desde su fundaci\u00f3n hace siete a\u00f1os, la compa\u00f1\u00eda ha desarrollado proyectos en el mundo del f\u00fatbol, la m\u00fasica, la producci\u00f3n audiovisual, el marketing y la gesti\u00f3n de marcas y talentos\u00bb, destac\u00f3 la nota de prensa.<\/p>\n<p>\u00abEn 2025 ha organizado siete partidos amistosos en diferentes lugares del mundo, entre ellos, los tres encuentros de la gira latinoamericana del Inter Miami o dos Bar\u00e7a Legends-Real Madrid Leyendas en M\u00e9xico y El Salvador. Adem\u00e1s, NSN cuenta con un equipo en la Segunda Divisi\u00f3n de Dinamarca, el Helsingor FC, con una vertical de representaci\u00f3n de j\u00f3venes futbolistas y con una participaci\u00f3n mayoritaria en GUAVA, la empresa de bicicletas de gravel\u00bb, conclu\u00eda el texto.<\/p>\n<p>S\u00edguenos en nuestro <a title=\"canal de WhatsApp\" href=\"https:\/\/www.whatsapp.com\/channel\/0029Va6BhYH2phHPnlatwW3b\" target=\"_blank\" rel=\"nofollow noopener\"><strong>canal de WhatsApp<\/strong><\/a> y no te pierdas la \u00faltima hora y toda la actualidad en nuestro <b><a title=\"perfil de Google\" href=\"https:\/\/profile.google.com\/cp\/CgovbS8wMngwNnFy\" target=\"_blank\" rel=\"nofollow noopener\">perfil de Google<\/a>.<\/b><\/p>\n<p>   <img decoding=\"async\" title=\"Muere un monta\u00f1ero madrile\u00f1o de 53 a\u00f1os tras sufrir una ca\u00edda en el Pirineo aragon\u00e9s\" alt=\"Muere un monta\u00f1ero madrile\u00f1o de 53 a\u00f1os tras sufrir una ca\u00edda en el Pirineo aragon\u00e9s\" width=\"480\" height=\"270\" src=\"https:\/\/www.europesays.com\/es\/wp-content\/uploads\/2025\/11\/muere-montanero-madrileno-53-anos-sufrir-caida-pirineo-aragones_70.jpg\" loading=\"lazy\" class=\"lazy\"\/><\/p>\n","protected":false},"excerpt":{"rendered":"La compa\u00f1\u00eda internacional de deportes y entretenimiento NSN (Never Say Never), cuyo cofundador es Andr\u00e9s Iniesta, junto con&hellip;\n","protected":false},"author":2,"featured_media":253490,"comment_status":"","ping_status":"","sticky":false,"template":"","format":"standard","meta":{"footnotes":""},"categories":[273],"tags":[313,312,168,25,24,23,167],"class_list":{"0":"post-253489","1":"post","2":"type-post","3":"status-publish","4":"format-standard","5":"has-post-thumbnail","7":"category-ciclismo","8":"tag-ciclismo","9":"tag-cycling","10":"tag-deportes","11":"tag-es","12":"tag-espana","13":"tag-spain","14":"tag-sports"},"share_on_mastodon":{"url":"https:\/\/pubeurope.com\/@es\/115605681736046754","error":""},"_links":{"self":[{"href":"https:\/\/www.europesays.com\/es\/wp-json\/wp\/v2\/posts\/253489","targetHints":{"allow":["GET"]}}],"collection":[{"href":"https:\/\/www.europesays.com\/es\/wp-json\/wp\/v2\/posts"}],"about":[{"href":"https:\/\/www.europesays.com\/es\/wp-json\/wp\/v2\/types\/post"}],"author":[{"embeddable":true,"href":"https:\/\/www.europesays.com\/es\/wp-json\/wp\/v2\/users\/2"}],"replies":[{"embeddable":true,"href":"https:\/\/www.europesays.com\/es\/wp-json\/wp\/v2\/comments?post=253489"}],"version-history":[{"count":0,"href":"https:\/\/www.europesays.com\/es\/wp-json\/wp\/v2\/posts\/253489\/revisions"}],"wp:featuredmedia":[{"embeddable":true,"href":"https:\/\/www.europesays.com\/es\/wp-json\/wp\/v2\/media\/253490"}],"wp:attachment":[{"href":"https:\/\/www.europesays.com\/es\/wp-json\/wp\/v2\/media?parent=253489"}],"wp:term":[{"taxonomy":"category","embeddable":true,"href":"https:\/\/www.europesays.com\/es\/wp-json\/wp\/v2\/categories?post=253489"},{"taxonomy":"post_tag","embeddable":true,"href":"https:\/\/www.europesays.com\/es\/wp-json\/wp\/v2\/tags?post=253489"}],"curies":[{"name":"wp","href":"https:\/\/api.w.org\/{rel}","templated":true}]}}