{"id":253493,"date":"2025-11-24T16:46:18","date_gmt":"2025-11-24T16:46:18","guid":{"rendered":"https:\/\/www.europesays.com\/es\/253493\/"},"modified":"2025-11-24T16:46:18","modified_gmt":"2025-11-24T16:46:18","slug":"criticas-de-nosaltres-a-los-precios-y-la-coordinacion-de-la-animacion","status":"publish","type":"post","link":"https:\/\/www.europesays.com\/es\/253493\/","title":{"rendered":"Cr\u00edticas de \u2018Nosaltres\u2019 a los precios y la coordinaci\u00f3n de la animaci\u00f3n"},"content":{"rendered":"<p class=\"\"><b>El Bar\u00e7a volvi\u00f3 a jugar en el Camp Nou 909 d\u00edas despu\u00e9s.<\/b> El equipo cul\u00e9 lo hizo por todo lo alto goleando 4-0 al Athletic. El estadio est\u00e1 lejos de estar terminado. Todav\u00eda queda por hacer todo el tercer anillo y de los dos ya hechos, hay partes cerradas todav\u00eda al p\u00fablico. El pasado s\u00e1bado entraron un total de 45.000 espectadores. Lejos de los 105.000 que entrar\u00e1n cuando est\u00e9 terminado. <\/p>\n<p><a href=\"https:\/\/as.com\/resultados\/ficha\/equipo\/barcelona\/3\/\" rel=\"nofollow noopener\" target=\"_blank\"><img decoding=\"async\" src=\"https:\/\/www.europesays.com\/es\/wp-content\/uploads\/2025\/11\/1764002776_613_3.png\" alt=\"Cr\u00edticas de \u2018Nosaltres\u2019 a los precios y la coordinaci\u00f3n de la animaci\u00f3n\" height=\"80\" width=\"80\"  loading=\"lazy\" data-error-image=\"https:\/\/static.as.com\/dist\/resources\/images\/placeholder-team.png\"\/><\/a><\/p>\n<p class=\"\">Nosaltres, la plataforma que utiliza el candidato a la presidencia del Bar\u00e7a, V\u00edctor Font, ha sacado un comunicado despu\u00e9s del primer partido en el nuevo estadio: \u201c<b>Estamos muy contentos de regresar al estadio despu\u00e9s de tanto tiempo fuera. Aunque el estadio no est\u00e1 completamente terminado, ya se ve que ser\u00e1 una instalaci\u00f3n espectacular y de primer nivel mundial, <\/b>como corresponde a un club de la magnitud del Bar\u00e7a\u201d, afirma Carles Ordiales, miembro de Nosaltres y presidente de Seguiment FCB.<\/p>\n<p class=\"\">El comunicado critica los precios y la presencia de demasiados turistas: \u201c<b>Los precios actuales dificultan mucho el acceso del socio local al Camp Nou y eso provoca una presencia excesiva de turistas<\/b>, tal como ya pasaba en Montju\u00efc. <b>Este perfil de p\u00fablico, l\u00f3gicamente, no aporta la intensidad ni el compromiso necesarios para crear un ambiente y una presi\u00f3n constantes.<\/b> Sin la base social habitual, el estadio pierde fuerza, identidad y capacidad de empujar al equipo\u00bb.<\/p>\n<p><img decoding=\"async\" src=\"https:\/\/www.europesays.com\/es\/wp-content\/uploads\/2025\/11\/XNLFXJNAJZOETFHQSOG5QGKYUY.jpg\" alt=\"Cr\u00edticas de \u2018Nosaltres\u2019 a los precios y la coordinaci\u00f3n de la animaci\u00f3n\" height=\"4000\" width=\"6000\"   loading=\"lazy\"\/>22\/11\/25  PARTIDO PRIMERA DIVISION<br \/>\nFC BARCELONA &#8211; ATHLETIC DE BILBAO<br \/>\nVISTA INTERIOR ESTADIO CAMP NOU OBRAS<br \/>\nREGRESO SEGUIDORES FUEGOS ARTIFICIALES <\/p>\n<p>Rodolfo Molina<\/p>\n<p class=\"\">El comunicado asegura que la animaci\u00f3n en la vuelta al Camp Nou estuvo lejos de lo que esperan que sea: \u201cAhora mismo el ambiente est\u00e1 disperso: los c\u00e1nticos se inician en puntos diferentes y no tienen seguimiento. Sin coordinaci\u00f3n, lo que <b>se genera es un guirigay que impide que el Camp Nou sea la olla a presi\u00f3n que debe ser para ayudar al equipo<\/b>\u201d.<\/p>\n<p>Noticias relacionadas<\/p>\n<p class=\"\">Para finalizar el comunicado, piden que la grada de animaci\u00f3n tenga m\u00e1s presencia: \u201c<b>Es una gran oportunidad perdida y una l\u00e1stima que este regreso no haya servido para recuperar el espacio de animaci\u00f3n.<\/b> Era el momento perfecto para volver a poner en valor una grada que hab\u00eda demostrado sobradamente su utilidad y su impacto en el ambiente del campo.<b> No tiene sentido instalar lonas en las zonas destinadas a la animaci\u00f3n y, al mismo tiempo, dejar fuera del estadio a los miembros que forman parte de ese espacio\u00bb.<\/b><\/p>\n<p class=\"\"><b>\u00a1Tus opiniones importan!<\/b> Comenta en los art\u00edculos y suscr\u00edbete gratis a nuestra <a href=\"https:\/\/asfan.as.com\/newsletters\/\" target=\"_blank\" rel=\"nofollow noopener\" title=\"https:\/\/asfan.as.com\/newsletters\/\">newsletter<\/a> y a las alertas informativas en la <a href=\"https:\/\/as.com\/aplicacion-de-as-n\/\" target=\"_blank\" rel=\"nofollow noopener\" title=\"https:\/\/as.com\/aplicacion-de-as-n\/\">App<\/a> o el canal de <a href=\"https:\/\/www.whatsapp.com\/channel\/0029VaAasdA7j6g745nz9M10\" target=\"_blank\" rel=\"nofollow noopener\" title=\"https:\/\/www.whatsapp.com\/channel\/0029VaAasdA7j6g745nz9M10\">WhatsApp<\/a>. \u00bfBuscas licenciar contenido? Haz clic <a href=\"https:\/\/profesional.elpais.com\/soluciones-sindicacion?utm_medium=interno&amp;utm_source=crosslinking&amp;utm_campaign=sindicacion_as_pie_articulos\" target=\"_blank\" rel=\"nofollow noopener\" title=\"https:\/\/profesional.elpais.com\/soluciones-sindicacion?utm_medium=interno&amp;utm_source=crosslinking&amp;utm_campaign=sindicacion_as_pie_articulos\">aqu\u00ed<\/a><\/p>\n","protected":false},"excerpt":{"rendered":"El Bar\u00e7a volvi\u00f3 a jugar en el Camp Nou 909 d\u00edas despu\u00e9s. El equipo cul\u00e9 lo hizo por&hellip;\n","protected":false},"author":2,"featured_media":253494,"comment_status":"","ping_status":"","sticky":false,"template":"","format":"standard","meta":{"footnotes":""},"categories":[268],"tags":[168,25,24,280,282,281,23,167],"class_list":{"0":"post-253493","1":"post","2":"type-post","3":"status-publish","4":"format-standard","5":"has-post-thumbnail","7":"category-futbol","8":"tag-deportes","9":"tag-es","10":"tag-espana","11":"tag-football","12":"tag-futbol","13":"tag-soccer","14":"tag-spain","15":"tag-sports"},"share_on_mastodon":{"url":"https:\/\/pubeurope.com\/@es\/115605693560859045","error":""},"_links":{"self":[{"href":"https:\/\/www.europesays.com\/es\/wp-json\/wp\/v2\/posts\/253493","targetHints":{"allow":["GET"]}}],"collection":[{"href":"https:\/\/www.europesays.com\/es\/wp-json\/wp\/v2\/posts"}],"about":[{"href":"https:\/\/www.europesays.com\/es\/wp-json\/wp\/v2\/types\/post"}],"author":[{"embeddable":true,"href":"https:\/\/www.europesays.com\/es\/wp-json\/wp\/v2\/users\/2"}],"replies":[{"embeddable":true,"href":"https:\/\/www.europesays.com\/es\/wp-json\/wp\/v2\/comments?post=253493"}],"version-history":[{"count":0,"href":"https:\/\/www.europesays.com\/es\/wp-json\/wp\/v2\/posts\/253493\/revisions"}],"wp:featuredmedia":[{"embeddable":true,"href":"https:\/\/www.europesays.com\/es\/wp-json\/wp\/v2\/media\/253494"}],"wp:attachment":[{"href":"https:\/\/www.europesays.com\/es\/wp-json\/wp\/v2\/media?parent=253493"}],"wp:term":[{"taxonomy":"category","embeddable":true,"href":"https:\/\/www.europesays.com\/es\/wp-json\/wp\/v2\/categories?post=253493"},{"taxonomy":"post_tag","embeddable":true,"href":"https:\/\/www.europesays.com\/es\/wp-json\/wp\/v2\/tags?post=253493"}],"curies":[{"name":"wp","href":"https:\/\/api.w.org\/{rel}","templated":true}]}}